{"id":646948,"date":"2023-10-18T17:21:59","date_gmt":"2023-10-18T13:21:59","guid":{"rendered":"https:\/\/arantv.az\/?p=646948"},"modified":"2023-10-18T17:21:59","modified_gmt":"2023-10-18T13:21:59","slug":"s%c9%99fir-az%c9%99rbaycanin-erm%c9%99nistanin-%c9%99razisin%c9%99-daxil-olmasi-il%c9%99-bagli-ittihamlar-absurddur","status":"publish","type":"post","link":"https:\/\/arantv.az\/?p=646948","title":{"rendered":"S\u0259fir: \u201cAz\u0259rbaycan\u0131n Erm\u0259nistan\u0131n \u0259razisin\u0259 daxil olmas\u0131 il\u0259 ba\u011fl\u0131 ittihamlar absurddur\u201d"},"content":{"rendered":"<p>\u201cAz\u0259rbaycan\u0131n Erm\u0259nistan\u0131n \u0259razisin\u0259 daxil olmas\u0131 il\u0259 ba\u011fl\u0131 ittihamlar absurdur\u201d.<\/p>\n<p>\u201cReport\u201d\u00a0x\u0259b\u0259r verir ki, bunu Az\u0259rbaycan\u0131n T\u00fcrkiy\u0259d\u0259ki s\u0259firi R\u0259\u015fad M\u0259mm\u0259dov Ankarada \u201cQaraba\u011f z\u0259f\u0259rind\u0259n sonra Az\u0259rbaycan\u201d m\u00f6vzusunda ke\u00e7iril\u0259n paneld\u0259 \u00e7\u0131x\u0131\u015f\u0131 zaman\u0131 deyib.<\/p>\n<p>O bildirib ki, h\u0259l\u0259 s\u0259rh\u0259dl\u0259r m\u00fc\u0259yy\u0259nl\u0259\u015fm\u0259yib:<\/p>\n<p>\u201cKim iddia ed\u0259 bil\u0259r ki, Az\u0259rbaycan Erm\u0259nistan \u0259razisin\u0259 daxil olub? Bu, yanl\u0131\u015f d\u00fc\u015f\u00fcnc\u0259dir. S\u0259rh\u0259dl\u0259rin m\u00fc\u0259yy\u0259nl\u0259\u015fm\u0259sin\u0259 ehtiyac var. Bunun hans\u0131 x\u0259rit\u0259 \u0259sas\u0131nda apar\u0131laca\u011f\u0131 m\u00fc\u0259yy\u0259nl\u0259\u015fdirilm\u0259lidir\u201d.<\/p>\n<p>S\u0259fir qeyd edib ki, Az\u0259rbaycan\u0131n kims\u0259nin \u0259razisind\u0259 g\u00f6z\u00fc yoxdur:<\/p>\n<p>\u201cBiz d\u00fc\u015f\u00fcn\u00fcr\u00fck ki, C\u0259nubi Qafqaza s\u00fclh g\u0259lm\u0259lidir. Biz Qaraba\u011f erm\u0259nil\u0259rinin Az\u0259rbaycan v\u0259t\u0259nda\u015fl\u0131\u011f\u0131n\u0131 q\u0259bul edib torpaqlar\u0131m\u0131zda ya\u015famas\u0131n\u0131n t\u0259r\u0259fdar\u0131y\u0131q\u201d.<\/p>\n","protected":false},"excerpt":{"rendered":"<p>\u201cAz\u0259rbaycan\u0131n Erm\u0259nistan\u0131n \u0259razisin\u0259 daxil olmas\u0131 il\u0259 ba\u011fl\u0131 ittihamlar absurdur\u201d. \u201cReport\u201d\u00a0x\u0259b\u0259r verir ki, bunu Az\u0259rbaycan\u0131n T\u00fcrkiy\u0259d\u0259ki s\u0259firi R\u0259\u015fad M\u0259mm\u0259dov Ankarada \u201cQaraba\u011f z\u0259f\u0259rind\u0259n sonra Az\u0259rbaycan\u201d m\u00f6vzusunda ke\u00e7iril\u0259n paneld\u0259 \u00e7\u0131x\u0131\u015f\u0131 zaman\u0131 deyib. O bildirib ki, h\u0259l\u0259 s\u0259rh\u0259dl\u0259r m\u00fc\u0259yy\u0259nl\u0259\u015fm\u0259yib: \u201cKim iddia ed\u0259 bil\u0259r ki, Az\u0259rbaycan Erm\u0259nistan \u0259razisin\u0259 daxil olub? Bu, yanl\u0131\u015f d\u00fc\u015f\u00fcnc\u0259dir. S\u0259rh\u0259dl\u0259rin m\u00fc\u0259yy\u0259nl\u0259\u015fm\u0259sin\u0259 ehtiyac var. Bunun hans\u0131 x\u0259rit\u0259 \u0259sas\u0131nda apar\u0131laca\u011f\u0131 m\u00fc\u0259yy\u0259nl\u0259\u015fdirilm\u0259lidir\u201d. S\u0259fir qeyd edib ki, Az\u0259rbaycan\u0131n kims\u0259nin \u0259razisind\u0259 g\u00f6z\u00fc yoxdur: \u201cBiz d\u00fc\u015f\u00fcn\u00fcr\u00fck ki, C\u0259nubi Qafqaza s\u00fclh g\u0259lm\u0259lidir. Biz Qaraba\u011f erm\u0259nil\u0259rinin Az\u0259rbaycan v\u0259t\u0259nda\u015fl\u0131\u011f\u0131n\u0131 q\u0259bul edib torpaqlar\u0131m\u0131zda ya\u015famas\u0131n\u0131n t\u0259r\u0259fdar\u0131y\u0131q\u201d.<\/p>\n","protected":false},"author":2,"featured_media":646949,"comment_status":"closed","ping_status":"closed","sticky":false,"template":"","format":"standard","meta":{"om_disable_all_campaigns":false,"_monsterinsights_skip_tracking":false,"_monsterinsights_sitenote_active":false,"_monsterinsights_sitenote_note":"","_monsterinsights_sitenote_category":0},"categories":[4],"tags":[],"aioseo_notices":[],"gutentor_comment":0,"rttpg_featured_image_url":{"full":["https:\/\/arantv.az\/wp-content\/uploads\/2023\/10\/a7e6873a2bb1c0da1920a466cd100991.jpg",620,413,false],"landscape":["https:\/\/arantv.az\/wp-content\/uploads\/2023\/10\/a7e6873a2bb1c0da1920a466cd100991.jpg",620,413,false],"portraits":["https:\/\/arantv.az\/wp-content\/uploads\/2023\/10\/a7e6873a2bb1c0da1920a466cd100991.jpg",620,413,false],"thumbnail":["https:\/\/arantv.az\/wp-content\/uploads\/2023\/10\/a7e6873a2bb1c0da1920a466cd100991-500x280.jpg",500,280,true],"medium":["https:\/\/arantv.az\/wp-content\/uploads\/2023\/10\/a7e6873a2bb1c0da1920a466cd100991-548x365.jpg",548,365,true],"large":["https:\/\/arantv.az\/wp-content\/uploads\/2023\/10\/a7e6873a2bb1c0da1920a466cd100991.jpg",620,413,false],"1536x1536":["https:\/\/arantv.az\/wp-content\/uploads\/2023\/10\/a7e6873a2bb1c0da1920a466cd100991.jpg",620,413,false],"2048x2048":["https:\/\/arantv.az\/wp-content\/uploads\/2023\/10\/a7e6873a2bb1c0da1920a466cd100991.jpg",620,413,false],"post-thumbnail":["https:\/\/arantv.az\/wp-content\/uploads\/2023\/10\/a7e6873a2bb1c0da1920a466cd100991-240x172.jpg",240,172,true],"advps-thumb-one":["https:\/\/arantv.az\/wp-content\/uploads\/2023\/10\/a7e6873a2bb1c0da1920a466cd100991.jpg",620,413,false]},"rttpg_author":{"display_name":"V\u00fcsal Rafiqo\u011flu","author_link":"https:\/\/arantv.az\/?author=2"},"rttpg_comment":0,"rttpg_category":"<a href=\"https:\/\/arantv.az\/?cat=4\" rel=\"category\">Siyas\u0259t<\/a>","rttpg_excerpt":"\u201cAz\u0259rbaycan\u0131n Erm\u0259nistan\u0131n \u0259razisin\u0259 daxil olmas\u0131 il\u0259 ba\u011fl\u0131 ittihamlar absurdur\u201d. \u201cReport\u201d\u00a0x\u0259b\u0259r verir ki, bunu Az\u0259rbaycan\u0131n T\u00fcrkiy\u0259d\u0259ki s\u0259firi R\u0259\u015fad M\u0259mm\u0259dov Ankarada \u201cQaraba\u011f z\u0259f\u0259rind\u0259n sonra Az\u0259rbaycan\u201d m\u00f6vzusunda ke\u00e7iril\u0259n paneld\u0259 \u00e7\u0131x\u0131\u015f\u0131 zaman\u0131 deyib. O bildirib ki, h\u0259l\u0259 s\u0259rh\u0259dl\u0259r m\u00fc\u0259yy\u0259nl\u0259\u015fm\u0259yib: \u201cKim iddia ed\u0259 bil\u0259r ki, Az\u0259rbaycan Erm\u0259nistan \u0259razisin\u0259 daxil olub? Bu, yanl\u0131\u015f d\u00fc\u015f\u00fcnc\u0259dir. S\u0259rh\u0259dl\u0259rin m\u00fc\u0259yy\u0259nl\u0259\u015fm\u0259sin\u0259 ehtiyac var. Bunun hans\u0131 x\u0259rit\u0259&hellip;","_links":{"self":[{"href":"https:\/\/arantv.az\/index.php?rest_route=\/wp\/v2\/posts\/646948"}],"collection":[{"href":"https:\/\/arantv.az\/index.php?rest_route=\/wp\/v2\/posts"}],"about":[{"href":"https:\/\/arantv.az\/index.php?rest_route=\/wp\/v2\/types\/post"}],"author":[{"embeddable":true,"href":"https:\/\/arantv.az\/index.php?rest_route=\/wp\/v2\/users\/2"}],"replies":[{"embeddable":true,"href":"https:\/\/arantv.az\/index.php?rest_route=%2Fwp%2Fv2%2Fcomments&post=646948"}],"version-history":[{"count":0,"href":"https:\/\/arantv.az\/index.php?rest_route=\/wp\/v2\/posts\/646948\/revisions"}],"wp:featuredmedia":[{"embeddable":true,"href":"https:\/\/arantv.az\/index.php?rest_route=\/wp\/v2\/media\/646949"}],"wp:attachment":[{"href":"https:\/\/arantv.az\/index.php?rest_route=%2Fwp%2Fv2%2Fmedia&parent=646948"}],"wp:term":[{"taxonomy":"category","embeddable":true,"href":"https:\/\/arantv.az\/index.php?rest_route=%2Fwp%2Fv2%2Fcategories&post=646948"},{"taxonomy":"post_tag","embeddable":true,"href":"https:\/\/arantv.az\/index.php?rest_route=%2Fwp%2Fv2%2Ftags&post=646948"}],"curies":[{"name":"wp","href":"https:\/\/api.w.org\/{rel}","templated":true}]}}