{"id":646956,"date":"2023-10-18T17:23:59","date_gmt":"2023-10-18T13:23:59","guid":{"rendered":"https:\/\/arantv.az\/?p=646956"},"modified":"2023-10-18T17:23:59","modified_gmt":"2023-10-18T13:23:59","slug":"pes%c9%99kar-siyas%c9%99tci-boyuk-lider-qalib-s%c9%99rk%c9%99rd%c9%99-s%c9%99rh","status":"publish","type":"post","link":"https:\/\/arantv.az\/?p=646956","title":{"rendered":"Pe\u015f\u0259kar siyas\u0259t\u00e7i, b\u00f6y\u00fck lider, qalib s\u0259rk\u0259rd\u0259 &#8211; \u015e\u018fRH"},"content":{"rendered":"<p>Prezident\u00a0<strong>\u0130lham \u018fliyev\u00a0<\/strong>d\u00fcnya siyas\u0259t\u00e7il\u0259ri i\u00e7\u0259risind\u0259 unikall\u0131\u011f\u0131 il\u0259 se\u00e7ilir. \u018fsl pe\u015f\u0259kar siyas\u0259t\u00e7i, b\u00f6y\u00fck lider, s\u0259mimilik, d\u00fcr\u00fcstl\u00fck, q\u0259tiyy\u0259tlilik kimi anlay\u0131\u015flar \u0130lham \u018fliyevin xarakterind\u0259 v\u0259hd\u0259t \u015f\u0259klind\u0259 birl\u0259\u015fib.<\/p>\n<p>\u0130lham \u018fliyev h\u0259m d\u0259 qalib s\u0259rk\u0259rd\u0259dir, Ali Ba\u015f Komandan kimi onun \u00fcz\u0259rin\u0259 d\u00fc\u015f\u0259n v\u0259zif\u0259l\u0259ri icra etm\u0259si d\u00fcnyada heyr\u0259t yarad\u0131b. \u00c7\u00fcnki m\u00fcasir d\u00f6vrd\u0259 torpaqlar\u0131 i\u015f\u011faldan azad etm\u0259k, \u0259razi suverenliyini b\u0259rpa etm\u0259k h\u0259r siyas\u0259t\u00e7iy\u0259 n\u0259sib olmur.<\/p>\n<p>\u0130lham \u018fliyev is\u0259 uzaqg\u00f6r\u0259nliyi, m\u00fcst\u0259qil siyas\u0259ti, \u00f6z\u00fcn\u00fcn dediyi kimi, n\u0259yi n\u0259 zaman etm\u0259yi bilm\u0259si il\u0259 Az\u0259rbaycan\u0131 d\u00fcnya arenas\u0131na aln\u0131a\u00e7\u0131q, \u00fcz\u00fca\u011f \u00e7\u0131xar\u0131r.<\/p>\n<p>Prezident \u0130lham \u018fliyev m\u00fcst\u0259qil Az\u0259rbaycan\u0131 g\u00fccl\u00fc \u015f\u0259kild\u0259 inki\u015faf etdirdi, onun \u0259razi b\u00fct\u00f6vl\u00fcy\u00fcn\u00fc, suverenliyini t\u0259min etdi.<\/p>\n<p>\u0130lham \u018fliyevin qurdu\u011fu b\u00fct\u00f6v v\u0259 tarixin \u0259n g\u00fccl\u00fc Az\u0259rbaycan\u0131 bu g\u00fcn regionda lider d\u00f6vl\u0259t\u0259 \u00e7evrilib.<\/p>\n<p>Bu o q\u0259d\u0259r d\u0259 asan ba\u015fa g\u0259lm\u0259yib, \u0130lham \u018fliyev Az\u0259rbaycan\u0131 oyun\u00e7u s\u0259viyy\u0259sin\u0259 \u00e7atd\u0131rmaq \u00fc\u00e7\u00fcn \u00e7ox g\u0259rgin \u0259m\u0259k s\u0259rf edib.<\/p>\n<p>Bunlar\u0131 n\u0259z\u0259r\u0259 alsaq, Prezident \u0130lham \u018fliyevin d\u00fcnya s\u0259viyy\u0259li siyasi xadim, uzaqg\u00f6r\u0259n, prinsipial, q\u0259tiyy\u0259tli siyas\u0259t\u00e7i, v\u0259t\u0259np\u0259rv\u0259r, xalq\u0131 \u00fc\u00e7\u00fcn ya\u015fayan \u015f\u0259xsiyy\u0259t oldu\u011fu s\u00fcbuta yetirilmi\u015f olur.<\/p>\n<p>Az\u0259rbaycan qalibdir, i\u015f\u011fala qar\u015f\u0131 m\u00fcbariz\u0259d\u0259 Z\u0259f\u0259r qazan\u0131b. Bu, region \u00fc\u00e7\u00fcn d\u0259 \u0259h\u0259miyy\u0259tlidir. Regionda s\u00fclh ist\u0259y\u0259n d\u00f6vl\u0259tl\u0259r \u0130lham \u018fliyevin \u0259traf\u0131nda s\u0131x birl\u0259\u015fm\u0259lidirl\u0259r.<\/p>\n<p>Az\u0259rbaycan xalq\u0131 da \u0130lham \u018fliyevin siyas\u0259tin\u0259 d\u0259st\u0259k verir. X\u00fcsusil\u0259, \u0130lham \u018fliyevin q\u0259tiyy\u0259ti say\u0259sind\u0259 Az\u0259rbaycan \u0259razi b\u00fct\u00f6vl\u00fcy\u00fcn\u00fc v\u0259 suverenliyini b\u0259rpa etdikd\u0259n sonra bu d\u0259st\u0259k daha da \u0259d\u0259bil\u0259\u015fdi.<\/p>\n<p>Az\u0259rbaycan yax\u0131n ke\u00e7mi\u015fi d\u0259 unutmay\u0131b. AXC-M\u00fcsavat c\u00fctl\u00fcy\u00fcn\u00fcn hakimiyy\u0259ti d\u00f6vr\u00fcnd\u0259 \u00f6lk\u0259nin hans\u0131 v\u0259ziyy\u0259t\u0259 d\u00fc\u015fd\u00fcy\u00fcn\u00fc, d\u00f6vl\u0259tin m\u00fcst\u0259qilliyini itirm\u0259k t\u0259hl\u00fck\u0259si il\u0259 \u00fczl\u0259\u015fdiyini he\u00e7 kim unutmal\u0131 deyil.<\/p>\n<p>Xaos, \u00f6zba\u015f\u0131nal\u0131q h\u00f6km s\u00fcr\u00fcrd\u00fc. \u00d6lk\u0259nin torpaqlar\u0131 i\u015f\u011fal olunurdu, siyasi hakimiyy\u0259t is\u0259 xalqa yalan dan\u0131\u015f\u0131rd\u0131. Bo\u011fazdan yuxar\u0131 s\u00f6zl\u0259rl\u0259 \u00f6zl\u0259rini t\u0259miz\u0259 \u00e7\u0131xarma\u011fa \u00e7al\u0131\u015f\u0131rd\u0131. N\u0259tic\u0259 is\u0259 ac\u0131nacaql\u0131 idi. \u00d6lk\u0259d\u0259 ictimai, siyasi, iqtisadi, h\u0259rbi sah\u0259d\u0259 b\u00f6hran idi. El\u0259 bir b\u00f6hran ki, ham\u0131 itirirdi. Yegan\u0259 qazancl\u0131 is\u0259 bu durumu yaradan hakimiyy\u0259t idi. Onun da \u00f6mr\u00fc \u00e7ox uzun \u00e7\u0259km\u0259di v\u0259 xalq \u00fcmummilli lideri Heyd\u0259r \u018fliyevi hakimiyy\u0259t\u0259 d\u0259v\u0259t etm\u0259kl\u0259 AXC-M\u00fcsavat c\u00fctl\u00fcy\u00fcn\u0259 \u00f6z yerini g\u00f6st\u0259rdi.<\/p>\n<p>Yax\u015f\u0131 olar ki, indi h\u0259min hakimiyy\u0259tin \u015finelind\u0259n \u00e7\u0131xanlar, he\u00e7 olmasa, sakit dursunlar. Az\u0259rbaycan\u0131n q\u0259l\u0259b\u0259sin\u0259, \u0130lham \u018fliyevin b\u00f6y\u00fck \u015f\u0259xsiyy\u0259tin\u0259 k\u00f6lg\u0259 salma\u011fa \u00e7al\u0131\u015fmas\u0131nlar.<\/p>\n<p>B\u0259lk\u0259, onda daha ab\u0131rl\u0131 olarlar. Az\u0259rbaycan xalq\u0131 ke\u00e7mi\u015fi unutmur, ona g\u00f6r\u0259 d\u0259 kimin kim oldu\u011funu yax\u015f\u0131 bilir.<\/p>\n<p>\u00c7\u00fcnki \u0130lham \u018fliyev\u0259 inam var, o, b\u00fct\u00fcn s\u0131naqlardan \u00e7\u0131x\u0131b. D\u00f6vl\u0259ti qalib edib, xalq\u0131m\u0131z\u0131 qalib edib. Milli l\u0259yaq\u0259t v\u0259 q\u00fcrurumuzu b\u0259rpa edib. Bunu g\u00f6rm\u0259m\u0259k m\u0259n\u0259vi korluqdur.<\/p>\n","protected":false},"excerpt":{"rendered":"<p>Prezident\u00a0\u0130lham \u018fliyev\u00a0d\u00fcnya siyas\u0259t\u00e7il\u0259ri i\u00e7\u0259risind\u0259 unikall\u0131\u011f\u0131 il\u0259 se\u00e7ilir. \u018fsl pe\u015f\u0259kar siyas\u0259t\u00e7i, b\u00f6y\u00fck lider, s\u0259mimilik, d\u00fcr\u00fcstl\u00fck, q\u0259tiyy\u0259tlilik kimi anlay\u0131\u015flar \u0130lham \u018fliyevin xarakterind\u0259 v\u0259hd\u0259t \u015f\u0259klind\u0259 birl\u0259\u015fib. \u0130lham \u018fliyev h\u0259m d\u0259 qalib s\u0259rk\u0259rd\u0259dir, Ali Ba\u015f Komandan kimi onun \u00fcz\u0259rin\u0259 d\u00fc\u015f\u0259n v\u0259zif\u0259l\u0259ri icra etm\u0259si d\u00fcnyada heyr\u0259t yarad\u0131b. \u00c7\u00fcnki m\u00fcasir d\u00f6vrd\u0259 torpaqlar\u0131 i\u015f\u011faldan azad etm\u0259k, \u0259razi suverenliyini b\u0259rpa etm\u0259k h\u0259r siyas\u0259t\u00e7iy\u0259 n\u0259sib olmur. \u0130lham \u018fliyev is\u0259 uzaqg\u00f6r\u0259nliyi, m\u00fcst\u0259qil siyas\u0259ti, \u00f6z\u00fcn\u00fcn dediyi kimi, n\u0259yi n\u0259 zaman etm\u0259yi bilm\u0259si il\u0259 Az\u0259rbaycan\u0131 d\u00fcnya arenas\u0131na aln\u0131a\u00e7\u0131q, \u00fcz\u00fca\u011f \u00e7\u0131xar\u0131r. Prezident \u0130lham \u018fliyev m\u00fcst\u0259qil Az\u0259rbaycan\u0131 g\u00fccl\u00fc \u015f\u0259kild\u0259 inki\u015faf etdirdi, onun \u0259razi b\u00fct\u00f6vl\u00fcy\u00fcn\u00fc,&hellip;<\/p>\n","protected":false},"author":2,"featured_media":646960,"comment_status":"closed","ping_status":"closed","sticky":false,"template":"","format":"standard","meta":{"om_disable_all_campaigns":false,"_monsterinsights_skip_tracking":false,"_monsterinsights_sitenote_active":false,"_monsterinsights_sitenote_note":"","_monsterinsights_sitenote_category":0},"categories":[4],"tags":[],"aioseo_notices":[],"gutentor_comment":0,"rttpg_featured_image_url":{"full":["https:\/\/arantv.az\/wp-content\/uploads\/2023\/10\/FotoJet-26.jpg",620,413,false],"landscape":["https:\/\/arantv.az\/wp-content\/uploads\/2023\/10\/FotoJet-26.jpg",620,413,false],"portraits":["https:\/\/arantv.az\/wp-content\/uploads\/2023\/10\/FotoJet-26.jpg",620,413,false],"thumbnail":["https:\/\/arantv.az\/wp-content\/uploads\/2023\/10\/FotoJet-26-500x280.jpg",500,280,true],"medium":["https:\/\/arantv.az\/wp-content\/uploads\/2023\/10\/FotoJet-26-548x365.jpg",548,365,true],"large":["https:\/\/arantv.az\/wp-content\/uploads\/2023\/10\/FotoJet-26.jpg",620,413,false],"1536x1536":["https:\/\/arantv.az\/wp-content\/uploads\/2023\/10\/FotoJet-26.jpg",620,413,false],"2048x2048":["https:\/\/arantv.az\/wp-content\/uploads\/2023\/10\/FotoJet-26.jpg",620,413,false],"post-thumbnail":["https:\/\/arantv.az\/wp-content\/uploads\/2023\/10\/FotoJet-26-240x172.jpg",240,172,true],"advps-thumb-one":["https:\/\/arantv.az\/wp-content\/uploads\/2023\/10\/FotoJet-26.jpg",620,413,false]},"rttpg_author":{"display_name":"V\u00fcsal Rafiqo\u011flu","author_link":"https:\/\/arantv.az\/?author=2"},"rttpg_comment":0,"rttpg_category":"<a href=\"https:\/\/arantv.az\/?cat=4\" rel=\"category\">Siyas\u0259t<\/a>","rttpg_excerpt":"Prezident\u00a0\u0130lham \u018fliyev\u00a0d\u00fcnya siyas\u0259t\u00e7il\u0259ri i\u00e7\u0259risind\u0259 unikall\u0131\u011f\u0131 il\u0259 se\u00e7ilir. \u018fsl pe\u015f\u0259kar siyas\u0259t\u00e7i, b\u00f6y\u00fck lider, s\u0259mimilik, d\u00fcr\u00fcstl\u00fck, q\u0259tiyy\u0259tlilik kimi anlay\u0131\u015flar \u0130lham \u018fliyevin xarakterind\u0259 v\u0259hd\u0259t \u015f\u0259klind\u0259 birl\u0259\u015fib. \u0130lham \u018fliyev h\u0259m d\u0259 qalib s\u0259rk\u0259rd\u0259dir, Ali Ba\u015f Komandan kimi onun \u00fcz\u0259rin\u0259 d\u00fc\u015f\u0259n v\u0259zif\u0259l\u0259ri icra etm\u0259si d\u00fcnyada heyr\u0259t yarad\u0131b. \u00c7\u00fcnki m\u00fcasir d\u00f6vrd\u0259 torpaqlar\u0131 i\u015f\u011faldan azad etm\u0259k, \u0259razi suverenliyini b\u0259rpa etm\u0259k h\u0259r siyas\u0259t\u00e7iy\u0259&hellip;","_links":{"self":[{"href":"https:\/\/arantv.az\/index.php?rest_route=\/wp\/v2\/posts\/646956"}],"collection":[{"href":"https:\/\/arantv.az\/index.php?rest_route=\/wp\/v2\/posts"}],"about":[{"href":"https:\/\/arantv.az\/index.php?rest_route=\/wp\/v2\/types\/post"}],"author":[{"embeddable":true,"href":"https:\/\/arantv.az\/index.php?rest_route=\/wp\/v2\/users\/2"}],"replies":[{"embeddable":true,"href":"https:\/\/arantv.az\/index.php?rest_route=%2Fwp%2Fv2%2Fcomments&post=646956"}],"version-history":[{"count":0,"href":"https:\/\/arantv.az\/index.php?rest_route=\/wp\/v2\/posts\/646956\/revisions"}],"wp:featuredmedia":[{"embeddable":true,"href":"https:\/\/arantv.az\/index.php?rest_route=\/wp\/v2\/media\/646960"}],"wp:attachment":[{"href":"https:\/\/arantv.az\/index.php?rest_route=%2Fwp%2Fv2%2Fmedia&parent=646956"}],"wp:term":[{"taxonomy":"category","embeddable":true,"href":"https:\/\/arantv.az\/index.php?rest_route=%2Fwp%2Fv2%2Fcategories&post=646956"},{"taxonomy":"post_tag","embeddable":true,"href":"https:\/\/arantv.az\/index.php?rest_route=%2Fwp%2Fv2%2Ftags&post=646956"}],"curies":[{"name":"wp","href":"https:\/\/api.w.org\/{rel}","templated":true}]}}