{"id":647113,"date":"2023-10-18T20:12:54","date_gmt":"2023-10-18T16:12:54","guid":{"rendered":"https:\/\/arantv.az\/?p=647113"},"modified":"2023-10-18T20:12:54","modified_gmt":"2023-10-18T16:12:54","slug":"bas-nazir-%c9%99li-%c9%99s%c9%99dov-turkiy%c9%99nin-ali-m%c9%99hk%c9%99m%c9%99sinin-s%c9%99dri-il%c9%99-gorusub","status":"publish","type":"post","link":"https:\/\/arantv.az\/?p=647113","title":{"rendered":"Ba\u015f nazir \u018fli \u018fs\u0259dov T\u00fcrkiy\u0259nin Ali M\u0259hk\u0259m\u0259sinin s\u0259dri il\u0259 g\u00f6r\u00fc\u015f\u00fcb"},"content":{"rendered":"<p>Az\u0259rbaycan Respublikas\u0131n\u0131n Ba\u015f naziri \u018fli \u018fs\u0259dov T\u00fcrkiy\u0259 Respublikas\u0131 Ali M\u0259hk\u0259m\u0259sinin s\u0259dri Mehmet Akarcan\u0131n r\u0259hb\u0259rlik etdiyi n\u00fcmay\u0259nd\u0259 hey\u0259ti il\u0259 g\u00f6r\u00fc\u015f\u00fcb.<\/p>\n<p>Bu bar\u0259d\u0259 Nazirl\u0259r Kabinetinin M\u0259tbuat Xidm\u0259ti m\u0259lumat yay\u0131b.<\/p>\n<p>G\u00f6r\u00fc\u015f zaman\u0131 iki \u00f6lk\u0259 aras\u0131nda qarda\u015fl\u0131q v\u0259 m\u00fctt\u0259fiqlik \u0259laq\u0259l\u0259rinin b\u00fct\u00fcn sah\u0259l\u0259rd\u0259 u\u011furla inki\u015faf etdiyi m\u0259mnunluqla qeyd olundu.<\/p>\n<p>Ba\u015f nazir cari ilin Az\u0259rbaycan xalq\u0131n\u0131n \u00fcmummilli lideri Heyd\u0259r \u018fliyevin anadan olmas\u0131n\u0131n v\u0259 T\u00fcrkiy\u0259 C\u00fcmhuriyy\u0259tinin qurulmas\u0131n\u0131n 100-c\u00fc ild\u00f6n\u00fcm\u00fc il\u0259 h\u0259r iki \u00f6lk\u0259 \u00fc\u00e7\u00fcn x\u00fcsusil\u0259 \u0259lam\u0259tdar oldu\u011funu bildirdi.<\/p>\n<p>T\u00fcrkiy\u0259 Ali M\u0259hk\u0259m\u0259si s\u0259drinin \u015eu\u015fada ke\u00e7iril\u0259c\u0259k ulu \u00f6nd\u0259r Heyd\u0259r \u018fliyevin 100 illik yubileyin\u0259 h\u0259sr olunmu\u015f beyn\u0259lxalq konfransda v\u0259 T\u00fcrk D\u00f6vl\u0259tl\u0259ri Ali M\u0259hk\u0259m\u0259l\u0259rinin Konfrans\u0131n\u0131n t\u0259sis y\u0131\u011f\u0131nca\u011f\u0131nda i\u015ftirak\u0131n\u0131n \u00f6n\u0259mi x\u00fcsusi vur\u011fuland\u0131.<\/p>\n<p>Qeyd edildi ki, Az\u0259rbaycan-T\u00fcrkiy\u0259 m\u00fcnasib\u0259tl\u0259ri m\u00fcasir m\u0259rh\u0259l\u0259d\u0259 h\u0259r iki \u00f6lk\u0259nin liderl\u0259ri &#8211;\u00a0<strong>\u0130lham \u018fliyevin<\/strong>\u00a0v\u0259 R\u0259c\u0259b Tayyib \u018frdo\u011fan\u0131n r\u0259hb\u0259rliyi il\u0259 h\u0259rt\u0259r\u0259fli inki\u015faf ed\u0259r\u0259k strateji t\u0259r\u0259fda\u015fl\u0131\u011f\u0131n v\u0259 m\u00fctt\u0259fiqliyin \u0259n y\u00fcks\u0259k zirv\u0259sin\u0259 \u00e7at\u0131b.<\/p>\n<p>T\u0259r\u0259fl\u0259r T\u00fcrkiy\u0259 Prezidentinin \u00f6t\u0259n ay Nax\u00e7\u0131van Muxtar Respublikas\u0131na s\u0259f\u0259rinin qarda\u015f \u00f6lk\u0259l\u0259r aras\u0131nda \u0259laq\u0259l\u0259rin b\u00fct\u00fcn sah\u0259l\u0259rd\u0259 daha da s\u00fcr\u0259tli inki\u015faf\u0131na m\u00fch\u00fcm t\u00f6hf\u0259 ver\u0259c\u0259yin\u0259 \u0259minlik ifad\u0259 etdil\u0259r. Bu bax\u0131mdan d\u00f6vl\u0259t ba\u015f\u00e7\u0131lar\u0131n\u0131n \u0130\u011fd\u0131r-Nax\u00e7\u0131van qaz k\u0259m\u0259rinin t\u0259m\u0259linin qoyulmas\u0131 m\u0259rasimind\u0259 i\u015ftirak\u0131, eyni zamanda iki \u00f6lk\u0259 aras\u0131nda imzalanm\u0131\u015f Qars-Nax\u00e7\u0131van d\u0259mir yolu layih\u0259sin\u0259 dair Niyy\u0259t Protokolunun v\u0259 T\u00fcrkiy\u0259nin Kahramanmara\u015f vilay\u0259tind\u0259 ya\u015fay\u0131\u015f binalar\u0131, ibtidai m\u0259kt\u0259b, u\u015faq ba\u011f\u00e7as\u0131 v\u0259 m\u0259d\u0259niyy\u0259t m\u0259rk\u0259zinin tikintisi haqq\u0131nda \u018fm\u0259kda\u015fl\u0131q Sazi\u015finin \u0259h\u0259miyy\u0259ti qeyd edildi.<\/p>\n<p>Az\u0259rbaycan-T\u00fcrkiy\u0259 Strateji \u018fm\u0259kda\u015fl\u0131q \u015euras\u0131n\u0131n, h\u0259m\u00e7inin Birg\u0259 H\u00f6kum\u0259tl\u0259raras\u0131 Komissiyan\u0131n iclaslar\u0131nda q\u0259bul edil\u0259n q\u0259rarlar\u0131n effektiv icras\u0131n\u0131 m\u00fch\u00fcm faktor kimi d\u0259y\u0259rl\u0259ndir\u0259n \u018f.\u018fs\u0259dov, cari ilin 9 ay\u0131nda ticar\u0259t d\u00f6vriyy\u0259sinin 42% artaraq rekord m\u0259bl\u0259\u011f\u0259 \u00e7atmas\u0131n\u0131n sevindirici hal oldu\u011funu qeyd etdi.<\/p>\n<p>Az\u0259rbaycan il\u0259 T\u00fcrkiy\u0259nin m\u0259hk\u0259m\u0259-h\u00fcquq sisteml\u0259ri aras\u0131nda m\u00fcnasib\u0259tl\u0259rin u\u011furlu inki\u015faf\u0131ndan m\u0259mnunluq ifad\u0259 olundu.<\/p>\n<p>M\u0259hk\u0259m\u0259-h\u00fcquq orqanlar\u0131 aras\u0131nda \u0259m\u0259kda\u015fl\u0131\u011f\u0131n h\u0259m ikit\u0259r\u0259fli formatda, h\u0259m d\u0259 beyn\u0259lxalq t\u0259\u015fkilatlar \u00e7\u0259r\u00e7iv\u0259sind\u0259 davam etdirilm\u0259sinin, m\u00fct\u0259madi qaydada t\u0259cr\u00fcb\u0259 m\u00fcdabil\u0259sinin apar\u0131lmas\u0131n\u0131n h\u0259r iki t\u0259r\u0259f \u00fc\u00e7\u00fcn faydal\u0131 olaca\u011f\u0131 qeyd edildi.<\/p>\n<p>G\u00f6r\u00fc\u015fd\u0259 h\u0259m\u00e7inin iki \u00f6lk\u0259 aras\u0131nda s\u0259rmay\u0259l\u0259rin qoyulu\u015fu, enerji, n\u0259qliyyat-tranzit v\u0259 bir \u00e7ox dig\u0259r sah\u0259l\u0259rd\u0259 \u0259m\u0259kda\u015fl\u0131\u011f\u0131n geni\u015fl\u0259ndirilm\u0259si perspektivl\u0259ri m\u00fczakir\u0259 olundu.<\/p>\n","protected":false},"excerpt":{"rendered":"<p>Az\u0259rbaycan Respublikas\u0131n\u0131n Ba\u015f naziri \u018fli \u018fs\u0259dov T\u00fcrkiy\u0259 Respublikas\u0131 Ali M\u0259hk\u0259m\u0259sinin s\u0259dri Mehmet Akarcan\u0131n r\u0259hb\u0259rlik etdiyi n\u00fcmay\u0259nd\u0259 hey\u0259ti il\u0259 g\u00f6r\u00fc\u015f\u00fcb. Bu bar\u0259d\u0259 Nazirl\u0259r Kabinetinin M\u0259tbuat Xidm\u0259ti m\u0259lumat yay\u0131b. G\u00f6r\u00fc\u015f zaman\u0131 iki \u00f6lk\u0259 aras\u0131nda qarda\u015fl\u0131q v\u0259 m\u00fctt\u0259fiqlik \u0259laq\u0259l\u0259rinin b\u00fct\u00fcn sah\u0259l\u0259rd\u0259 u\u011furla inki\u015faf etdiyi m\u0259mnunluqla qeyd olundu. Ba\u015f nazir cari ilin Az\u0259rbaycan xalq\u0131n\u0131n \u00fcmummilli lideri Heyd\u0259r \u018fliyevin anadan olmas\u0131n\u0131n v\u0259 T\u00fcrkiy\u0259 C\u00fcmhuriyy\u0259tinin qurulmas\u0131n\u0131n 100-c\u00fc ild\u00f6n\u00fcm\u00fc il\u0259 h\u0259r iki \u00f6lk\u0259 \u00fc\u00e7\u00fcn x\u00fcsusil\u0259 \u0259lam\u0259tdar oldu\u011funu bildirdi. T\u00fcrkiy\u0259 Ali M\u0259hk\u0259m\u0259si s\u0259drinin \u015eu\u015fada ke\u00e7iril\u0259c\u0259k ulu \u00f6nd\u0259r Heyd\u0259r \u018fliyevin 100 illik yubileyin\u0259 h\u0259sr olunmu\u015f beyn\u0259lxalq konfransda v\u0259 T\u00fcrk&hellip;<\/p>\n","protected":false},"author":2,"featured_media":647116,"comment_status":"closed","ping_status":"closed","sticky":false,"template":"","format":"standard","meta":{"om_disable_all_campaigns":false,"_monsterinsights_skip_tracking":false,"_monsterinsights_sitenote_active":false,"_monsterinsights_sitenote_note":"","_monsterinsights_sitenote_category":0},"categories":[4],"tags":[],"aioseo_notices":[],"gutentor_comment":0,"rttpg_featured_image_url":{"full":["https:\/\/arantv.az\/wp-content\/uploads\/2023\/10\/1322cbbf-a6f2-358b-960c-39017e069f33_850.jpg",620,413,false],"landscape":["https:\/\/arantv.az\/wp-content\/uploads\/2023\/10\/1322cbbf-a6f2-358b-960c-39017e069f33_850.jpg",620,413,false],"portraits":["https:\/\/arantv.az\/wp-content\/uploads\/2023\/10\/1322cbbf-a6f2-358b-960c-39017e069f33_850.jpg",620,413,false],"thumbnail":["https:\/\/arantv.az\/wp-content\/uploads\/2023\/10\/1322cbbf-a6f2-358b-960c-39017e069f33_850-500x280.jpg",500,280,true],"medium":["https:\/\/arantv.az\/wp-content\/uploads\/2023\/10\/1322cbbf-a6f2-358b-960c-39017e069f33_850-548x365.jpg",548,365,true],"large":["https:\/\/arantv.az\/wp-content\/uploads\/2023\/10\/1322cbbf-a6f2-358b-960c-39017e069f33_850.jpg",620,413,false],"1536x1536":["https:\/\/arantv.az\/wp-content\/uploads\/2023\/10\/1322cbbf-a6f2-358b-960c-39017e069f33_850.jpg",620,413,false],"2048x2048":["https:\/\/arantv.az\/wp-content\/uploads\/2023\/10\/1322cbbf-a6f2-358b-960c-39017e069f33_850.jpg",620,413,false],"post-thumbnail":["https:\/\/arantv.az\/wp-content\/uploads\/2023\/10\/1322cbbf-a6f2-358b-960c-39017e069f33_850-240x172.jpg",240,172,true],"advps-thumb-one":["https:\/\/arantv.az\/wp-content\/uploads\/2023\/10\/1322cbbf-a6f2-358b-960c-39017e069f33_850.jpg",620,413,false]},"rttpg_author":{"display_name":"V\u00fcsal Rafiqo\u011flu","author_link":"https:\/\/arantv.az\/?author=2"},"rttpg_comment":0,"rttpg_category":"<a href=\"https:\/\/arantv.az\/?cat=4\" rel=\"category\">Siyas\u0259t<\/a>","rttpg_excerpt":"Az\u0259rbaycan Respublikas\u0131n\u0131n Ba\u015f naziri \u018fli \u018fs\u0259dov T\u00fcrkiy\u0259 Respublikas\u0131 Ali M\u0259hk\u0259m\u0259sinin s\u0259dri Mehmet Akarcan\u0131n r\u0259hb\u0259rlik etdiyi n\u00fcmay\u0259nd\u0259 hey\u0259ti il\u0259 g\u00f6r\u00fc\u015f\u00fcb. Bu bar\u0259d\u0259 Nazirl\u0259r Kabinetinin M\u0259tbuat Xidm\u0259ti m\u0259lumat yay\u0131b. G\u00f6r\u00fc\u015f zaman\u0131 iki \u00f6lk\u0259 aras\u0131nda qarda\u015fl\u0131q v\u0259 m\u00fctt\u0259fiqlik \u0259laq\u0259l\u0259rinin b\u00fct\u00fcn sah\u0259l\u0259rd\u0259 u\u011furla inki\u015faf etdiyi m\u0259mnunluqla qeyd olundu. Ba\u015f nazir cari ilin Az\u0259rbaycan xalq\u0131n\u0131n \u00fcmummilli lideri Heyd\u0259r \u018fliyevin anadan&hellip;","_links":{"self":[{"href":"https:\/\/arantv.az\/index.php?rest_route=\/wp\/v2\/posts\/647113"}],"collection":[{"href":"https:\/\/arantv.az\/index.php?rest_route=\/wp\/v2\/posts"}],"about":[{"href":"https:\/\/arantv.az\/index.php?rest_route=\/wp\/v2\/types\/post"}],"author":[{"embeddable":true,"href":"https:\/\/arantv.az\/index.php?rest_route=\/wp\/v2\/users\/2"}],"replies":[{"embeddable":true,"href":"https:\/\/arantv.az\/index.php?rest_route=%2Fwp%2Fv2%2Fcomments&post=647113"}],"version-history":[{"count":0,"href":"https:\/\/arantv.az\/index.php?rest_route=\/wp\/v2\/posts\/647113\/revisions"}],"wp:featuredmedia":[{"embeddable":true,"href":"https:\/\/arantv.az\/index.php?rest_route=\/wp\/v2\/media\/647116"}],"wp:attachment":[{"href":"https:\/\/arantv.az\/index.php?rest_route=%2Fwp%2Fv2%2Fmedia&parent=647113"}],"wp:term":[{"taxonomy":"category","embeddable":true,"href":"https:\/\/arantv.az\/index.php?rest_route=%2Fwp%2Fv2%2Fcategories&post=647113"},{"taxonomy":"post_tag","embeddable":true,"href":"https:\/\/arantv.az\/index.php?rest_route=%2Fwp%2Fv2%2Ftags&post=647113"}],"curies":[{"name":"wp","href":"https:\/\/api.w.org\/{rel}","templated":true}]}}