{"id":64716,"date":"2019-06-07T12:02:22","date_gmt":"2019-06-07T09:02:22","guid":{"rendered":"http:\/\/arantv.az\/?p=64716"},"modified":"2019-06-07T12:02:22","modified_gmt":"2019-06-07T09:02:22","slug":"qilincoynatma-uzr%c9%99-millimiz-antalyada-avropa-cempionatina-hazirlasir","status":"publish","type":"post","link":"https:\/\/arantv.az\/?p=64716","title":{"rendered":"Q\u0131l\u0131ncoynatma \u00fczr\u0259 millimiz Antalyada Avropa \u00e7empionat\u0131na haz\u0131rla\u015f\u0131r"},"content":{"rendered":"<p>Az\u0259rbaycan\u0131n q\u0131l\u0131ncoynatma \u00fczr\u0259 milli komandas\u0131 haz\u0131rda T\u00fcrkiy\u0259nin Antalya \u015f\u0259h\u0259rind\u0259 t\u0259lim-m\u0259\u015fq toplan\u0131\u015f\u0131ndad\u0131r.<\/p>\n<p><strong>ARANTV.AZ<\/strong>-\u0131n x\u0259b\u0259rin\u0259 g\u00f6r\u0259, q\u0131l\u0131ncoynatman\u0131n sablya n\u00f6v\u00fc \u00fczr\u0259 komandam\u0131z iyunun 5-d\u0259n etibar\u0259n haz\u0131rl\u0131qlara ba\u015flay\u0131b.<\/p>\n<p>Haz\u0131rl\u0131qlar 10 g\u00fcn davam ed\u0259c\u0259k v\u0259 ay\u0131n 15-d\u0259 yekunla\u015facaq.<\/p>\n<p><em><strong>B\u0259s millimiz hans\u0131 yar\u0131\u015fa haz\u0131rla\u015f\u0131r?<\/strong><\/em><\/p>\n<p>Buna millimizin ba\u015f m\u0259\u015fq\u00e7isi \u00c7ingiz Mustafayev vasit\u0259sil\u0259 ayd\u0131nl\u0131q g\u0259tirm\u0259y\u0259 \u00e7al\u0131\u015fd\u0131q:<\/p>\n<p>\u201cBu haz\u0131rl\u0131q iyunun 17-d\u0259 ba\u015flayacaq Avropa \u00e7empionat\u0131 \u00fc\u00e7\u00fcn n\u0259z\u0259rd\u0259 tutulub. Almaniyan\u0131n D\u00fcsseldorf \u015f\u0259h\u0259rind\u0259 ke\u00e7iril\u0259c\u0259k v\u0259 iyunun 22-d\u0259k davam ed\u0259c\u0259k bu qit\u0259 birinciliyind\u0259 h\u0259m f\u0259rdi, h\u0259m d\u0259 komanda \u015f\u0259klind\u0259 m\u00fcbariz\u0259 aparaca\u011f\u0131q. Bu Avropa \u00e7empionat\u0131 Tokio Olimpiadas\u0131na lisenziya xal\u0131 ver\u0259c\u0259k\u201d.<\/p>\n<p><img src=\"https:\/\/assets.oxu.az\/uploads\/W1siZiIsIjIwMTkvMDYvMDcvMTIvMTgvMTYvM2VhYzE2MTAtNTA2Yi00NGY1LTgzZDQtOTNiZmYyMjEyMGViLzE1Mzg3NDgyMjc0NTg2MzMwNTA0XzEyMDB4NjMwLmpwZyJdLFsicCIsImVuY29kZSIsImpwZyIsIi1xdWFsaXR5IDgwIl0sWyJwIiwidGh1bWIiLCI1OTB4NTkwXHUwMDNlIl1d?sha=1507404a48a9369e\" alt=\"\" \/><\/p>\n<p>Y\u0131\u011fmam\u0131z\u0131n \u00e7al\u0131\u015fd\u0131r\u0131c\u0131s\u0131 toplan\u0131\u015fda i\u015ftirak ed\u0259n idman\u00e7\u0131lar\u0131n adlar\u0131n\u0131 da a\u00e7\u0131qlay\u0131b:<\/p>\n<p>\u201cAnna Ba\u015fta, Valeriya Bol\u015fakova, S\u0259bin\u0259 K\u0259rimova, Sevil B\u00fcnyadova, Cavan\u015fir A\u011faki\u015fiyev v\u0259 Z\u0259rif\u0259 H\u00fcseynova il\u0259 haz\u0131rl\u0131qlara qat\u0131lm\u0131\u015f\u0131q.\u00a0\u0130lk \u00fc\u00e7 qad\u0131n sablya\u00e7\u0131m\u0131z Avropa \u00e7empionat\u0131nda i\u015ftirak ed\u0259c\u0259k. Cavan\u015fir is\u0259 iyulun 3-d\u0259n iyulun 14-d\u0259k \u0130taliyan\u0131n Neapol \u015f\u0259h\u0259rind\u0259 ke\u00e7iril\u0259c\u0259k Yay Universiadas\u0131na haz\u0131rla\u015f\u0131r.<\/p>\n<p>Z\u0259rif\u0259\u00a0bir s\u0131ra beyn\u0259lxalq yar\u0131\u015flarda m\u00fckafat qazand\u0131\u011f\u0131ndan, o c\u00fcml\u0259d\u0259n, sonuncu d\u0259f\u0259 \u00f6t\u0259n ay \u0130stanbulda ke\u00e7irilmi\u015f Avropa Q\u0131l\u0131ncoynatma Kubokunda 14 ya\u015fad\u0259k idman\u00e7\u0131lar aras\u0131nda b\u00fcr\u00fcnc medal qazand\u0131\u011f\u0131ndan, onu da milliy\u0259 c\u0259lb etmi\u015fik. O, daha \u00e7ox b\u00f6y\u00fckl\u0259rl\u0259 birg\u0259 t\u0259cr\u00fcb\u0259 toplamas\u0131 \u00fc\u00e7\u00fcn y\u0131\u011fman\u0131n t\u0259lim-m\u0259\u015fq toplan\u0131\u015f\u0131na d\u0259v\u0259t olunub\u201d.<\/p>\n<p>\u00c7ingiz Mustafayev millid\u0259ki g\u0259ncl\u0259\u015fdirm\u0259 strategiyas\u0131ndan da dan\u0131\u015f\u0131b:<\/p>\n<p>\u201cBizim \u00fc\u00e7\u00fcn \u0259sas h\u0259d\u0259f g\u0259ncl\u0259ri yeti\u015fdirm\u0259kdir. Buna g\u00f6r\u0259\u00a02004, 2005, 2006 t\u0259v\u0259ll\u00fcdl\u00fc\u00a0idman\u00e7\u0131lar\u0131 milliy\u0259 c\u0259lb etm\u0259kd\u0259 maraql\u0131y\u0131q. G\u0259l\u0259c\u0259k \u00fc\u00e7\u00fcn millid\u0259 lidersiz qalmamaq \u00fc\u00e7\u00fcn g\u0259nc idman\u00e7\u0131lar\u0131 m\u00fc\u0259yy\u0259nl\u0259\u015fdirm\u0259k ist\u0259yirik\u201d.<\/p>\n<p><img src=\"https:\/\/assets.oxu.az\/uploads\/W1siZiIsIjIwMTkvMDYvMDcvMTIvMjQvMzUvNGFjMjg1ZTItZTg1Yy00MjQ5LWI1ZTQtOTI4NTRiZjI0MjI2LzEzMTM4NzM5XzE3ODE2MTU0OTIwNjc0MDNfNTI4NzYyMTg5NzUyOTA3NTkzNl9uLmpwZyJdLFsicCIsImVuY29kZSIsImpwZyIsIi1xdWFsaXR5IDgwIl0sWyJwIiwidGh1bWIiLCI1OTB4NTkwXHUwMDNlIl1d?sha=5bbd7e29cc800380\" alt=\"\" \/><\/p>\n<p>Millimizin \u00fczv\u00fc, Avropa Oyunlar\u0131n\u0131n m\u00fckafat\u00e7\u0131s\u0131 Sevil B\u00fcnyadova is\u0259 deyir ki, onlara m\u0259\u015fq \u00fc\u00e7\u00fcn \u00e7ox yax\u015f\u0131 \u015f\u0259rait yarad\u0131l\u0131b:<\/p>\n<p>\u201cBurada millimiz \u00fc\u00e7\u00fcn \u0259la \u015f\u0259rait yarad\u0131l\u0131b. Dem\u0259k olar ki, idman\u00e7\u0131lar\u0131n n\u0259tic\u0259 qazanmas\u0131 \u00fc\u00e7\u00fcn h\u0259r c\u00fcr \u015f\u0259rait var. Burada pis \u015f\u0259rait olsayd\u0131, Pol\u015fa, Ukrayna, T\u00fcrkiy\u0259, Belarus millil\u0259ri d\u0259 biziml\u0259 birg\u0259 haz\u0131rl\u0131q ke\u00e7m\u0259zdi. Bir s\u00f6zl\u0259, \u015f\u0259raitd\u0259n \u00e7ox raz\u0131y\u0131q. \u0130nan\u0131ram ki, yarad\u0131lan bu \u015f\u0259raitin b\u0259hr\u0259sini g\u00f6r\u00fcb Avropa \u00e7empionat\u0131nda yax\u015f\u0131 n\u0259tic\u0259 \u0259ld\u0259 ed\u0259c\u0259yik\u201d.oxu.az<\/p>\n","protected":false},"excerpt":{"rendered":"<p>Az\u0259rbaycan\u0131n q\u0131l\u0131ncoynatma \u00fczr\u0259 milli komandas\u0131 haz\u0131rda T\u00fcrkiy\u0259nin Antalya \u015f\u0259h\u0259rind\u0259 t\u0259lim-m\u0259\u015fq toplan\u0131\u015f\u0131ndad\u0131r. ARANTV.AZ-\u0131n x\u0259b\u0259rin\u0259 g\u00f6r\u0259, q\u0131l\u0131ncoynatman\u0131n sablya n\u00f6v\u00fc \u00fczr\u0259 komandam\u0131z iyunun 5-d\u0259n etibar\u0259n haz\u0131rl\u0131qlara ba\u015flay\u0131b. Haz\u0131rl\u0131qlar 10 g\u00fcn davam ed\u0259c\u0259k v\u0259 ay\u0131n 15-d\u0259 yekunla\u015facaq. B\u0259s millimiz hans\u0131 yar\u0131\u015fa haz\u0131rla\u015f\u0131r? Buna millimizin ba\u015f m\u0259\u015fq\u00e7isi \u00c7ingiz Mustafayev vasit\u0259sil\u0259 ayd\u0131nl\u0131q g\u0259tirm\u0259y\u0259 \u00e7al\u0131\u015fd\u0131q: \u201cBu haz\u0131rl\u0131q iyunun 17-d\u0259 ba\u015flayacaq Avropa \u00e7empionat\u0131 \u00fc\u00e7\u00fcn n\u0259z\u0259rd\u0259 tutulub. Almaniyan\u0131n D\u00fcsseldorf \u015f\u0259h\u0259rind\u0259 ke\u00e7iril\u0259c\u0259k v\u0259 iyunun 22-d\u0259k davam ed\u0259c\u0259k bu qit\u0259 birinciliyind\u0259 h\u0259m f\u0259rdi, h\u0259m d\u0259 komanda \u015f\u0259klind\u0259 m\u00fcbariz\u0259 aparaca\u011f\u0131q. Bu Avropa \u00e7empionat\u0131 Tokio Olimpiadas\u0131na lisenziya xal\u0131 ver\u0259c\u0259k\u201d. Y\u0131\u011fmam\u0131z\u0131n \u00e7al\u0131\u015fd\u0131r\u0131c\u0131s\u0131 toplan\u0131\u015fda i\u015ftirak&hellip;<\/p>\n","protected":false},"author":2,"featured_media":64717,"comment_status":"closed","ping_status":"closed","sticky":false,"template":"","format":"standard","meta":{"om_disable_all_campaigns":false,"_monsterinsights_skip_tracking":false,"_monsterinsights_sitenote_active":false,"_monsterinsights_sitenote_note":"","_monsterinsights_sitenote_category":0},"categories":[6],"tags":[],"aioseo_notices":[],"gutentor_comment":0,"rttpg_featured_image_url":{"full":["https:\/\/arantv.az\/wp-content\/uploads\/2019\/06\/Korea_London_WomenTeam_Fencing_01_7730602958.jpg",620,379,false],"landscape":["https:\/\/arantv.az\/wp-content\/uploads\/2019\/06\/Korea_London_WomenTeam_Fencing_01_7730602958.jpg",620,379,false],"portraits":["https:\/\/arantv.az\/wp-content\/uploads\/2019\/06\/Korea_London_WomenTeam_Fencing_01_7730602958.jpg",620,379,false],"thumbnail":["https:\/\/arantv.az\/wp-content\/uploads\/2019\/06\/Korea_London_WomenTeam_Fencing_01_7730602958-150x150.jpg",150,150,true],"medium":["https:\/\/arantv.az\/wp-content\/uploads\/2019\/06\/Korea_London_WomenTeam_Fencing_01_7730602958-300x183.jpg",300,183,true],"large":["https:\/\/arantv.az\/wp-content\/uploads\/2019\/06\/Korea_London_WomenTeam_Fencing_01_7730602958.jpg",620,379,false],"1536x1536":["https:\/\/arantv.az\/wp-content\/uploads\/2019\/06\/Korea_London_WomenTeam_Fencing_01_7730602958.jpg",620,379,false],"2048x2048":["https:\/\/arantv.az\/wp-content\/uploads\/2019\/06\/Korea_London_WomenTeam_Fencing_01_7730602958.jpg",620,379,false],"post-thumbnail":["https:\/\/arantv.az\/wp-content\/uploads\/2019\/06\/Korea_London_WomenTeam_Fencing_01_7730602958-240x172.jpg",240,172,true],"advps-thumb-one":["https:\/\/arantv.az\/wp-content\/uploads\/2019\/06\/Korea_London_WomenTeam_Fencing_01_7730602958.jpg",620,379,false]},"rttpg_author":{"display_name":"V\u00fcsal Rafiqo\u011flu","author_link":"https:\/\/arantv.az\/?author=2"},"rttpg_comment":0,"rttpg_category":"<a href=\"https:\/\/arantv.az\/?cat=6\" rel=\"category\">\u0130dman<\/a>","rttpg_excerpt":"Az\u0259rbaycan\u0131n q\u0131l\u0131ncoynatma \u00fczr\u0259 milli komandas\u0131 haz\u0131rda T\u00fcrkiy\u0259nin Antalya \u015f\u0259h\u0259rind\u0259 t\u0259lim-m\u0259\u015fq toplan\u0131\u015f\u0131ndad\u0131r. ARANTV.AZ-\u0131n x\u0259b\u0259rin\u0259 g\u00f6r\u0259, q\u0131l\u0131ncoynatman\u0131n sablya n\u00f6v\u00fc \u00fczr\u0259 komandam\u0131z iyunun 5-d\u0259n etibar\u0259n haz\u0131rl\u0131qlara ba\u015flay\u0131b. Haz\u0131rl\u0131qlar 10 g\u00fcn davam ed\u0259c\u0259k v\u0259 ay\u0131n 15-d\u0259 yekunla\u015facaq. B\u0259s millimiz hans\u0131 yar\u0131\u015fa haz\u0131rla\u015f\u0131r? Buna millimizin ba\u015f m\u0259\u015fq\u00e7isi \u00c7ingiz Mustafayev vasit\u0259sil\u0259 ayd\u0131nl\u0131q g\u0259tirm\u0259y\u0259 \u00e7al\u0131\u015fd\u0131q: \u201cBu haz\u0131rl\u0131q iyunun 17-d\u0259 ba\u015flayacaq Avropa \u00e7empionat\u0131&hellip;","_links":{"self":[{"href":"https:\/\/arantv.az\/index.php?rest_route=\/wp\/v2\/posts\/64716"}],"collection":[{"href":"https:\/\/arantv.az\/index.php?rest_route=\/wp\/v2\/posts"}],"about":[{"href":"https:\/\/arantv.az\/index.php?rest_route=\/wp\/v2\/types\/post"}],"author":[{"embeddable":true,"href":"https:\/\/arantv.az\/index.php?rest_route=\/wp\/v2\/users\/2"}],"replies":[{"embeddable":true,"href":"https:\/\/arantv.az\/index.php?rest_route=%2Fwp%2Fv2%2Fcomments&post=64716"}],"version-history":[{"count":0,"href":"https:\/\/arantv.az\/index.php?rest_route=\/wp\/v2\/posts\/64716\/revisions"}],"wp:featuredmedia":[{"embeddable":true,"href":"https:\/\/arantv.az\/index.php?rest_route=\/wp\/v2\/media\/64717"}],"wp:attachment":[{"href":"https:\/\/arantv.az\/index.php?rest_route=%2Fwp%2Fv2%2Fmedia&parent=64716"}],"wp:term":[{"taxonomy":"category","embeddable":true,"href":"https:\/\/arantv.az\/index.php?rest_route=%2Fwp%2Fv2%2Fcategories&post=64716"},{"taxonomy":"post_tag","embeddable":true,"href":"https:\/\/arantv.az\/index.php?rest_route=%2Fwp%2Fv2%2Ftags&post=64716"}],"curies":[{"name":"wp","href":"https:\/\/api.w.org\/{rel}","templated":true}]}}