{"id":647188,"date":"2023-10-19T09:05:17","date_gmt":"2023-10-19T05:05:17","guid":{"rendered":"https:\/\/arantv.az\/?p=647188"},"modified":"2023-10-19T09:05:17","modified_gmt":"2023-10-19T05:05:17","slug":"prezident-ilham-%c9%99liyev-xank%c9%99ndid%c9%99-dunyaya-bunu-gost%c9%99rdi-solonnikov","status":"publish","type":"post","link":"https:\/\/arantv.az\/?p=647188","title":{"rendered":"Prezident \u0130lham \u018fliyev Xank\u0259ndid\u0259 d\u00fcnyaya bunu g\u00f6st\u0259rdi &#8211; Solonnikov"},"content":{"rendered":"<p>C\u0259nubi Qafqazda sa\u011flam t\u0259mas, sa\u011flam inteqrasiya yaransa, Erm\u0259nistanla konstruktiv qar\u015f\u0131l\u0131ql\u0131 f\u0259aliyy\u0259t ba\u015flasa v\u0259 Z\u0259ng\u0259zur d\u0259hlizi a\u00e7\u0131lsa, Rusiya v\u0259 Az\u0259rbaycan \u00fc\u00e7\u00fcn yax\u015f\u0131 olard\u0131.<\/p>\n<p><strong>ARANTV.AZ x\u0259b\u0259r verir ki,<\/strong>\u00a0bunu Rusiya M\u00fcasir D\u00f6vl\u0259t \u0130nki\u015faf\u0131 \u0130nstitutunun direktoru, rusiyal\u0131 politoloq Dmitri Solonnikov deyib.<\/p>\n<p>\u201cBu g\u00fcn Moskva-Bak\u0131 Moskva-\u0130r\u0259vandan daha konstruktiv qar\u015f\u0131l\u0131ql\u0131 faydal\u0131 t\u0259r\u0259fda\u015flard\u0131r. Eyni zamanda, Rusiya Erm\u0259nistan\u0131n ayr\u0131lmas\u0131n\u0131n qar\u015f\u0131s\u0131n\u0131 alma\u011fa \u00e7al\u0131\u015f\u0131r. M\u0259n\u0259 el\u0259 g\u0259lir ki, bu m\u00fch\u00fcm m\u0259qamd\u0131r: Q\u0259rb h\u0259mi\u015f\u0259 m\u00fcxt\u0259lif beyn\u0259lxalq m\u00fcnaqi\u015f\u0259l\u0259ri dalana dir\u0259m\u0259y\u0259 \u00e7al\u0131\u015f\u0131r. \u0130st\u0259nil\u0259n ziddiyy\u0259t sona \u00e7atmal\u0131d\u0131r, \u0259b\u0259di qalmamal\u0131d\u0131r, bunun bir sonu olmal\u0131d\u0131r\u201d, &#8211; o bildirib.<\/p>\n<p>Solonnikov qeyd edib ki, Az\u0259rbaycan b\u00fct\u00fcn d\u00fcnyaya n\u00fcmayi\u015f etdirdi ki, m\u00fcnaqi\u015f\u0259d\u0259 son n\u00f6qt\u0259nin qoyula bilm\u0259si \u00e7ox vacibdir:\u00a0\u201cBunun nec\u0259 ola bil\u0259c\u0259yini \u0130lham \u018fliyev Xank\u0259ndid\u0259 g\u00f6st\u0259rdi. Bu vacibdir. Bu, m\u00fcasir d\u00fcnya tarixind\u0259 unikal hadis\u0259dir. Rusiya indiki v\u0259ziyy\u0259td\u0259 Az\u0259rbaycan\u0131 d\u0259st\u0259kl\u0259di. Q\u0259rb is\u0259 Erm\u0259nistan-Az\u0259rbaycan m\u0259s\u0259l\u0259sinin bir t\u0259r\u0259fin\u0259 \u00f6z\u00fcn\u00fc Erm\u0259nistanla, dig\u0259r t\u0259r\u0259fin\u0259 is\u0259 Az\u0259rbaycan v\u0259 Rusiyan\u0131 qoyma\u011fa \u00e7al\u0131\u015f\u0131r. Q\u0259rb \u00f6z sevimli \u201csu h\u00f6vz\u0259si\u201d taktikas\u0131ndan istifad\u0259 etm\u0259kd\u0259 davam edir: \u201cKim biziml\u0259 deyils\u0259, biz\u0259 qar\u015f\u0131d\u0131r\u201d. Putin MDB sammitind\u0259 yen\u0259 deyib ki, Q\u0259rb Rusiyan\u0131 dostlar\u0131na, m\u00fctt\u0259fiql\u0259rin\u0259 v\u0259 t\u0259r\u0259fda\u015flar\u0131na qar\u015f\u0131 qoyma\u011fa \u00e7al\u0131\u015f\u0131r. Bizim g\u00f6rd\u00fcy\u00fcm\u00fcz budur\u201d.<\/p>\n","protected":false},"excerpt":{"rendered":"<p>C\u0259nubi Qafqazda sa\u011flam t\u0259mas, sa\u011flam inteqrasiya yaransa, Erm\u0259nistanla konstruktiv qar\u015f\u0131l\u0131ql\u0131 f\u0259aliyy\u0259t ba\u015flasa v\u0259 Z\u0259ng\u0259zur d\u0259hlizi a\u00e7\u0131lsa, Rusiya v\u0259 Az\u0259rbaycan \u00fc\u00e7\u00fcn yax\u015f\u0131 olard\u0131. ARANTV.AZ x\u0259b\u0259r verir ki,\u00a0bunu Rusiya M\u00fcasir D\u00f6vl\u0259t \u0130nki\u015faf\u0131 \u0130nstitutunun direktoru, rusiyal\u0131 politoloq Dmitri Solonnikov deyib. \u201cBu g\u00fcn Moskva-Bak\u0131 Moskva-\u0130r\u0259vandan daha konstruktiv qar\u015f\u0131l\u0131ql\u0131 faydal\u0131 t\u0259r\u0259fda\u015flard\u0131r. Eyni zamanda, Rusiya Erm\u0259nistan\u0131n ayr\u0131lmas\u0131n\u0131n qar\u015f\u0131s\u0131n\u0131 alma\u011fa \u00e7al\u0131\u015f\u0131r. M\u0259n\u0259 el\u0259 g\u0259lir ki, bu m\u00fch\u00fcm m\u0259qamd\u0131r: Q\u0259rb h\u0259mi\u015f\u0259 m\u00fcxt\u0259lif beyn\u0259lxalq m\u00fcnaqi\u015f\u0259l\u0259ri dalana dir\u0259m\u0259y\u0259 \u00e7al\u0131\u015f\u0131r. \u0130st\u0259nil\u0259n ziddiyy\u0259t sona \u00e7atmal\u0131d\u0131r, \u0259b\u0259di qalmamal\u0131d\u0131r, bunun bir sonu olmal\u0131d\u0131r\u201d, &#8211; o bildirib. Solonnikov qeyd edib ki, Az\u0259rbaycan b\u00fct\u00fcn d\u00fcnyaya n\u00fcmayi\u015f&hellip;<\/p>\n","protected":false},"author":2,"featured_media":647189,"comment_status":"closed","ping_status":"closed","sticky":false,"template":"","format":"standard","meta":{"om_disable_all_campaigns":false,"_monsterinsights_skip_tracking":false,"_monsterinsights_sitenote_active":false,"_monsterinsights_sitenote_note":"","_monsterinsights_sitenote_category":0},"categories":[4],"tags":[],"aioseo_notices":[],"gutentor_comment":0,"rttpg_featured_image_url":{"full":["https:\/\/arantv.az\/wp-content\/uploads\/2023\/10\/74765968169764107992896794610113897.jpg",975,540,false],"landscape":["https:\/\/arantv.az\/wp-content\/uploads\/2023\/10\/74765968169764107992896794610113897.jpg",975,540,false],"portraits":["https:\/\/arantv.az\/wp-content\/uploads\/2023\/10\/74765968169764107992896794610113897.jpg",975,540,false],"thumbnail":["https:\/\/arantv.az\/wp-content\/uploads\/2023\/10\/74765968169764107992896794610113897-500x280.jpg",500,280,true],"medium":["https:\/\/arantv.az\/wp-content\/uploads\/2023\/10\/74765968169764107992896794610113897-660x365.jpg",660,365,true],"large":["https:\/\/arantv.az\/wp-content\/uploads\/2023\/10\/74765968169764107992896794610113897-840x465.jpg",640,354,true],"1536x1536":["https:\/\/arantv.az\/wp-content\/uploads\/2023\/10\/74765968169764107992896794610113897.jpg",975,540,false],"2048x2048":["https:\/\/arantv.az\/wp-content\/uploads\/2023\/10\/74765968169764107992896794610113897.jpg",975,540,false],"post-thumbnail":["https:\/\/arantv.az\/wp-content\/uploads\/2023\/10\/74765968169764107992896794610113897-240x172.jpg",240,172,true],"advps-thumb-one":["https:\/\/arantv.az\/wp-content\/uploads\/2023\/10\/74765968169764107992896794610113897.jpg",975,540,false]},"rttpg_author":{"display_name":"V\u00fcsal Rafiqo\u011flu","author_link":"https:\/\/arantv.az\/?author=2"},"rttpg_comment":0,"rttpg_category":"<a href=\"https:\/\/arantv.az\/?cat=4\" rel=\"category\">Siyas\u0259t<\/a>","rttpg_excerpt":"C\u0259nubi Qafqazda sa\u011flam t\u0259mas, sa\u011flam inteqrasiya yaransa, Erm\u0259nistanla konstruktiv qar\u015f\u0131l\u0131ql\u0131 f\u0259aliyy\u0259t ba\u015flasa v\u0259 Z\u0259ng\u0259zur d\u0259hlizi a\u00e7\u0131lsa, Rusiya v\u0259 Az\u0259rbaycan \u00fc\u00e7\u00fcn yax\u015f\u0131 olard\u0131. ARANTV.AZ x\u0259b\u0259r verir ki,\u00a0bunu Rusiya M\u00fcasir D\u00f6vl\u0259t \u0130nki\u015faf\u0131 \u0130nstitutunun direktoru, rusiyal\u0131 politoloq Dmitri Solonnikov deyib. \u201cBu g\u00fcn Moskva-Bak\u0131 Moskva-\u0130r\u0259vandan daha konstruktiv qar\u015f\u0131l\u0131ql\u0131 faydal\u0131 t\u0259r\u0259fda\u015flard\u0131r. Eyni zamanda, Rusiya Erm\u0259nistan\u0131n ayr\u0131lmas\u0131n\u0131n qar\u015f\u0131s\u0131n\u0131 alma\u011fa \u00e7al\u0131\u015f\u0131r. M\u0259n\u0259&hellip;","_links":{"self":[{"href":"https:\/\/arantv.az\/index.php?rest_route=\/wp\/v2\/posts\/647188"}],"collection":[{"href":"https:\/\/arantv.az\/index.php?rest_route=\/wp\/v2\/posts"}],"about":[{"href":"https:\/\/arantv.az\/index.php?rest_route=\/wp\/v2\/types\/post"}],"author":[{"embeddable":true,"href":"https:\/\/arantv.az\/index.php?rest_route=\/wp\/v2\/users\/2"}],"replies":[{"embeddable":true,"href":"https:\/\/arantv.az\/index.php?rest_route=%2Fwp%2Fv2%2Fcomments&post=647188"}],"version-history":[{"count":0,"href":"https:\/\/arantv.az\/index.php?rest_route=\/wp\/v2\/posts\/647188\/revisions"}],"wp:featuredmedia":[{"embeddable":true,"href":"https:\/\/arantv.az\/index.php?rest_route=\/wp\/v2\/media\/647189"}],"wp:attachment":[{"href":"https:\/\/arantv.az\/index.php?rest_route=%2Fwp%2Fv2%2Fmedia&parent=647188"}],"wp:term":[{"taxonomy":"category","embeddable":true,"href":"https:\/\/arantv.az\/index.php?rest_route=%2Fwp%2Fv2%2Fcategories&post=647188"},{"taxonomy":"post_tag","embeddable":true,"href":"https:\/\/arantv.az\/index.php?rest_route=%2Fwp%2Fv2%2Ftags&post=647188"}],"curies":[{"name":"wp","href":"https:\/\/api.w.org\/{rel}","templated":true}]}}