{"id":647247,"date":"2023-10-19T11:12:16","date_gmt":"2023-10-19T07:12:16","guid":{"rendered":"https:\/\/arantv.az\/?p=647247"},"modified":"2023-10-19T11:12:16","modified_gmt":"2023-10-19T07:12:16","slug":"icma-bft-nin-bas-katibini-az%c9%99rbaycanla-bagli-aciqlamalarinda-m%c9%99suliyy%c9%99tli-olmaga-cagirib","status":"publish","type":"post","link":"https:\/\/arantv.az\/?p=647247","title":{"rendered":"\u0130cma BFT-nin ba\u015f katibini Az\u0259rbaycanla ba\u011fl\u0131 a\u00e7\u0131qlamalar\u0131nda m\u0259suliyy\u0259tli olma\u011fa \u00e7a\u011f\u0131r\u0131b"},"content":{"rendered":"<p>\u201cErm\u0259nistan v\u0259 Fransa Beyn\u0259lxalq Frankofoniya T\u0259\u015fkilat\u0131n\u0131 (BFT) qat\u0131 anti-Az\u0259rbaycan platformas\u0131na \u00e7evirm\u0259k c\u0259hdl\u0259rini davam etdirirl\u0259r. Bu x\u00fcsusda, BFT-nin ba\u015f katibinin \u0130r\u0259vanda verdiyi son a\u00e7\u0131qlamalar narahatl\u0131q do\u011furur\u201d.<\/p>\n<p>Bu fikirl\u0259r Q\u0259rbi Az\u0259rbaycan \u0130cmas\u0131n\u0131n yayd\u0131\u011f\u0131 a\u00e7\u0131qlamada yer al\u0131r.<\/p>\n<p>Qeyd olunur ki, Qaraba\u011fda erm\u0259ni m\u0259d\u0259ni irsinin qorunmas\u0131n\u0131n vacibliyini qabardan ba\u015f katibin Erm\u0259nistanda Az\u0259rbaycan xalq\u0131na m\u0259nsub olan m\u0259d\u0259ni irsin ac\u0131nacaql\u0131 v\u0259ziyy\u0259tin\u0259 toxunmamas\u0131 a\u00e7\u0131q-a\u015fkar q\u0259r\u0259z v\u0259 ikili standartlar\u0131n t\u0259zah\u00fcr\u00fcd\u00fcr.<\/p>\n<p>Q\u0259rbi Az\u0259rbaycan \u0130cmas\u0131 BFT-nin ba\u015f katibini Erm\u0259nistan v\u0259 Fransan\u0131n Az\u0259rbaycana qar\u015f\u0131 \u00e7irkin f\u0259aliyy\u0259tind\u0259 al\u0259t\u0259 \u00e7evrilm\u0259m\u0259y\u0259 v\u0259 Az\u0259rbaycanla ba\u011fl\u0131 a\u00e7\u0131qlamalar\u0131nda ehtiyatl\u0131 v\u0259 m\u0259suliyy\u0259tli olma\u011fa \u00e7a\u011f\u0131r\u0131r.<\/p>\n","protected":false},"excerpt":{"rendered":"<p>\u201cErm\u0259nistan v\u0259 Fransa Beyn\u0259lxalq Frankofoniya T\u0259\u015fkilat\u0131n\u0131 (BFT) qat\u0131 anti-Az\u0259rbaycan platformas\u0131na \u00e7evirm\u0259k c\u0259hdl\u0259rini davam etdirirl\u0259r. Bu x\u00fcsusda, BFT-nin ba\u015f katibinin \u0130r\u0259vanda verdiyi son a\u00e7\u0131qlamalar narahatl\u0131q do\u011furur\u201d. Bu fikirl\u0259r Q\u0259rbi Az\u0259rbaycan \u0130cmas\u0131n\u0131n yayd\u0131\u011f\u0131 a\u00e7\u0131qlamada yer al\u0131r. Qeyd olunur ki, Qaraba\u011fda erm\u0259ni m\u0259d\u0259ni irsinin qorunmas\u0131n\u0131n vacibliyini qabardan ba\u015f katibin Erm\u0259nistanda Az\u0259rbaycan xalq\u0131na m\u0259nsub olan m\u0259d\u0259ni irsin ac\u0131nacaql\u0131 v\u0259ziyy\u0259tin\u0259 toxunmamas\u0131 a\u00e7\u0131q-a\u015fkar q\u0259r\u0259z v\u0259 ikili standartlar\u0131n t\u0259zah\u00fcr\u00fcd\u00fcr. Q\u0259rbi Az\u0259rbaycan \u0130cmas\u0131 BFT-nin ba\u015f katibini Erm\u0259nistan v\u0259 Fransan\u0131n Az\u0259rbaycana qar\u015f\u0131 \u00e7irkin f\u0259aliyy\u0259tind\u0259 al\u0259t\u0259 \u00e7evrilm\u0259m\u0259y\u0259 v\u0259 Az\u0259rbaycanla ba\u011fl\u0131 a\u00e7\u0131qlamalar\u0131nda ehtiyatl\u0131 v\u0259 m\u0259suliyy\u0259tli olma\u011fa \u00e7a\u011f\u0131r\u0131r.<\/p>\n","protected":false},"author":2,"featured_media":647250,"comment_status":"closed","ping_status":"closed","sticky":false,"template":"","format":"standard","meta":{"om_disable_all_campaigns":false,"_monsterinsights_skip_tracking":false,"_monsterinsights_sitenote_active":false,"_monsterinsights_sitenote_note":"","_monsterinsights_sitenote_category":0},"categories":[4],"tags":[],"aioseo_notices":[],"gutentor_comment":0,"rttpg_featured_image_url":{"full":["https:\/\/arantv.az\/wp-content\/uploads\/2023\/10\/eb8fc95a-7a51-31ef-9629-3540855a6ba1_850-1-1-1-1.jpg",620,413,false],"landscape":["https:\/\/arantv.az\/wp-content\/uploads\/2023\/10\/eb8fc95a-7a51-31ef-9629-3540855a6ba1_850-1-1-1-1.jpg",620,413,false],"portraits":["https:\/\/arantv.az\/wp-content\/uploads\/2023\/10\/eb8fc95a-7a51-31ef-9629-3540855a6ba1_850-1-1-1-1.jpg",620,413,false],"thumbnail":["https:\/\/arantv.az\/wp-content\/uploads\/2023\/10\/eb8fc95a-7a51-31ef-9629-3540855a6ba1_850-1-1-1-1-500x280.jpg",500,280,true],"medium":["https:\/\/arantv.az\/wp-content\/uploads\/2023\/10\/eb8fc95a-7a51-31ef-9629-3540855a6ba1_850-1-1-1-1-548x365.jpg",548,365,true],"large":["https:\/\/arantv.az\/wp-content\/uploads\/2023\/10\/eb8fc95a-7a51-31ef-9629-3540855a6ba1_850-1-1-1-1.jpg",620,413,false],"1536x1536":["https:\/\/arantv.az\/wp-content\/uploads\/2023\/10\/eb8fc95a-7a51-31ef-9629-3540855a6ba1_850-1-1-1-1.jpg",620,413,false],"2048x2048":["https:\/\/arantv.az\/wp-content\/uploads\/2023\/10\/eb8fc95a-7a51-31ef-9629-3540855a6ba1_850-1-1-1-1.jpg",620,413,false],"post-thumbnail":["https:\/\/arantv.az\/wp-content\/uploads\/2023\/10\/eb8fc95a-7a51-31ef-9629-3540855a6ba1_850-1-1-1-1-240x172.jpg",240,172,true],"advps-thumb-one":["https:\/\/arantv.az\/wp-content\/uploads\/2023\/10\/eb8fc95a-7a51-31ef-9629-3540855a6ba1_850-1-1-1-1.jpg",620,413,false]},"rttpg_author":{"display_name":"V\u00fcsal Rafiqo\u011flu","author_link":"https:\/\/arantv.az\/?author=2"},"rttpg_comment":0,"rttpg_category":"<a href=\"https:\/\/arantv.az\/?cat=4\" rel=\"category\">Siyas\u0259t<\/a>","rttpg_excerpt":"\u201cErm\u0259nistan v\u0259 Fransa Beyn\u0259lxalq Frankofoniya T\u0259\u015fkilat\u0131n\u0131 (BFT) qat\u0131 anti-Az\u0259rbaycan platformas\u0131na \u00e7evirm\u0259k c\u0259hdl\u0259rini davam etdirirl\u0259r. Bu x\u00fcsusda, BFT-nin ba\u015f katibinin \u0130r\u0259vanda verdiyi son a\u00e7\u0131qlamalar narahatl\u0131q do\u011furur\u201d. Bu fikirl\u0259r Q\u0259rbi Az\u0259rbaycan \u0130cmas\u0131n\u0131n yayd\u0131\u011f\u0131 a\u00e7\u0131qlamada yer al\u0131r. Qeyd olunur ki, Qaraba\u011fda erm\u0259ni m\u0259d\u0259ni irsinin qorunmas\u0131n\u0131n vacibliyini qabardan ba\u015f katibin Erm\u0259nistanda Az\u0259rbaycan xalq\u0131na m\u0259nsub olan m\u0259d\u0259ni irsin ac\u0131nacaql\u0131 v\u0259ziyy\u0259tin\u0259&hellip;","_links":{"self":[{"href":"https:\/\/arantv.az\/index.php?rest_route=\/wp\/v2\/posts\/647247"}],"collection":[{"href":"https:\/\/arantv.az\/index.php?rest_route=\/wp\/v2\/posts"}],"about":[{"href":"https:\/\/arantv.az\/index.php?rest_route=\/wp\/v2\/types\/post"}],"author":[{"embeddable":true,"href":"https:\/\/arantv.az\/index.php?rest_route=\/wp\/v2\/users\/2"}],"replies":[{"embeddable":true,"href":"https:\/\/arantv.az\/index.php?rest_route=%2Fwp%2Fv2%2Fcomments&post=647247"}],"version-history":[{"count":0,"href":"https:\/\/arantv.az\/index.php?rest_route=\/wp\/v2\/posts\/647247\/revisions"}],"wp:featuredmedia":[{"embeddable":true,"href":"https:\/\/arantv.az\/index.php?rest_route=\/wp\/v2\/media\/647250"}],"wp:attachment":[{"href":"https:\/\/arantv.az\/index.php?rest_route=%2Fwp%2Fv2%2Fmedia&parent=647247"}],"wp:term":[{"taxonomy":"category","embeddable":true,"href":"https:\/\/arantv.az\/index.php?rest_route=%2Fwp%2Fv2%2Fcategories&post=647247"},{"taxonomy":"post_tag","embeddable":true,"href":"https:\/\/arantv.az\/index.php?rest_route=%2Fwp%2Fv2%2Ftags&post=647247"}],"curies":[{"name":"wp","href":"https:\/\/api.w.org\/{rel}","templated":true}]}}