{"id":647261,"date":"2023-10-19T11:16:52","date_gmt":"2023-10-19T07:16:52","guid":{"rendered":"https:\/\/arantv.az\/?p=647261"},"modified":"2023-10-19T11:16:52","modified_gmt":"2023-10-19T07:16:52","slug":"lavrovdan-h%c9%99y%c9%99canverici-aciqlama","status":"publish","type":"post","link":"https:\/\/arantv.az\/?p=647261","title":{"rendered":"Lavrovdan h\u0259y\u0259canverici a\u00e7\u0131qlama"},"content":{"rendered":"<p>Rusiya xarici i\u015fl\u0259r naziri Sergey Lavrov bildirib ki, F\u0259l\u0259stin-\u0130srail m\u00fcnaqi\u015f\u0259si regional m\u00fcnaqi\u015f\u0259y\u0259 \u00e7evril\u0259 bil\u0259r.<\/p>\n<p>Rusiyal\u0131 diplomat bu bar\u0259d\u0259 \u015eimali Koreyan\u0131n paytaxt\u0131 Pxenyanda t\u0259\u015fkil edil\u0259n m\u0259tbuat konfrans\u0131nda jurnalistl\u0259r\u0259 a\u00e7\u0131qlamas\u0131nda s\u00f6yl\u0259yib.<\/p>\n<p>S.Lavrov m\u00fcnaqi\u015f\u0259d\u0259 \u0130ran\u0131n m\u00f6vqeyin\u0259\u00a0d\u0259 toxunub.<\/p>\n<p>Diplomat qeyd edib ki, \u0130ran\u0131n siyasi r\u0259hb\u0259rliyi kifay\u0259t q\u0259d\u0259r balansl\u0131 m\u00f6vqe tutur v\u0259 Tehran m\u00fcnaqi\u015f\u0259nin b\u00fct\u00fcn regiona v\u0259 qon\u015fu \u00f6lk\u0259l\u0259r\u0259 yay\u0131lmas\u0131n\u0131n qar\u015f\u0131s\u0131n\u0131 alma\u011fa \u00e7a\u011f\u0131r\u0131r.<\/p>\n<p>M\u0259nb\u0259: TASS<\/p>\n","protected":false},"excerpt":{"rendered":"<p>Rusiya xarici i\u015fl\u0259r naziri Sergey Lavrov bildirib ki, F\u0259l\u0259stin-\u0130srail m\u00fcnaqi\u015f\u0259si regional m\u00fcnaqi\u015f\u0259y\u0259 \u00e7evril\u0259 bil\u0259r. Rusiyal\u0131 diplomat bu bar\u0259d\u0259 \u015eimali Koreyan\u0131n paytaxt\u0131 Pxenyanda t\u0259\u015fkil edil\u0259n m\u0259tbuat konfrans\u0131nda jurnalistl\u0259r\u0259 a\u00e7\u0131qlamas\u0131nda s\u00f6yl\u0259yib. S.Lavrov m\u00fcnaqi\u015f\u0259d\u0259 \u0130ran\u0131n m\u00f6vqeyin\u0259\u00a0d\u0259 toxunub. Diplomat qeyd edib ki, \u0130ran\u0131n siyasi r\u0259hb\u0259rliyi kifay\u0259t q\u0259d\u0259r balansl\u0131 m\u00f6vqe tutur v\u0259 Tehran m\u00fcnaqi\u015f\u0259nin b\u00fct\u00fcn regiona v\u0259 qon\u015fu \u00f6lk\u0259l\u0259r\u0259 yay\u0131lmas\u0131n\u0131n qar\u015f\u0131s\u0131n\u0131 alma\u011fa \u00e7a\u011f\u0131r\u0131r. M\u0259nb\u0259: TASS<\/p>\n","protected":false},"author":2,"featured_media":647263,"comment_status":"closed","ping_status":"closed","sticky":false,"template":"","format":"standard","meta":{"om_disable_all_campaigns":false,"_monsterinsights_skip_tracking":false,"_monsterinsights_sitenote_active":false,"_monsterinsights_sitenote_note":"","_monsterinsights_sitenote_category":0},"categories":[7],"tags":[],"aioseo_notices":[],"gutentor_comment":0,"rttpg_featured_image_url":{"full":["https:\/\/arantv.az\/wp-content\/uploads\/2023\/10\/FotoJet-2023-10-19T100420.222.jpg",620,413,false],"landscape":["https:\/\/arantv.az\/wp-content\/uploads\/2023\/10\/FotoJet-2023-10-19T100420.222.jpg",620,413,false],"portraits":["https:\/\/arantv.az\/wp-content\/uploads\/2023\/10\/FotoJet-2023-10-19T100420.222.jpg",620,413,false],"thumbnail":["https:\/\/arantv.az\/wp-content\/uploads\/2023\/10\/FotoJet-2023-10-19T100420.222-500x280.jpg",500,280,true],"medium":["https:\/\/arantv.az\/wp-content\/uploads\/2023\/10\/FotoJet-2023-10-19T100420.222-548x365.jpg",548,365,true],"large":["https:\/\/arantv.az\/wp-content\/uploads\/2023\/10\/FotoJet-2023-10-19T100420.222.jpg",620,413,false],"1536x1536":["https:\/\/arantv.az\/wp-content\/uploads\/2023\/10\/FotoJet-2023-10-19T100420.222.jpg",620,413,false],"2048x2048":["https:\/\/arantv.az\/wp-content\/uploads\/2023\/10\/FotoJet-2023-10-19T100420.222.jpg",620,413,false],"post-thumbnail":["https:\/\/arantv.az\/wp-content\/uploads\/2023\/10\/FotoJet-2023-10-19T100420.222-240x172.jpg",240,172,true],"advps-thumb-one":["https:\/\/arantv.az\/wp-content\/uploads\/2023\/10\/FotoJet-2023-10-19T100420.222.jpg",620,413,false]},"rttpg_author":{"display_name":"V\u00fcsal Rafiqo\u011flu","author_link":"https:\/\/arantv.az\/?author=2"},"rttpg_comment":0,"rttpg_category":"<a href=\"https:\/\/arantv.az\/?cat=7\" rel=\"category\">D\u00fcnya<\/a>","rttpg_excerpt":"Rusiya xarici i\u015fl\u0259r naziri Sergey Lavrov bildirib ki, F\u0259l\u0259stin-\u0130srail m\u00fcnaqi\u015f\u0259si regional m\u00fcnaqi\u015f\u0259y\u0259 \u00e7evril\u0259 bil\u0259r. Rusiyal\u0131 diplomat bu bar\u0259d\u0259 \u015eimali Koreyan\u0131n paytaxt\u0131 Pxenyanda t\u0259\u015fkil edil\u0259n m\u0259tbuat konfrans\u0131nda jurnalistl\u0259r\u0259 a\u00e7\u0131qlamas\u0131nda s\u00f6yl\u0259yib. S.Lavrov m\u00fcnaqi\u015f\u0259d\u0259 \u0130ran\u0131n m\u00f6vqeyin\u0259\u00a0d\u0259 toxunub. Diplomat qeyd edib ki, \u0130ran\u0131n siyasi r\u0259hb\u0259rliyi kifay\u0259t q\u0259d\u0259r balansl\u0131 m\u00f6vqe tutur v\u0259 Tehran m\u00fcnaqi\u015f\u0259nin b\u00fct\u00fcn regiona v\u0259 qon\u015fu \u00f6lk\u0259l\u0259r\u0259 yay\u0131lmas\u0131n\u0131n&hellip;","_links":{"self":[{"href":"https:\/\/arantv.az\/index.php?rest_route=\/wp\/v2\/posts\/647261"}],"collection":[{"href":"https:\/\/arantv.az\/index.php?rest_route=\/wp\/v2\/posts"}],"about":[{"href":"https:\/\/arantv.az\/index.php?rest_route=\/wp\/v2\/types\/post"}],"author":[{"embeddable":true,"href":"https:\/\/arantv.az\/index.php?rest_route=\/wp\/v2\/users\/2"}],"replies":[{"embeddable":true,"href":"https:\/\/arantv.az\/index.php?rest_route=%2Fwp%2Fv2%2Fcomments&post=647261"}],"version-history":[{"count":0,"href":"https:\/\/arantv.az\/index.php?rest_route=\/wp\/v2\/posts\/647261\/revisions"}],"wp:featuredmedia":[{"embeddable":true,"href":"https:\/\/arantv.az\/index.php?rest_route=\/wp\/v2\/media\/647263"}],"wp:attachment":[{"href":"https:\/\/arantv.az\/index.php?rest_route=%2Fwp%2Fv2%2Fmedia&parent=647261"}],"wp:term":[{"taxonomy":"category","embeddable":true,"href":"https:\/\/arantv.az\/index.php?rest_route=%2Fwp%2Fv2%2Fcategories&post=647261"},{"taxonomy":"post_tag","embeddable":true,"href":"https:\/\/arantv.az\/index.php?rest_route=%2Fwp%2Fv2%2Ftags&post=647261"}],"curies":[{"name":"wp","href":"https:\/\/api.w.org\/{rel}","templated":true}]}}