{"id":647264,"date":"2023-10-19T11:17:37","date_gmt":"2023-10-19T07:17:37","guid":{"rendered":"https:\/\/arantv.az\/?p=647264"},"modified":"2023-10-19T11:17:37","modified_gmt":"2023-10-19T07:17:37","slug":"komit%c9%99-s%c9%99dri-ilham-%c9%99liyev%c9%99-t%c9%99s%c9%99kkur-etdi","status":"publish","type":"post","link":"https:\/\/arantv.az\/?p=647264","title":{"rendered":"Komit\u0259 s\u0259dri \u0130lham \u018fliyev\u0259 t\u0259\u015f\u0259kk\u00fcr etdi"},"content":{"rendered":"<p>Ail\u0259, Qad\u0131n v\u0259 U\u015faq Probleml\u0259ri \u00fczr\u0259 D\u00f6vl\u0259t Komit\u0259sinin s\u0259dri Bahar Muradova Prezident\u00a0<strong>\u0130lham \u018fliyev\u0259<\/strong>\u00a0ulu \u00f6nd\u0259r Heyd\u0259r \u018fliyevin 100 illik yubileyin\u0259 h\u0259sr olunmu\u015f Az\u0259rbaycan Qad\u0131nlar\u0131n\u0131n VI Qurultay\u0131na t\u0259brik m\u0259ktubu \u00fcnvanlad\u0131\u011f\u0131 \u00fc\u00e7\u00fcn t\u0259\u015f\u0259kk\u00fcr edib.<\/p>\n<p><strong>ARANTV.AZ<\/strong>-\u0131n m\u0259lumat\u0131na g\u00f6r\u0259, o, bununla ba\u011fl\u0131 qurultayda \u00e7\u0131x\u0131\u015f\u0131 zaman\u0131 dan\u0131\u015f\u0131b.<\/p>\n<p>\u201cBizi ruhland\u0131ran, h\u0259v\u0259sl\u0259ndir\u0259n t\u0259brik m\u0259ktubu \u00fc\u00e7\u00fcn qurultay i\u015ftirak\u00e7\u0131lar\u0131 ad\u0131ndan Prezident \u0130lham \u018fliyev\u0259 t\u0259\u015f\u0259kk\u00fcr edir\u0259m. Onun u\u011furlu siyas\u0259tin\u0259 h\u0259r zaman sadiq qalaca\u011f\u0131m\u0131z\u0131, onun sadiq silahda\u015flar\u0131 olaca\u011f\u0131m\u0131z\u0131 bildirir\u0259m\u201d, &#8211; dey\u0259 s\u0259dr qeyd edib.<\/p>\n","protected":false},"excerpt":{"rendered":"<p>Ail\u0259, Qad\u0131n v\u0259 U\u015faq Probleml\u0259ri \u00fczr\u0259 D\u00f6vl\u0259t Komit\u0259sinin s\u0259dri Bahar Muradova Prezident\u00a0\u0130lham \u018fliyev\u0259\u00a0ulu \u00f6nd\u0259r Heyd\u0259r \u018fliyevin 100 illik yubileyin\u0259 h\u0259sr olunmu\u015f Az\u0259rbaycan Qad\u0131nlar\u0131n\u0131n VI Qurultay\u0131na t\u0259brik m\u0259ktubu \u00fcnvanlad\u0131\u011f\u0131 \u00fc\u00e7\u00fcn t\u0259\u015f\u0259kk\u00fcr edib. ARANTV.AZ-\u0131n m\u0259lumat\u0131na g\u00f6r\u0259, o, bununla ba\u011fl\u0131 qurultayda \u00e7\u0131x\u0131\u015f\u0131 zaman\u0131 dan\u0131\u015f\u0131b. \u201cBizi ruhland\u0131ran, h\u0259v\u0259sl\u0259ndir\u0259n t\u0259brik m\u0259ktubu \u00fc\u00e7\u00fcn qurultay i\u015ftirak\u00e7\u0131lar\u0131 ad\u0131ndan Prezident \u0130lham \u018fliyev\u0259 t\u0259\u015f\u0259kk\u00fcr edir\u0259m. Onun u\u011furlu siyas\u0259tin\u0259 h\u0259r zaman sadiq qalaca\u011f\u0131m\u0131z\u0131, onun sadiq silahda\u015flar\u0131 olaca\u011f\u0131m\u0131z\u0131 bildirir\u0259m\u201d, &#8211; dey\u0259 s\u0259dr qeyd edib.<\/p>\n","protected":false},"author":2,"featured_media":23933,"comment_status":"closed","ping_status":"closed","sticky":false,"template":"","format":"standard","meta":{"om_disable_all_campaigns":false,"_monsterinsights_skip_tracking":false,"_monsterinsights_sitenote_active":false,"_monsterinsights_sitenote_note":"","_monsterinsights_sitenote_category":0},"categories":[4],"tags":[],"aioseo_notices":[],"gutentor_comment":0,"rttpg_featured_image_url":{"full":["https:\/\/arantv.az\/wp-content\/uploads\/2018\/11\/bahar_muradova.jpg",250,158,false],"landscape":["https:\/\/arantv.az\/wp-content\/uploads\/2018\/11\/bahar_muradova.jpg",250,158,false],"portraits":["https:\/\/arantv.az\/wp-content\/uploads\/2018\/11\/bahar_muradova.jpg",250,158,false],"thumbnail":["https:\/\/arantv.az\/wp-content\/uploads\/2018\/11\/bahar_muradova-150x150.jpg",150,150,true],"medium":["https:\/\/arantv.az\/wp-content\/uploads\/2018\/11\/bahar_muradova.jpg",250,158,false],"large":["https:\/\/arantv.az\/wp-content\/uploads\/2018\/11\/bahar_muradova.jpg",250,158,false],"1536x1536":["https:\/\/arantv.az\/wp-content\/uploads\/2018\/11\/bahar_muradova.jpg",250,158,false],"2048x2048":["https:\/\/arantv.az\/wp-content\/uploads\/2018\/11\/bahar_muradova.jpg",250,158,false],"post-thumbnail":["https:\/\/arantv.az\/wp-content\/uploads\/2018\/11\/bahar_muradova-240x158.jpg",240,158,true],"advps-thumb-one":["https:\/\/arantv.az\/wp-content\/uploads\/2018\/11\/bahar_muradova.jpg",250,158,false]},"rttpg_author":{"display_name":"V\u00fcsal Rafiqo\u011flu","author_link":"https:\/\/arantv.az\/?author=2"},"rttpg_comment":0,"rttpg_category":"<a href=\"https:\/\/arantv.az\/?cat=4\" rel=\"category\">Siyas\u0259t<\/a>","rttpg_excerpt":"Ail\u0259, Qad\u0131n v\u0259 U\u015faq Probleml\u0259ri \u00fczr\u0259 D\u00f6vl\u0259t Komit\u0259sinin s\u0259dri Bahar Muradova Prezident\u00a0\u0130lham \u018fliyev\u0259\u00a0ulu \u00f6nd\u0259r Heyd\u0259r \u018fliyevin 100 illik yubileyin\u0259 h\u0259sr olunmu\u015f Az\u0259rbaycan Qad\u0131nlar\u0131n\u0131n VI Qurultay\u0131na t\u0259brik m\u0259ktubu \u00fcnvanlad\u0131\u011f\u0131 \u00fc\u00e7\u00fcn t\u0259\u015f\u0259kk\u00fcr edib. ARANTV.AZ-\u0131n m\u0259lumat\u0131na g\u00f6r\u0259, o, bununla ba\u011fl\u0131 qurultayda \u00e7\u0131x\u0131\u015f\u0131 zaman\u0131 dan\u0131\u015f\u0131b. \u201cBizi ruhland\u0131ran, h\u0259v\u0259sl\u0259ndir\u0259n t\u0259brik m\u0259ktubu \u00fc\u00e7\u00fcn qurultay i\u015ftirak\u00e7\u0131lar\u0131 ad\u0131ndan Prezident \u0130lham \u018fliyev\u0259 t\u0259\u015f\u0259kk\u00fcr edir\u0259m.&hellip;","_links":{"self":[{"href":"https:\/\/arantv.az\/index.php?rest_route=\/wp\/v2\/posts\/647264"}],"collection":[{"href":"https:\/\/arantv.az\/index.php?rest_route=\/wp\/v2\/posts"}],"about":[{"href":"https:\/\/arantv.az\/index.php?rest_route=\/wp\/v2\/types\/post"}],"author":[{"embeddable":true,"href":"https:\/\/arantv.az\/index.php?rest_route=\/wp\/v2\/users\/2"}],"replies":[{"embeddable":true,"href":"https:\/\/arantv.az\/index.php?rest_route=%2Fwp%2Fv2%2Fcomments&post=647264"}],"version-history":[{"count":0,"href":"https:\/\/arantv.az\/index.php?rest_route=\/wp\/v2\/posts\/647264\/revisions"}],"wp:featuredmedia":[{"embeddable":true,"href":"https:\/\/arantv.az\/index.php?rest_route=\/wp\/v2\/media\/23933"}],"wp:attachment":[{"href":"https:\/\/arantv.az\/index.php?rest_route=%2Fwp%2Fv2%2Fmedia&parent=647264"}],"wp:term":[{"taxonomy":"category","embeddable":true,"href":"https:\/\/arantv.az\/index.php?rest_route=%2Fwp%2Fv2%2Fcategories&post=647264"},{"taxonomy":"post_tag","embeddable":true,"href":"https:\/\/arantv.az\/index.php?rest_route=%2Fwp%2Fv2%2Ftags&post=647264"}],"curies":[{"name":"wp","href":"https:\/\/api.w.org\/{rel}","templated":true}]}}