{"id":647269,"date":"2023-10-19T12:09:14","date_gmt":"2023-10-19T08:09:14","guid":{"rendered":"https:\/\/arantv.az\/?p=647269"},"modified":"2023-10-19T12:09:14","modified_gmt":"2023-10-19T08:09:14","slug":"ilham-%c9%99liyev-3-cu-rebuild-karabakh-s%c9%99rgisinin-istirakcilarina-muraci%c9%99t-unvanlayib","status":"publish","type":"post","link":"https:\/\/arantv.az\/?p=647269","title":{"rendered":"\u0130lham \u018fliyev 3-c\u00fc \u201cRebuild Karabakh\u201d s\u0259rgisinin i\u015ftirak\u00e7\u0131lar\u0131na m\u00fcraci\u0259t \u00fcnvanlay\u0131b"},"content":{"rendered":"<p>Prezident\u00a0<strong>\u0130lham \u018fliyev<\/strong>\u00a03-c\u00fc Az\u0259rbaycan Beyn\u0259lxalq \u201cQaraba\u011f\u0131n B\u0259rpa, Yenid\u0259nqurma v\u0259 \u0130nki\u015faf\u0131\u201d &#8211; \u201cRebuild Karabakh\u201d s\u0259rgisinin i\u015ftirak\u00e7\u0131lar\u0131na m\u00fcraci\u0259t \u00fcnvanlay\u0131b.<\/p>\n<p>Bu bar\u0259d\u0259\u00a0<a href=\"https:\/\/president.az\/az\/articles\/view\/61756\" target=\"_blank\" rel=\"noopener\"><strong>President.az<\/strong><\/a>\u00a0x\u0259b\u0259r verir.<\/p>\n<p>M\u00fcraci\u0259td\u0259 deyilir:<\/p>\n<p>\u201cH\u00f6rm\u0259tli S\u0259rgi i\u015ftirak\u00e7\u0131lar\u0131! H\u00f6rm\u0259tli xan\u0131mlar v\u0259 c\u0259nablar!<\/p>\n<p>Sizi 3-c\u00fc Az\u0259rbaycan Beyn\u0259lxalq \u201cQaraba\u011f\u0131n B\u0259rpa, Yenid\u0259nqurma v\u0259 \u0130nki\u015faf\u0131\u201d &#8211; \u201cRebuild Karabakh\u201d s\u0259rgisinin a\u00e7\u0131l\u0131\u015f\u0131 m\u00fcnasib\u0259til\u0259 s\u0259mimi-q\u0259lbd\u0259n salamlay\u0131ram.<\/p>\n<p>\u00d6t\u0259n ill\u0259rin t\u0259cr\u00fcb\u0259si g\u00f6st\u0259rir ki, bel\u0259 s\u0259rgil\u0259rin t\u0259\u015fkili i\u015f\u011faldan azad edilmi\u015f \u0259razil\u0259rd\u0259 sosial-iqtisadi h\u0259yat\u0131n b\u0259rpas\u0131, regional s\u00fclh v\u0259 davaml\u0131 inki\u015faf m\u0259qs\u0259dinin realla\u015fmas\u0131 bax\u0131m\u0131ndan faydal\u0131 olub. \u015e\u00fcbh\u0259siz ki, bug\u00fcnk\u00fc s\u0259rgi d\u0259 g\u0259l\u0259c\u0259k biznes layih\u0259l\u0259rinin ger\u00e7\u0259kl\u0259\u015fdirilm\u0259si \u00fc\u00e7\u00fcn m\u00fch\u00fcm f\u00fcrs\u0259tl\u0259r yaradacaq.<\/p>\n<p>Bu s\u0259rgi xalq\u0131m\u0131z\u0131n \u00fcmummilli lideri Heyd\u0259r \u018fliyevin 100 illik yubileyinin ke\u00e7irildiyi d\u00f6vr\u0259 t\u0259sad\u00fcf edir. Az\u0259rbaycana r\u0259hb\u0259rlik etdiyi b\u00fct\u00fcn d\u00f6vrl\u0259rd\u0259 d\u00f6vl\u0259timizin \u0259razi b\u00fct\u00f6vl\u00fcy\u00fcn\u00fcn t\u0259min edilm\u0259sind\u0259 v\u0259 m\u00fcst\u0259qil inki\u015faf\u0131nda onun misilsiz xidm\u0259tl\u0259ri var.<\/p>\n<p>\u00dcmummilli lider Heyd\u0259r \u018fliyev suveren Az\u0259rbaycan\u0131 Qaraba\u011fs\u0131z v\u0259 onun tac\u0131 olan \u015eu\u015fas\u0131z t\u0259s\u0259vv\u00fcr etmirdi. Ulu \u00f6nd\u0259r h\u0259min \u0259razil\u0259rin iqtisadi-m\u0259d\u0259ni inki\u015faf\u0131 v\u0259 h\u0259yat s\u0259viyy\u0259sinin davaml\u0131 yax\u015f\u0131la\u015fmas\u0131 namin\u0259 x\u00fcsusi s\u0259y g\u00f6st\u0259rib.<\/p>\n<p>Ulu \u00f6nd\u0259rin b\u00f6y\u00fck co\u015fqu il\u0259 sevdiyi Qaraba\u011fda v\u0259 \u015e\u0259rqi Z\u0259ng\u0259zurda h\u0259yat yenid\u0259n canlan\u0131r. \u015e\u0259h\u0259rl\u0259r, k\u0259ndl\u0259r, q\u0259s\u0259b\u0259l\u0259r abadla\u015fd\u0131qca bu torpaqlar\u0131n \u0259z\u0259li sahibl\u0259ri s\u00fclh \u015f\u0259raitind\u0259 \u0259b\u0259di ya\u015famaq \u00fc\u00e7\u00fcn do\u011fma yurdlar\u0131na qay\u0131d\u0131rlar. H\u0259min \u0259razil\u0259rd\u0259 u\u011furla icra edil\u0259n quruculuq-b\u0259rpa v\u0259 reinteqrasiya i\u015fl\u0259ri d\u00f6vl\u0259t v\u0259 \u00f6z\u0259l sektor aras\u0131nda faydal\u0131 \u0259m\u0259kda\u015fl\u0131q v\u0259 inki\u015faf n\u00fcmun\u0259sin\u0259 \u00e7evrilir.<\/p>\n<p>S\u0259rgi i\u015ftirak\u00e7\u0131lar\u0131n\u0131 &#8211; qabaqc\u0131l i\u015f adamlar\u0131n\u0131 i\u015f\u011faldan azad edilmi\u015f do\u011fma torpaqlar\u0131n b\u0259rpas\u0131 v\u0259 inki\u015faf\u0131 \u00fc\u00e7\u00fcn d\u00f6vl\u0259timiz t\u0259r\u0259find\u0259n yarad\u0131lm\u0131\u015f imkanlardan faydalanma\u011fa, habel\u0259 biznes ideyalar\u0131n\u0131 vahid m\u0259qs\u0259d \u0259traf\u0131nda birl\u0259\u015fdirm\u0259y\u0259 d\u0259v\u0259t edir\u0259m.<\/p>\n<p>\u018fmin\u0259m ki, \u201cRebuild Karabakh\u201d s\u0259rgisi Qaraba\u011fda v\u0259 \u015e\u0259rqi Z\u0259ng\u0259zurda faydal\u0131 t\u0259\u015f\u0259bb\u00fcsl\u0259rin u\u011furla ger\u00e7\u0259kl\u0259\u015fm\u0259si v\u0259 yeni i\u015fg\u00fczar \u0259laq\u0259l\u0259r qurulmas\u0131 bax\u0131m\u0131ndan \u0259lveri\u015fli platforma olacaq.<\/p>\n<p>Bir daha b\u00fct\u00fcn s\u0259rgi i\u015ftirak\u00e7\u0131lar\u0131na v\u0259 ziyar\u0259t\u00e7il\u0259r\u0259 i\u015fl\u0259rind\u0259 m\u00fcv\u0259ff\u0259qiyy\u0259tl\u0259r arzulay\u0131ram!<\/p>\n<p>Qaraba\u011f Az\u0259rbaycand\u0131r!\u201d<\/p>\n","protected":false},"excerpt":{"rendered":"<p>Prezident\u00a0\u0130lham \u018fliyev\u00a03-c\u00fc Az\u0259rbaycan Beyn\u0259lxalq \u201cQaraba\u011f\u0131n B\u0259rpa, Yenid\u0259nqurma v\u0259 \u0130nki\u015faf\u0131\u201d &#8211; \u201cRebuild Karabakh\u201d s\u0259rgisinin i\u015ftirak\u00e7\u0131lar\u0131na m\u00fcraci\u0259t \u00fcnvanlay\u0131b. Bu bar\u0259d\u0259\u00a0President.az\u00a0x\u0259b\u0259r verir. M\u00fcraci\u0259td\u0259 deyilir: \u201cH\u00f6rm\u0259tli S\u0259rgi i\u015ftirak\u00e7\u0131lar\u0131! H\u00f6rm\u0259tli xan\u0131mlar v\u0259 c\u0259nablar! Sizi 3-c\u00fc Az\u0259rbaycan Beyn\u0259lxalq \u201cQaraba\u011f\u0131n B\u0259rpa, Yenid\u0259nqurma v\u0259 \u0130nki\u015faf\u0131\u201d &#8211; \u201cRebuild Karabakh\u201d s\u0259rgisinin a\u00e7\u0131l\u0131\u015f\u0131 m\u00fcnasib\u0259til\u0259 s\u0259mimi-q\u0259lbd\u0259n salamlay\u0131ram. \u00d6t\u0259n ill\u0259rin t\u0259cr\u00fcb\u0259si g\u00f6st\u0259rir ki, bel\u0259 s\u0259rgil\u0259rin t\u0259\u015fkili i\u015f\u011faldan azad edilmi\u015f \u0259razil\u0259rd\u0259 sosial-iqtisadi h\u0259yat\u0131n b\u0259rpas\u0131, regional s\u00fclh v\u0259 davaml\u0131 inki\u015faf m\u0259qs\u0259dinin realla\u015fmas\u0131 bax\u0131m\u0131ndan faydal\u0131 olub. \u015e\u00fcbh\u0259siz ki, bug\u00fcnk\u00fc s\u0259rgi d\u0259 g\u0259l\u0259c\u0259k biznes layih\u0259l\u0259rinin ger\u00e7\u0259kl\u0259\u015fdirilm\u0259si \u00fc\u00e7\u00fcn m\u00fch\u00fcm f\u00fcrs\u0259tl\u0259r yaradacaq. Bu s\u0259rgi xalq\u0131m\u0131z\u0131n \u00fcmummilli lideri Heyd\u0259r \u018fliyevin&hellip;<\/p>\n","protected":false},"author":2,"featured_media":647271,"comment_status":"closed","ping_status":"closed","sticky":false,"template":"","format":"standard","meta":{"om_disable_all_campaigns":false,"_monsterinsights_skip_tracking":false,"_monsterinsights_sitenote_active":false,"_monsterinsights_sitenote_note":"","_monsterinsights_sitenote_category":0},"categories":[4],"tags":[],"aioseo_notices":[],"gutentor_comment":0,"rttpg_featured_image_url":{"full":["https:\/\/arantv.az\/wp-content\/uploads\/2023\/10\/158333732023421631-2.jpg",620,413,false],"landscape":["https:\/\/arantv.az\/wp-content\/uploads\/2023\/10\/158333732023421631-2.jpg",620,413,false],"portraits":["https:\/\/arantv.az\/wp-content\/uploads\/2023\/10\/158333732023421631-2.jpg",620,413,false],"thumbnail":["https:\/\/arantv.az\/wp-content\/uploads\/2023\/10\/158333732023421631-2-500x280.jpg",500,280,true],"medium":["https:\/\/arantv.az\/wp-content\/uploads\/2023\/10\/158333732023421631-2-548x365.jpg",548,365,true],"large":["https:\/\/arantv.az\/wp-content\/uploads\/2023\/10\/158333732023421631-2.jpg",620,413,false],"1536x1536":["https:\/\/arantv.az\/wp-content\/uploads\/2023\/10\/158333732023421631-2.jpg",620,413,false],"2048x2048":["https:\/\/arantv.az\/wp-content\/uploads\/2023\/10\/158333732023421631-2.jpg",620,413,false],"post-thumbnail":["https:\/\/arantv.az\/wp-content\/uploads\/2023\/10\/158333732023421631-2-240x172.jpg",240,172,true],"advps-thumb-one":["https:\/\/arantv.az\/wp-content\/uploads\/2023\/10\/158333732023421631-2.jpg",620,413,false]},"rttpg_author":{"display_name":"V\u00fcsal Rafiqo\u011flu","author_link":"https:\/\/arantv.az\/?author=2"},"rttpg_comment":0,"rttpg_category":"<a href=\"https:\/\/arantv.az\/?cat=4\" rel=\"category\">Siyas\u0259t<\/a>","rttpg_excerpt":"Prezident\u00a0\u0130lham \u018fliyev\u00a03-c\u00fc Az\u0259rbaycan Beyn\u0259lxalq \u201cQaraba\u011f\u0131n B\u0259rpa, Yenid\u0259nqurma v\u0259 \u0130nki\u015faf\u0131\u201d &#8211; \u201cRebuild Karabakh\u201d s\u0259rgisinin i\u015ftirak\u00e7\u0131lar\u0131na m\u00fcraci\u0259t \u00fcnvanlay\u0131b. Bu bar\u0259d\u0259\u00a0President.az\u00a0x\u0259b\u0259r verir. M\u00fcraci\u0259td\u0259 deyilir: \u201cH\u00f6rm\u0259tli S\u0259rgi i\u015ftirak\u00e7\u0131lar\u0131! H\u00f6rm\u0259tli xan\u0131mlar v\u0259 c\u0259nablar! Sizi 3-c\u00fc Az\u0259rbaycan Beyn\u0259lxalq \u201cQaraba\u011f\u0131n B\u0259rpa, Yenid\u0259nqurma v\u0259 \u0130nki\u015faf\u0131\u201d &#8211; \u201cRebuild Karabakh\u201d s\u0259rgisinin a\u00e7\u0131l\u0131\u015f\u0131 m\u00fcnasib\u0259til\u0259 s\u0259mimi-q\u0259lbd\u0259n salamlay\u0131ram. \u00d6t\u0259n ill\u0259rin t\u0259cr\u00fcb\u0259si g\u00f6st\u0259rir ki, bel\u0259 s\u0259rgil\u0259rin t\u0259\u015fkili i\u015f\u011faldan azad&hellip;","_links":{"self":[{"href":"https:\/\/arantv.az\/index.php?rest_route=\/wp\/v2\/posts\/647269"}],"collection":[{"href":"https:\/\/arantv.az\/index.php?rest_route=\/wp\/v2\/posts"}],"about":[{"href":"https:\/\/arantv.az\/index.php?rest_route=\/wp\/v2\/types\/post"}],"author":[{"embeddable":true,"href":"https:\/\/arantv.az\/index.php?rest_route=\/wp\/v2\/users\/2"}],"replies":[{"embeddable":true,"href":"https:\/\/arantv.az\/index.php?rest_route=%2Fwp%2Fv2%2Fcomments&post=647269"}],"version-history":[{"count":0,"href":"https:\/\/arantv.az\/index.php?rest_route=\/wp\/v2\/posts\/647269\/revisions"}],"wp:featuredmedia":[{"embeddable":true,"href":"https:\/\/arantv.az\/index.php?rest_route=\/wp\/v2\/media\/647271"}],"wp:attachment":[{"href":"https:\/\/arantv.az\/index.php?rest_route=%2Fwp%2Fv2%2Fmedia&parent=647269"}],"wp:term":[{"taxonomy":"category","embeddable":true,"href":"https:\/\/arantv.az\/index.php?rest_route=%2Fwp%2Fv2%2Fcategories&post=647269"},{"taxonomy":"post_tag","embeddable":true,"href":"https:\/\/arantv.az\/index.php?rest_route=%2Fwp%2Fv2%2Ftags&post=647269"}],"curies":[{"name":"wp","href":"https:\/\/api.w.org\/{rel}","templated":true}]}}