{"id":64728,"date":"2019-06-07T12:10:32","date_gmt":"2019-06-07T09:10:32","guid":{"rendered":"http:\/\/arantv.az\/?p=64728"},"modified":"2019-06-07T12:10:32","modified_gmt":"2019-06-07T09:10:32","slug":"dini-komit%c9%99-ramazan-ayi-il%c9%99-bagli-monitorinqin-n%c9%99tic%c9%99l%c9%99rini-aciqladi","status":"publish","type":"post","link":"https:\/\/arantv.az\/?p=64728","title":{"rendered":"Dini Komit\u0259 Ramazan ay\u0131 il\u0259 ba\u011fl\u0131 monitorinqin N\u018fT\u0130C\u018fL\u018fR\u0130N\u0130 a\u00e7\u0131qlad\u0131"},"content":{"rendered":"<p><strong>&#8220;Ramazan ay\u0131 \u0259rzind\u0259 Dini Qurumlarla \u0130\u015f \u00fczr\u0259 D\u00f6vl\u0259t Komit\u0259si t\u0259r\u0259find\u0259n dini ayinl\u0259rin icras\u0131 \u00fczr\u0259 monitorinql\u0259r bu il d\u0259 davam etdirilib&#8221;.<\/strong><\/p>\n<p><strong>ARANTV.AZ\u00a0<\/strong> x\u0259b\u0259r verir ki, bunu\u00a0<a href=\"https:\/\/az.trend.az\/\" target=\"_blank\" rel=\"noopener\">Trend<\/a>-\u0259 D\u00f6vl\u0259t Komit\u0259sinin s\u0259dr m\u00fcavini\u00a0<strong>S\u0259yavu\u015f Heyd\u0259rov<\/strong>\u00a0deyib.<\/p>\n<p>Komit\u0259 r\u0259smisi bildirib ki, Ramazan ay\u0131ndan \u00f6nc\u0259 d\u0259 maarifl\u0259ndirici, izahedici g\u00f6r\u00fc\u015fl\u0259r ke\u00e7irilib, o c\u00fcml\u0259d\u0259n b\u0259zi profilaktik xarakterli s\u00f6hb\u0259tl\u0259r apar\u0131l\u0131b:<\/p>\n<p>&#8220;\u018fvv\u0259lki ill\u0259rl\u0259 m\u00fcqayis\u0259d\u0259 bu il xeyli m\u00fcsb\u0259t ir\u0259lil\u0259yi\u015f m\u00fc\u015fahid\u0259 edilib. Bel\u0259 ki, \u0259vv\u0259lki ill\u0259rd\u0259 xarici \u00f6lk\u0259l\u0259rd\u0259n g\u0259tirilmi\u015f t\u0259qviml\u0259rd\u0259n istifad\u0259 hallar\u0131na daha \u00e7ox rast g\u0259linirdi. Lakin cari ild\u0259 ke\u00e7irilmi\u015f monitorinql\u0259r n\u0259tic\u0259sind\u0259 bu sah\u0259d\u0259 ciddi qanun pozuntular\u0131 a\u015fkar edilm\u0259yib&#8221;.<\/p>\n<p>S.Heyd\u0259rov, h\u0259m\u00e7inin dini ayinl\u0259rin icras\u0131 il\u0259 ba\u011fl\u0131 Komit\u0259nin t\u00f6vsiy\u0259sini diqq\u0259t\u0259 \u00e7atd\u0131r\u0131b:<\/p>\n<p>&#8220;Dini ayinl\u0259rin icras\u0131 zaman\u0131 ancaq Qafqaz M\u00fcs\u0259lmanlar\u0131 \u0130dar\u0259si t\u0259r\u0259find\u0259n m\u00fc\u0259yy\u0259n edilmi\u015f t\u0259qvimd\u0259n istifad\u0259 olunmas\u0131n\u0131 t\u00f6vsiy\u0259 edirik. Dig\u0259r \u00f6lk\u0259l\u0259rd\u0259n g\u0259tirilmi\u015f t\u0259qviml\u0259r \u00fcmumiyy\u0259tl\u0259 bizim co\u011frafi m\u00f6vqeyimizl\u0259, \u0259n\u0259n\u0259vi dini-m\u0259n\u0259vi d\u0259y\u0259rl\u0259rimizl\u0259 uy\u011fun deyil. Bu c\u00fcr t\u0259qviml\u0259r yad dini ideologiyalar\u0131n t\u0259bli\u011finin t\u0259rkib hiss\u0259sidir. B\u0259zi hallarda bunun f\u0259rqin\u0259 varmadan xaricd\u0259n g\u0259tirilmi\u015f t\u0259qviml\u0259rd\u0259n istifad\u0259 olunur. D\u00fczd\u00fcr, son ill\u0259r bu c\u00fcr hallar kifay\u0259t q\u0259d\u0259r azal\u0131b v\u0259 ciddi pozuntu a\u015fkar edilm\u0259yib. Bir daha t\u00f6vsiy\u0259 edirik ki, yad dini ideologiyan\u0131n t\u0259sirin\u0259 m\u0259ruz qalmamaq \u00fc\u00e7\u00fcn ancaq Qafqaz M\u00fcs\u0259lmanlar\u0131 \u0130dar\u0259si t\u0259r\u0259find\u0259n m\u00fc\u0259yy\u0259n edilmi\u015f t\u0259qvimd\u0259n istifad\u0259 edilsin. T\u0259cr\u00fcb\u0259 d\u0259 g\u00f6st\u0259rir ki, b\u0259zi \u015f\u0259xsl\u0259rin yad dini ideologiyalar\u0131n t\u0259sirl\u0259rin\u0259 m\u0259ruz qalmas\u0131nda h\u0259min t\u0259qviml\u0259r ba\u015fl\u0131ca rol oynay\u0131b&#8221;.<\/p>\n","protected":false},"excerpt":{"rendered":"<p>&#8220;Ramazan ay\u0131 \u0259rzind\u0259 Dini Qurumlarla \u0130\u015f \u00fczr\u0259 D\u00f6vl\u0259t Komit\u0259si t\u0259r\u0259find\u0259n dini ayinl\u0259rin icras\u0131 \u00fczr\u0259 monitorinql\u0259r bu il d\u0259 davam etdirilib&#8221;. ARANTV.AZ\u00a0 x\u0259b\u0259r verir ki, bunu\u00a0Trend-\u0259 D\u00f6vl\u0259t Komit\u0259sinin s\u0259dr m\u00fcavini\u00a0S\u0259yavu\u015f Heyd\u0259rov\u00a0deyib. Komit\u0259 r\u0259smisi bildirib ki, Ramazan ay\u0131ndan \u00f6nc\u0259 d\u0259 maarifl\u0259ndirici, izahedici g\u00f6r\u00fc\u015fl\u0259r ke\u00e7irilib, o c\u00fcml\u0259d\u0259n b\u0259zi profilaktik xarakterli s\u00f6hb\u0259tl\u0259r apar\u0131l\u0131b: &#8220;\u018fvv\u0259lki ill\u0259rl\u0259 m\u00fcqayis\u0259d\u0259 bu il xeyli m\u00fcsb\u0259t ir\u0259lil\u0259yi\u015f m\u00fc\u015fahid\u0259 edilib. Bel\u0259 ki, \u0259vv\u0259lki ill\u0259rd\u0259 xarici \u00f6lk\u0259l\u0259rd\u0259n g\u0259tirilmi\u015f t\u0259qviml\u0259rd\u0259n istifad\u0259 hallar\u0131na daha \u00e7ox rast g\u0259linirdi. Lakin cari ild\u0259 ke\u00e7irilmi\u015f monitorinql\u0259r n\u0259tic\u0259sind\u0259 bu sah\u0259d\u0259 ciddi qanun pozuntular\u0131 a\u015fkar edilm\u0259yib&#8221;. S.Heyd\u0259rov, h\u0259m\u00e7inin dini ayinl\u0259rin&hellip;<\/p>\n","protected":false},"author":2,"featured_media":64729,"comment_status":"closed","ping_status":"closed","sticky":false,"template":"","format":"standard","meta":{"om_disable_all_campaigns":false,"_monsterinsights_skip_tracking":false,"_monsterinsights_sitenote_active":false,"_monsterinsights_sitenote_note":"","_monsterinsights_sitenote_category":0},"categories":[1],"tags":[],"aioseo_notices":[],"gutentor_comment":0,"rttpg_featured_image_url":{"full":["https:\/\/arantv.az\/wp-content\/uploads\/2019\/06\/dqidk_bina_0256.jpg",800,600,false],"landscape":["https:\/\/arantv.az\/wp-content\/uploads\/2019\/06\/dqidk_bina_0256.jpg",800,600,false],"portraits":["https:\/\/arantv.az\/wp-content\/uploads\/2019\/06\/dqidk_bina_0256.jpg",800,600,false],"thumbnail":["https:\/\/arantv.az\/wp-content\/uploads\/2019\/06\/dqidk_bina_0256-150x150.jpg",150,150,true],"medium":["https:\/\/arantv.az\/wp-content\/uploads\/2019\/06\/dqidk_bina_0256-300x225.jpg",300,225,true],"large":["https:\/\/arantv.az\/wp-content\/uploads\/2019\/06\/dqidk_bina_0256.jpg",640,480,false],"1536x1536":["https:\/\/arantv.az\/wp-content\/uploads\/2019\/06\/dqidk_bina_0256.jpg",800,600,false],"2048x2048":["https:\/\/arantv.az\/wp-content\/uploads\/2019\/06\/dqidk_bina_0256.jpg",800,600,false],"post-thumbnail":["https:\/\/arantv.az\/wp-content\/uploads\/2019\/06\/dqidk_bina_0256-240x172.jpg",240,172,true],"advps-thumb-one":["https:\/\/arantv.az\/wp-content\/uploads\/2019\/06\/dqidk_bina_0256.jpg",800,600,false]},"rttpg_author":{"display_name":"V\u00fcsal Rafiqo\u011flu","author_link":"https:\/\/arantv.az\/?author=2"},"rttpg_comment":0,"rttpg_category":"<a href=\"https:\/\/arantv.az\/?cat=1\" rel=\"category\">C\u0259miyy\u0259t<\/a>","rttpg_excerpt":"&#8220;Ramazan ay\u0131 \u0259rzind\u0259 Dini Qurumlarla \u0130\u015f \u00fczr\u0259 D\u00f6vl\u0259t Komit\u0259si t\u0259r\u0259find\u0259n dini ayinl\u0259rin icras\u0131 \u00fczr\u0259 monitorinql\u0259r bu il d\u0259 davam etdirilib&#8221;. ARANTV.AZ\u00a0 x\u0259b\u0259r verir ki, bunu\u00a0Trend-\u0259 D\u00f6vl\u0259t Komit\u0259sinin s\u0259dr m\u00fcavini\u00a0S\u0259yavu\u015f Heyd\u0259rov\u00a0deyib. Komit\u0259 r\u0259smisi bildirib ki, Ramazan ay\u0131ndan \u00f6nc\u0259 d\u0259 maarifl\u0259ndirici, izahedici g\u00f6r\u00fc\u015fl\u0259r ke\u00e7irilib, o c\u00fcml\u0259d\u0259n b\u0259zi profilaktik xarakterli s\u00f6hb\u0259tl\u0259r apar\u0131l\u0131b: &#8220;\u018fvv\u0259lki ill\u0259rl\u0259 m\u00fcqayis\u0259d\u0259 bu il xeyli&hellip;","_links":{"self":[{"href":"https:\/\/arantv.az\/index.php?rest_route=\/wp\/v2\/posts\/64728"}],"collection":[{"href":"https:\/\/arantv.az\/index.php?rest_route=\/wp\/v2\/posts"}],"about":[{"href":"https:\/\/arantv.az\/index.php?rest_route=\/wp\/v2\/types\/post"}],"author":[{"embeddable":true,"href":"https:\/\/arantv.az\/index.php?rest_route=\/wp\/v2\/users\/2"}],"replies":[{"embeddable":true,"href":"https:\/\/arantv.az\/index.php?rest_route=%2Fwp%2Fv2%2Fcomments&post=64728"}],"version-history":[{"count":0,"href":"https:\/\/arantv.az\/index.php?rest_route=\/wp\/v2\/posts\/64728\/revisions"}],"wp:featuredmedia":[{"embeddable":true,"href":"https:\/\/arantv.az\/index.php?rest_route=\/wp\/v2\/media\/64729"}],"wp:attachment":[{"href":"https:\/\/arantv.az\/index.php?rest_route=%2Fwp%2Fv2%2Fmedia&parent=64728"}],"wp:term":[{"taxonomy":"category","embeddable":true,"href":"https:\/\/arantv.az\/index.php?rest_route=%2Fwp%2Fv2%2Fcategories&post=64728"},{"taxonomy":"post_tag","embeddable":true,"href":"https:\/\/arantv.az\/index.php?rest_route=%2Fwp%2Fv2%2Ftags&post=64728"}],"curies":[{"name":"wp","href":"https:\/\/api.w.org\/{rel}","templated":true}]}}