{"id":64731,"date":"2019-06-07T12:13:10","date_gmt":"2019-06-07T09:13:10","guid":{"rendered":"http:\/\/arantv.az\/?p=64731"},"modified":"2019-06-07T12:13:10","modified_gmt":"2019-06-07T09:13:10","slug":"usagi-t%c9%99hvil-ver%c9%99rk%c9%99n-h%c9%99min-qadina-mama-deyirdi-itkin-dus%c9%99n-z%c9%99hra-zaurun-verilisind%c9%99-foto","status":"publish","type":"post","link":"https:\/\/arantv.az\/?p=64731","title":{"rendered":"&#8220;U\u015fa\u011f\u0131 t\u0259hvil ver\u0259rk\u0259n h\u0259min qad\u0131na &#8220;mama&#8221; deyirdi&#8230;&#8221; &#8211; \u0130tkin d\u00fc\u015f\u0259n Z\u0259hra Zaurun verili\u015find\u0259 FOTO-"},"content":{"rendered":"<p>X\u0259b\u0259r verdiyimiz kimi, 3 g\u00fcnd\u00fcr nam\u0259lum \u015f\u0259kild\u0259 itkin d\u00fc\u015f\u0259n Z\u0259hra \u00f6t\u0259n g\u00fcn metro yax\u0131nl\u0131\u011f\u0131nda tap\u0131l\u0131b.<\/p>\n<p><b>ARANTV.AZ\u00a0<\/b>\u00a0x\u0259b\u0259r verir ki, tap\u0131ld\u0131qdan sonra Z\u0259hra atas\u0131 R\u0259sul H\u00fcseynovla birlikd\u0259 Atv-nin efirind\u0259 yay\u0131mlanan &#8220;Biziml\u0259s\u0259n&#8221; proqram\u0131n\u0131n qona\u011f\u0131 olublar. \u0130lk \u00f6nc\u0259 atas\u0131 polis \u0259m\u0259kda\u015flar\u0131na t\u0259\u015f\u0259kk\u00fcr edib v\u0259 yaxalanan qad\u0131n\u0131n istintaq prosesinin h\u0259l\u0259 d\u0259 davam etdiyini bildirib. O, Z\u0259hran\u0131n polis b\u00f6lm\u0259sin\u0259 g\u0259tiril\u0259rk\u0259n h\u0259l\u0259 d\u0259 T\u0259z\u0259g\u00fcl adl\u0131 qad\u0131\u0131na mama dey\u0259 m\u00fcraci\u0259t edib:<\/p>\n<p>&#8220;O qad\u0131n\u0131 he\u00e7 vaxt g\u00f6rm\u0259mi\u015f\u0259m. M\u0259n\u0259 el\u0259 g\u0259ldi ki, sanki o qad\u0131n x\u0259st\u0259 kimi idi. Polis b\u00f6lm\u0259sind\u0259 h\u0259tta bel\u0259 bir hadis\u0259 ya\u015fand\u0131. U\u015fa\u011f\u0131 m\u0259n\u0259 t\u0259hvil ver\u0259rk\u0259n h\u0259min qad\u0131na &#8220;mama&#8221; dey\u0259 m\u00fcraci\u0259t etdi. M\u0259n m\u0259\u0259ttt\u0259l qald\u0131m ki, bir g\u00fcn\u0259 u\u015fa\u011fa nec\u0259 \u00f6yr\u0259dibl\u0259r bunu&#8221;.<\/p>\n<p>Bundan sonra apar\u0131c\u0131 Zaur u\u015fa\u011f\u0131n b\u0259lk\u0259 d\u0259, o qad\u0131nla ilk tan\u0131\u015fl\u0131\u011f\u0131 deyildi dey\u0259 ehtimal\u0131n\u0131 s\u0259sl\u0259ndirib. Bundan sonra ekspertl\u0259r studiyada Z\u0259hra il\u0259 ki\u00e7ik test ed\u0259r\u0259k onun \u0130Q s\u0259viyy\u0259sinin ya\u015f\u0131ndan geri qald\u0131\u011f\u0131n\u0131 m\u00fc\u0259yy\u0259n edibl\u0259r.<\/p>\n<p>Bel\u0259 ki, a\u015f\u0131q Ulduz xan\u0131m Z\u0259hraya: &#8220;M\u0259n s\u0259nin &#8220;mamanam&#8221;, g\u0259l yan\u0131ma&#8221;- dey\u0259 \u00e7a\u011f\u0131r\u0131b v\u0259 u\u015faq onu anas\u0131 kimi tan\u0131yaraq onun quca\u011f\u0131na gedib. Daha sonra ondan anas\u0131n\u0131 g\u00f6st\u0259rm\u0259sini ist\u0259y\u0259rk\u0259n o yenid\u0259n Ulduz xan\u0131m\u0131 g\u00f6st\u0259rib.<\/p>\n<div id=\"AdviadNativeVideo0\" class=\"AdviadNativeVideo\"><\/div>\n<p>Yax\u0131nlarda 4 ya\u015f\u0131 olacaq Z\u0259hran\u0131n \u0130Q s\u0259viyy\u0259sinin ya\u015f\u0131ndan geri qald\u0131\u011f\u0131n\u0131, buna g\u00f6r\u0259 d\u0259 onda m\u0259nims\u0259m\u0259 v\u0259 tan\u0131ma duy\u011fusunun formala\u015fmad\u0131\u011f\u0131n\u0131 bildirib.<\/p>\n<p><img class=\"imgbcodecent\" src=\"https:\/\/upload.az\/foto\/arxiv\/atv_51559898311.png\" alt=\"&quot;U\u015fa\u011f\u0131 t\u0259hvil ver\u0259rk\u0259n h\u0259min qad\u0131na &quot;mama&quot; deyirdi...&quot; - \u0130tkin d\u00fc\u015f\u0259n Z\u0259hra Zaurun verili\u015find\u0259 FOTO-\" \/><\/p>\n<p><img class=\"imgbcodecent\" src=\"https:\/\/upload.az\/foto\/arxiv\/ulduz.PNG\" alt=\"&quot;U\u015fa\u011f\u0131 t\u0259hvil ver\u0259rk\u0259n h\u0259min qad\u0131na &quot;mama&quot; deyirdi...&quot; - \u0130tkin d\u00fc\u015f\u0259n Z\u0259hra Zaurun verili\u015find\u0259 FOTO-\" \/><\/p>\n<p><img class=\"imgbcodecent\" src=\"https:\/\/upload.az\/foto\/arxiv\/usaq_71559898311.png\" alt=\"&quot;U\u015fa\u011f\u0131 t\u0259hvil ver\u0259rk\u0259n h\u0259min qad\u0131na &quot;mama&quot; deyirdi...&quot; - \u0130tkin d\u00fc\u015f\u0259n Z\u0259hra Zaurun verili\u015find\u0259 FOTO-\" \/><\/p>\n<p><img class=\"imgbcodecent\" src=\"https:\/\/upload.az\/foto\/arxiv\/zehraatasi.PNG\" alt=\"&quot;U\u015fa\u011f\u0131 t\u0259hvil ver\u0259rk\u0259n h\u0259min qad\u0131na &quot;mama&quot; deyirdi...&quot; - \u0130tkin d\u00fc\u015f\u0259n Z\u0259hra Zaurun verili\u015find\u0259 FOTO-\" \/><\/p>\n<p>big.az<\/p>\n","protected":false},"excerpt":{"rendered":"<p>X\u0259b\u0259r verdiyimiz kimi, 3 g\u00fcnd\u00fcr nam\u0259lum \u015f\u0259kild\u0259 itkin d\u00fc\u015f\u0259n Z\u0259hra \u00f6t\u0259n g\u00fcn metro yax\u0131nl\u0131\u011f\u0131nda tap\u0131l\u0131b. ARANTV.AZ\u00a0\u00a0x\u0259b\u0259r verir ki, tap\u0131ld\u0131qdan sonra Z\u0259hra atas\u0131 R\u0259sul H\u00fcseynovla birlikd\u0259 Atv-nin efirind\u0259 yay\u0131mlanan &#8220;Biziml\u0259s\u0259n&#8221; proqram\u0131n\u0131n qona\u011f\u0131 olublar. \u0130lk \u00f6nc\u0259 atas\u0131 polis \u0259m\u0259kda\u015flar\u0131na t\u0259\u015f\u0259kk\u00fcr edib v\u0259 yaxalanan qad\u0131n\u0131n istintaq prosesinin h\u0259l\u0259 d\u0259 davam etdiyini bildirib. O, Z\u0259hran\u0131n polis b\u00f6lm\u0259sin\u0259 g\u0259tiril\u0259rk\u0259n h\u0259l\u0259 d\u0259 T\u0259z\u0259g\u00fcl adl\u0131 qad\u0131\u0131na mama dey\u0259 m\u00fcraci\u0259t edib: &#8220;O qad\u0131n\u0131 he\u00e7 vaxt g\u00f6rm\u0259mi\u015f\u0259m. M\u0259n\u0259 el\u0259 g\u0259ldi ki, sanki o qad\u0131n x\u0259st\u0259 kimi idi. Polis b\u00f6lm\u0259sind\u0259 h\u0259tta bel\u0259 bir hadis\u0259 ya\u015fand\u0131. U\u015fa\u011f\u0131 m\u0259n\u0259 t\u0259hvil ver\u0259rk\u0259n h\u0259min&hellip;<\/p>\n","protected":false},"author":2,"featured_media":64732,"comment_status":"closed","ping_status":"closed","sticky":false,"template":"","format":"standard","meta":{"om_disable_all_campaigns":false,"_monsterinsights_skip_tracking":false,"_monsterinsights_sitenote_active":false,"_monsterinsights_sitenote_note":"","_monsterinsights_sitenote_category":0},"categories":[1],"tags":[],"aioseo_notices":[],"gutentor_comment":0,"rttpg_featured_image_url":{"full":["https:\/\/arantv.az\/wp-content\/uploads\/2019\/06\/atabala.png",649,335,false],"landscape":["https:\/\/arantv.az\/wp-content\/uploads\/2019\/06\/atabala.png",649,335,false],"portraits":["https:\/\/arantv.az\/wp-content\/uploads\/2019\/06\/atabala.png",649,335,false],"thumbnail":["https:\/\/arantv.az\/wp-content\/uploads\/2019\/06\/atabala-150x150.png",150,150,true],"medium":["https:\/\/arantv.az\/wp-content\/uploads\/2019\/06\/atabala-300x155.png",300,155,true],"large":["https:\/\/arantv.az\/wp-content\/uploads\/2019\/06\/atabala.png",640,330,false],"1536x1536":["https:\/\/arantv.az\/wp-content\/uploads\/2019\/06\/atabala.png",649,335,false],"2048x2048":["https:\/\/arantv.az\/wp-content\/uploads\/2019\/06\/atabala.png",649,335,false],"post-thumbnail":["https:\/\/arantv.az\/wp-content\/uploads\/2019\/06\/atabala-240x172.png",240,172,true],"advps-thumb-one":["https:\/\/arantv.az\/wp-content\/uploads\/2019\/06\/atabala.png",649,335,false]},"rttpg_author":{"display_name":"V\u00fcsal Rafiqo\u011flu","author_link":"https:\/\/arantv.az\/?author=2"},"rttpg_comment":0,"rttpg_category":"<a href=\"https:\/\/arantv.az\/?cat=1\" rel=\"category\">C\u0259miyy\u0259t<\/a>","rttpg_excerpt":"X\u0259b\u0259r verdiyimiz kimi, 3 g\u00fcnd\u00fcr nam\u0259lum \u015f\u0259kild\u0259 itkin d\u00fc\u015f\u0259n Z\u0259hra \u00f6t\u0259n g\u00fcn metro yax\u0131nl\u0131\u011f\u0131nda tap\u0131l\u0131b. ARANTV.AZ\u00a0\u00a0x\u0259b\u0259r verir ki, tap\u0131ld\u0131qdan sonra Z\u0259hra atas\u0131 R\u0259sul H\u00fcseynovla birlikd\u0259 Atv-nin efirind\u0259 yay\u0131mlanan &#8220;Biziml\u0259s\u0259n&#8221; proqram\u0131n\u0131n qona\u011f\u0131 olublar. \u0130lk \u00f6nc\u0259 atas\u0131 polis \u0259m\u0259kda\u015flar\u0131na t\u0259\u015f\u0259kk\u00fcr edib v\u0259 yaxalanan qad\u0131n\u0131n istintaq prosesinin h\u0259l\u0259 d\u0259 davam etdiyini bildirib. O, Z\u0259hran\u0131n polis b\u00f6lm\u0259sin\u0259 g\u0259tiril\u0259rk\u0259n h\u0259l\u0259&hellip;","_links":{"self":[{"href":"https:\/\/arantv.az\/index.php?rest_route=\/wp\/v2\/posts\/64731"}],"collection":[{"href":"https:\/\/arantv.az\/index.php?rest_route=\/wp\/v2\/posts"}],"about":[{"href":"https:\/\/arantv.az\/index.php?rest_route=\/wp\/v2\/types\/post"}],"author":[{"embeddable":true,"href":"https:\/\/arantv.az\/index.php?rest_route=\/wp\/v2\/users\/2"}],"replies":[{"embeddable":true,"href":"https:\/\/arantv.az\/index.php?rest_route=%2Fwp%2Fv2%2Fcomments&post=64731"}],"version-history":[{"count":0,"href":"https:\/\/arantv.az\/index.php?rest_route=\/wp\/v2\/posts\/64731\/revisions"}],"wp:featuredmedia":[{"embeddable":true,"href":"https:\/\/arantv.az\/index.php?rest_route=\/wp\/v2\/media\/64732"}],"wp:attachment":[{"href":"https:\/\/arantv.az\/index.php?rest_route=%2Fwp%2Fv2%2Fmedia&parent=64731"}],"wp:term":[{"taxonomy":"category","embeddable":true,"href":"https:\/\/arantv.az\/index.php?rest_route=%2Fwp%2Fv2%2Fcategories&post=64731"},{"taxonomy":"post_tag","embeddable":true,"href":"https:\/\/arantv.az\/index.php?rest_route=%2Fwp%2Fv2%2Ftags&post=64731"}],"curies":[{"name":"wp","href":"https:\/\/api.w.org\/{rel}","templated":true}]}}