{"id":647316,"date":"2023-10-19T14:34:12","date_gmt":"2023-10-19T10:34:12","guid":{"rendered":"https:\/\/arantv.az\/?p=647316"},"modified":"2023-10-19T14:34:12","modified_gmt":"2023-10-19T10:34:12","slug":"turksoy-un-bas-katibi-ilham-%c9%99liyevi-t%c9%99brik-edib","status":"publish","type":"post","link":"https:\/\/arantv.az\/?p=647316","title":{"rendered":"T\u00dcRKSOY-un ba\u015f katibi \u0130lham \u018fliyevi t\u0259brik edib"},"content":{"rendered":"<p>T\u00dcRKSOY-un Ba\u015f katibi Sultan Raev Az\u0259rbaycan Prezidenti\u00a0<strong>\u0130lham \u018fliyev\u0259<\/strong>\u00a0t\u0259brik m\u0259ktubu \u00fcnvanlay\u0131b.<\/p>\n<p>Bu bar\u0259d\u0259\u00a0<a href=\"https:\/\/president.az\/az\/articles\/view\/61761\" target=\"_blank\" rel=\"noopener\"><strong>President.az<\/strong><\/a>\u00a0x\u0259b\u0259r verir.<\/p>\n<p>M\u0259ktubda deyilir:<\/p>\n<p>\u201cH\u00f6rm\u0259tli c\u0259nab Prezident!<\/p>\n<p>Beyn\u0259lxalq T\u00fcrk M\u0259d\u0259niyy\u0259ti T\u0259\u015fkilat\u0131 &#8211; T\u00dcRKSOY-un Ba\u015f katibliyi, \u00fczv \u00f6lk\u0259l\u0259rin M\u0259d\u0259niyy\u0259t Nazirl\u0259rinin Daimi \u015euras\u0131 ad\u0131ndan v\u0259 \u015f\u0259xs\u0259n \u00f6z ad\u0131mdan Zati-alinizi v\u0259 qarda\u015f Az\u0259rbaycan xalq\u0131n\u0131 18 Oktyabr &#8211; M\u00fcst\u0259qilliyin B\u0259rpas\u0131 G\u00fcn\u00fc m\u00fcnasib\u0259til\u0259 \u00fcr\u0259kd\u0259n t\u0259brik edir\u0259m.<\/p>\n<p>Ulu \u00f6nd\u0259r Heyd\u0259r \u018fliyevin Az\u0259rbaycan\u0131n m\u00fcst\u0259qilliyinin qorunub-saxlan\u0131lmas\u0131 v\u0259 m\u00f6hk\u0259ml\u0259ndirilm\u0259si istiqam\u0259tind\u0259 yorulmaz s\u0259yl\u0259ri bu g\u00fcn onun layiqli davam\u00e7\u0131s\u0131 olaraq Zati-aliniz t\u0259r\u0259find\u0259n u\u011furla davam etdirilir. Sizin m\u00fc\u0259yy\u0259nl\u0259\u015fdirdiyiniz u\u011furlu inki\u015faf strategiyas\u0131 n\u0259tic\u0259sind\u0259 Az\u0259rbaycan siyasi, iqtisadi, sosial v\u0259 m\u0259d\u0259ni sah\u0259l\u0259rd\u0259 b\u00f6y\u00fck t\u0259r\u0259qqi v\u0259 inki\u015fafa nail olmu\u015fdur.<\/p>\n<p>Zati-alinizin r\u0259hb\u0259rliyi il\u0259 d\u00f6vl\u0259t m\u00fcst\u0259qilliyinin b\u0259rpas\u0131n\u0131n 32-ci ild\u00f6n\u00fcm\u00fcn\u00fcn qeyd olundu\u011fu bu il Az\u0259rbaycan Respublikas\u0131n\u0131n \u0259razi b\u00fct\u00f6vl\u00fcy\u00fc v\u0259 suverenliyi tam b\u0259rpa edilib. Bu g\u00fcn Az\u0259rbaycan\u0131n \u00fc\u00e7r\u0259ngli D\u00f6vl\u0259t Bayra\u011f\u0131 \u00f6lk\u0259nin b\u00fct\u00fcn \u015f\u0259h\u0259r v\u0259 rayonlar\u0131nda q\u00fcrurla dal\u011falan\u0131r.<\/p>\n<p>T\u00dcRKSOY-un yarad\u0131lmas\u0131n\u0131n 30-cu ild\u00f6n\u00fcm\u00fc m\u00fcnasib\u0259til\u0259 Bak\u0131da ke\u00e7iril\u0259n t\u0259nt\u0259n\u0259li m\u0259rasim\u0259 \u00fcnvanlad\u0131\u011f\u0131n\u0131z t\u0259brik m\u0259ktubu bizi daha da ruhland\u0131r\u0131b v\u0259 ortaq t\u00fcrk miras\u0131n\u0131n qorunmas\u0131, t\u0259bli\u011fi il\u0259 ba\u011fl\u0131 ger\u00e7\u0259kl\u0259\u015fdir\u0259c\u0259yimiz irimiqyasl\u0131 layih\u0259l\u0259rd\u0259 Az\u0259rbaycan\u0131n g\u0259l\u0259c\u0259kd\u0259 d\u0259 T\u00dcRKSOY-a geni\u015f d\u0259st\u0259k ver\u0259c\u0259yin\u0259 \u0259minliyimizi art\u0131r\u0131b.<\/p>\n<p>F\u00fcrs\u0259td\u0259n istifad\u0259 ed\u0259r\u0259k, Siz\u0259 m\u00f6hk\u0259m cansa\u011fl\u0131\u011f\u0131, xo\u015fb\u0259xtlik, qarda\u015f Az\u0259rbaycan xalq\u0131na s\u00fclh, t\u0259r\u0259qqi v\u0259 \u0259min-amanl\u0131q arzulay\u0131ram\u201d.<\/p>\n","protected":false},"excerpt":{"rendered":"<p>T\u00dcRKSOY-un Ba\u015f katibi Sultan Raev Az\u0259rbaycan Prezidenti\u00a0\u0130lham \u018fliyev\u0259\u00a0t\u0259brik m\u0259ktubu \u00fcnvanlay\u0131b. Bu bar\u0259d\u0259\u00a0President.az\u00a0x\u0259b\u0259r verir. M\u0259ktubda deyilir: \u201cH\u00f6rm\u0259tli c\u0259nab Prezident! Beyn\u0259lxalq T\u00fcrk M\u0259d\u0259niyy\u0259ti T\u0259\u015fkilat\u0131 &#8211; T\u00dcRKSOY-un Ba\u015f katibliyi, \u00fczv \u00f6lk\u0259l\u0259rin M\u0259d\u0259niyy\u0259t Nazirl\u0259rinin Daimi \u015euras\u0131 ad\u0131ndan v\u0259 \u015f\u0259xs\u0259n \u00f6z ad\u0131mdan Zati-alinizi v\u0259 qarda\u015f Az\u0259rbaycan xalq\u0131n\u0131 18 Oktyabr &#8211; M\u00fcst\u0259qilliyin B\u0259rpas\u0131 G\u00fcn\u00fc m\u00fcnasib\u0259til\u0259 \u00fcr\u0259kd\u0259n t\u0259brik edir\u0259m. Ulu \u00f6nd\u0259r Heyd\u0259r \u018fliyevin Az\u0259rbaycan\u0131n m\u00fcst\u0259qilliyinin qorunub-saxlan\u0131lmas\u0131 v\u0259 m\u00f6hk\u0259ml\u0259ndirilm\u0259si istiqam\u0259tind\u0259 yorulmaz s\u0259yl\u0259ri bu g\u00fcn onun layiqli davam\u00e7\u0131s\u0131 olaraq Zati-aliniz t\u0259r\u0259find\u0259n u\u011furla davam etdirilir. Sizin m\u00fc\u0259yy\u0259nl\u0259\u015fdirdiyiniz u\u011furlu inki\u015faf strategiyas\u0131 n\u0259tic\u0259sind\u0259 Az\u0259rbaycan siyasi, iqtisadi, sosial v\u0259 m\u0259d\u0259ni sah\u0259l\u0259rd\u0259 b\u00f6y\u00fck t\u0259r\u0259qqi&hellip;<\/p>\n","protected":false},"author":2,"featured_media":647318,"comment_status":"closed","ping_status":"closed","sticky":false,"template":"","format":"standard","meta":{"om_disable_all_campaigns":false,"_monsterinsights_skip_tracking":false,"_monsterinsights_sitenote_active":false,"_monsterinsights_sitenote_note":"","_monsterinsights_sitenote_category":0},"categories":[4],"tags":[],"aioseo_notices":[],"gutentor_comment":0,"rttpg_featured_image_url":{"full":["https:\/\/arantv.az\/wp-content\/uploads\/2023\/10\/FotoJet-27.jpg",620,413,false],"landscape":["https:\/\/arantv.az\/wp-content\/uploads\/2023\/10\/FotoJet-27.jpg",620,413,false],"portraits":["https:\/\/arantv.az\/wp-content\/uploads\/2023\/10\/FotoJet-27.jpg",620,413,false],"thumbnail":["https:\/\/arantv.az\/wp-content\/uploads\/2023\/10\/FotoJet-27-500x280.jpg",500,280,true],"medium":["https:\/\/arantv.az\/wp-content\/uploads\/2023\/10\/FotoJet-27-548x365.jpg",548,365,true],"large":["https:\/\/arantv.az\/wp-content\/uploads\/2023\/10\/FotoJet-27.jpg",620,413,false],"1536x1536":["https:\/\/arantv.az\/wp-content\/uploads\/2023\/10\/FotoJet-27.jpg",620,413,false],"2048x2048":["https:\/\/arantv.az\/wp-content\/uploads\/2023\/10\/FotoJet-27.jpg",620,413,false],"post-thumbnail":["https:\/\/arantv.az\/wp-content\/uploads\/2023\/10\/FotoJet-27-240x172.jpg",240,172,true],"advps-thumb-one":["https:\/\/arantv.az\/wp-content\/uploads\/2023\/10\/FotoJet-27.jpg",620,413,false]},"rttpg_author":{"display_name":"V\u00fcsal Rafiqo\u011flu","author_link":"https:\/\/arantv.az\/?author=2"},"rttpg_comment":0,"rttpg_category":"<a href=\"https:\/\/arantv.az\/?cat=4\" rel=\"category\">Siyas\u0259t<\/a>","rttpg_excerpt":"T\u00dcRKSOY-un Ba\u015f katibi Sultan Raev Az\u0259rbaycan Prezidenti\u00a0\u0130lham \u018fliyev\u0259\u00a0t\u0259brik m\u0259ktubu \u00fcnvanlay\u0131b. Bu bar\u0259d\u0259\u00a0President.az\u00a0x\u0259b\u0259r verir. M\u0259ktubda deyilir: \u201cH\u00f6rm\u0259tli c\u0259nab Prezident! Beyn\u0259lxalq T\u00fcrk M\u0259d\u0259niyy\u0259ti T\u0259\u015fkilat\u0131 &#8211; T\u00dcRKSOY-un Ba\u015f katibliyi, \u00fczv \u00f6lk\u0259l\u0259rin M\u0259d\u0259niyy\u0259t Nazirl\u0259rinin Daimi \u015euras\u0131 ad\u0131ndan v\u0259 \u015f\u0259xs\u0259n \u00f6z ad\u0131mdan Zati-alinizi v\u0259 qarda\u015f Az\u0259rbaycan xalq\u0131n\u0131 18 Oktyabr &#8211; M\u00fcst\u0259qilliyin B\u0259rpas\u0131 G\u00fcn\u00fc m\u00fcnasib\u0259til\u0259 \u00fcr\u0259kd\u0259n t\u0259brik edir\u0259m. Ulu \u00f6nd\u0259r Heyd\u0259r&hellip;","_links":{"self":[{"href":"https:\/\/arantv.az\/index.php?rest_route=\/wp\/v2\/posts\/647316"}],"collection":[{"href":"https:\/\/arantv.az\/index.php?rest_route=\/wp\/v2\/posts"}],"about":[{"href":"https:\/\/arantv.az\/index.php?rest_route=\/wp\/v2\/types\/post"}],"author":[{"embeddable":true,"href":"https:\/\/arantv.az\/index.php?rest_route=\/wp\/v2\/users\/2"}],"replies":[{"embeddable":true,"href":"https:\/\/arantv.az\/index.php?rest_route=%2Fwp%2Fv2%2Fcomments&post=647316"}],"version-history":[{"count":0,"href":"https:\/\/arantv.az\/index.php?rest_route=\/wp\/v2\/posts\/647316\/revisions"}],"wp:featuredmedia":[{"embeddable":true,"href":"https:\/\/arantv.az\/index.php?rest_route=\/wp\/v2\/media\/647318"}],"wp:attachment":[{"href":"https:\/\/arantv.az\/index.php?rest_route=%2Fwp%2Fv2%2Fmedia&parent=647316"}],"wp:term":[{"taxonomy":"category","embeddable":true,"href":"https:\/\/arantv.az\/index.php?rest_route=%2Fwp%2Fv2%2Fcategories&post=647316"},{"taxonomy":"post_tag","embeddable":true,"href":"https:\/\/arantv.az\/index.php?rest_route=%2Fwp%2Fv2%2Ftags&post=647316"}],"curies":[{"name":"wp","href":"https:\/\/api.w.org\/{rel}","templated":true}]}}