{"id":647317,"date":"2023-10-19T14:34:22","date_gmt":"2023-10-19T10:34:22","guid":{"rendered":"https:\/\/arantv.az\/?p=647317"},"modified":"2023-10-19T14:34:22","modified_gmt":"2023-10-19T10:34:22","slug":"agdam-v%c9%99-c%c9%99brayildaki-s%c9%99naye-parklarina-20-milyon-manatdan-cox-pul-qoyulub","status":"publish","type":"post","link":"https:\/\/arantv.az\/?p=647317","title":{"rendered":"A\u011fdam v\u0259 C\u0259bray\u0131ldak\u0131 s\u0259naye parklar\u0131na 20 milyon manatdan \u00e7ox pul qoyulub"},"content":{"rendered":"<p>\u0130ndiy\u0259 q\u0259d\u0259r A\u011fdam v\u0259 C\u0259bray\u0131l rayonundak\u0131 \u201cAraz Vadisi \u0130qtisadi Zonas\u0131\u201d s\u0259naye parklar\u0131na \u00fcmumilikd\u0259 20 milyon manatdan \u00e7ox investisiya yat\u0131r\u0131l\u0131b.<\/p>\n<p>Bunu \u201cReport\u201da a\u00e7\u0131qlamas\u0131nda \u0130qtisadiyyat Nazirliyi yan\u0131nda \u0130qtisadi Zonalar\u0131n \u0130nki\u015faf\u0131 Agentliyinin \u0130dar\u0259 Hey\u0259tinin s\u0259dri El\u015fad Nuriyev bildirib.<\/p>\n<p>\u201cO c\u00fcml\u0259d\u0259n A\u011fdam S\u0259naye Park\u0131na 12 milyon manata yax\u0131n investisiya yat\u0131r\u0131l\u0131b. Park\u0131n 19 rezidenti, alt\u0131 qeyri-rezidenti var. Bu investorlar parka 176 milyon manatdan \u00e7ox pul qoyma\u011f\u0131, 1 600-d\u0259n \u00e7ox daimi i\u015f yeri yaratma\u011f\u0131 planla\u015fd\u0131r\u0131rlar. Parkda in\u015fas\u0131 davam ed\u0259n ilk m\u00fc\u0259ssis\u0259nin g\u0259l\u0259n il f\u0259aliyy\u0259t\u0259 ba\u015flamas\u0131 g\u00f6zl\u0259nilir.<\/p>\n<p>200 hektar \u0259razini \u0259hat\u0259 ed\u0259n \u201cAraz Vadisi \u0130qtisadi Zonas\u0131\u201d S\u0259naye Park\u0131na is\u0259 10 milyon manata yax\u0131n investisiya yat\u0131r\u0131l\u0131b. Park\u0131n be\u015f rezidenti, bir qeyri-rezidenti var. Bu investorlar Parka 33 milyon manata yax\u0131n pul qoymaq, 420-d\u0259n \u00e7ox daimi i\u015f yeri yaratmaq ist\u0259yirl\u0259r. Rezidentl\u0259rd\u0259n biri &#8211; \u201cAvto Lizinq Az\u0259rbaycan\u201d MMC art\u0131q f\u0259aliyy\u0259t\u0259 ba\u015flay\u0131b\u201d, &#8211; dey\u0259 o qeyd edib.<\/p>\n<p>E.Nuriyev, h\u0259m\u00e7inin bildirib ki, A\u011fdam v\u0259 \u201cAraz Vadisi \u0130qtisadi Zonas\u0131\u201d s\u0259naye parklar\u0131nda da \u0259lveri\u015fli investisiya m\u00fchiti yarad\u0131l\u0131r:<\/p>\n<p>\u201cParklar\u0131n rezidentl\u0259ri d\u00f6vl\u0259t v\u0259saiti hesab\u0131na haz\u0131r infrastrukturla t\u0259min edilir. Eyni zamanda, qeydiyyata al\u0131nd\u0131qlar\u0131 tarixd\u0259n etibar\u0259n 10 il m\u00fcdd\u0259tin\u0259 \u0259mlak vergisind\u0259n, torpaq vergisind\u0259n, m\u0259nf\u0259\u0259t vergisind\u0259n, istehsal m\u0259qs\u0259dil\u0259 idxal etdikl\u0259ri texnikan\u0131n, texnoloji avadanl\u0131qlar\u0131n v\u0259 qur\u011fular\u0131n idxal\u0131 zaman\u0131 \u018fDV-d\u0259n v\u0259 10 il m\u00fcdd\u0259tin\u0259 g\u00f6mr\u00fck r\u00fcsumlar\u0131ndan azad olunurlar.<\/p>\n<p>H\u0259m\u00e7inin, bu il yanvar\u0131n 1-d\u0259n Vergi M\u0259c\u0259ll\u0259sin\u0259 edilmi\u015f d\u0259yi\u015fikliy\u0259 \u0259sas\u0259n, i\u015f\u011faldan azad edilmi\u015f \u0259razil\u0259rd\u0259 f\u0259aliyy\u0259t g\u00f6st\u0259r\u0259c\u0259k sahibkarlara \u0259lav\u0259 g\u00fcz\u0259\u015ftl\u0259r t\u0259tbiq edilir. Buraya sosial s\u0131\u011forta haqlar\u0131n\u0131n subsidiyala\u015fd\u0131r\u0131lmas\u0131, i\u015f\u011faldan azad edilmi\u015f \u0259razil\u0259rd\u0259 m\u0259skunla\u015faraq i\u015fl\u0259y\u0259n m\u00fct\u0259x\u0259ssisl\u0259r\u0259 h\u0259r il be\u015f g\u00fcn \u0259lav\u0259 m\u0259zuniyy\u0259t verilm\u0259si; ayl\u0131q v\u0259zif\u0259 maa\u015f\u0131na \u0259lav\u0259l\u0259rin hesablanmas\u0131; 600 manat bird\u0259f\u0259lik m\u00fcavin\u0259t verilm\u0259si) i\u015f icaz\u0259l\u0259rinin al\u0131nmas\u0131n\u0131n sad\u0259l\u0259\u015fdirilm\u0259si, \u0259m\u0259k miqrasiyas\u0131 kvotas\u0131n\u0131n t\u0259tbiq edilm\u0259m\u0259si (\u0259cn\u0259bi m\u00fct\u0259x\u0259ssisl\u0259r\u0259 \u0259m\u0259k miqrasiyas\u0131 kvotas\u0131n\u0131n be\u015f il t\u0259tbiq edilm\u0259m\u0259si) d\u0259 daxildir. \u0130\u015f\u011faldan azad edilmi\u015f \u0259razid\u0259 f\u0259aliyy\u0259t g\u00f6st\u0259r\u0259n sahibkar\u0131n istehsal prosesind\u0259 istifad\u0259 ed\u0259c\u0259yi bir s\u0131ra xammal v\u0259 materiallar\u0131n idxal\u0131 da 10 il m\u00fcdd\u0259tin\u0259 \u018fDV-d\u0259n azad olunur.<\/p>\n<p>El\u0259c\u0259 d\u0259, istehsal f\u0259aliyy\u0259ti il\u0259 m\u0259\u015f\u011ful olan sahibkarlara 10 il m\u00fcdd\u0259tind\u0259 h\u0259r ay istehlak olunan kommunal xidm\u0259tl\u0259rin (elektrik enerjisi, t\u0259bii qaz, su t\u0259chizat\u0131 v\u0259 tullant\u0131 sular\u0131n\u0131n ax\u0131d\u0131lmas\u0131 xidm\u0259ti) tarifl\u0259rin\u0259 uy\u011fun olaraq \u00f6d\u0259dikl\u0259ri v\u0259saitin 20%-i q\u0259d\u0259r d\u00f6vl\u0259t b\u00fcdc\u0259sinin v\u0259saiti hesab\u0131na maliyy\u0259 yard\u0131m\u0131 \u00f6d\u0259nilir\u201d.<\/p>\n","protected":false},"excerpt":{"rendered":"<p>\u0130ndiy\u0259 q\u0259d\u0259r A\u011fdam v\u0259 C\u0259bray\u0131l rayonundak\u0131 \u201cAraz Vadisi \u0130qtisadi Zonas\u0131\u201d s\u0259naye parklar\u0131na \u00fcmumilikd\u0259 20 milyon manatdan \u00e7ox investisiya yat\u0131r\u0131l\u0131b. Bunu \u201cReport\u201da a\u00e7\u0131qlamas\u0131nda \u0130qtisadiyyat Nazirliyi yan\u0131nda \u0130qtisadi Zonalar\u0131n \u0130nki\u015faf\u0131 Agentliyinin \u0130dar\u0259 Hey\u0259tinin s\u0259dri El\u015fad Nuriyev bildirib. \u201cO c\u00fcml\u0259d\u0259n A\u011fdam S\u0259naye Park\u0131na 12 milyon manata yax\u0131n investisiya yat\u0131r\u0131l\u0131b. Park\u0131n 19 rezidenti, alt\u0131 qeyri-rezidenti var. Bu investorlar parka 176 milyon manatdan \u00e7ox pul qoyma\u011f\u0131, 1 600-d\u0259n \u00e7ox daimi i\u015f yeri yaratma\u011f\u0131 planla\u015fd\u0131r\u0131rlar. Parkda in\u015fas\u0131 davam ed\u0259n ilk m\u00fc\u0259ssis\u0259nin g\u0259l\u0259n il f\u0259aliyy\u0259t\u0259 ba\u015flamas\u0131 g\u00f6zl\u0259nilir. 200 hektar \u0259razini \u0259hat\u0259 ed\u0259n \u201cAraz Vadisi \u0130qtisadi Zonas\u0131\u201d S\u0259naye&hellip;<\/p>\n","protected":false},"author":2,"featured_media":647319,"comment_status":"closed","ping_status":"closed","sticky":false,"template":"","format":"standard","meta":{"om_disable_all_campaigns":false,"_monsterinsights_skip_tracking":false,"_monsterinsights_sitenote_active":false,"_monsterinsights_sitenote_note":"","_monsterinsights_sitenote_category":0},"categories":[4],"tags":[],"aioseo_notices":[],"gutentor_comment":0,"rttpg_featured_image_url":{"full":["https:\/\/arantv.az\/wp-content\/uploads\/2023\/10\/5ff95c2d-4101-359b-9c7b-92997c635c2a_850.jpg",620,413,false],"landscape":["https:\/\/arantv.az\/wp-content\/uploads\/2023\/10\/5ff95c2d-4101-359b-9c7b-92997c635c2a_850.jpg",620,413,false],"portraits":["https:\/\/arantv.az\/wp-content\/uploads\/2023\/10\/5ff95c2d-4101-359b-9c7b-92997c635c2a_850.jpg",620,413,false],"thumbnail":["https:\/\/arantv.az\/wp-content\/uploads\/2023\/10\/5ff95c2d-4101-359b-9c7b-92997c635c2a_850-500x280.jpg",500,280,true],"medium":["https:\/\/arantv.az\/wp-content\/uploads\/2023\/10\/5ff95c2d-4101-359b-9c7b-92997c635c2a_850-548x365.jpg",548,365,true],"large":["https:\/\/arantv.az\/wp-content\/uploads\/2023\/10\/5ff95c2d-4101-359b-9c7b-92997c635c2a_850.jpg",620,413,false],"1536x1536":["https:\/\/arantv.az\/wp-content\/uploads\/2023\/10\/5ff95c2d-4101-359b-9c7b-92997c635c2a_850.jpg",620,413,false],"2048x2048":["https:\/\/arantv.az\/wp-content\/uploads\/2023\/10\/5ff95c2d-4101-359b-9c7b-92997c635c2a_850.jpg",620,413,false],"post-thumbnail":["https:\/\/arantv.az\/wp-content\/uploads\/2023\/10\/5ff95c2d-4101-359b-9c7b-92997c635c2a_850-240x172.jpg",240,172,true],"advps-thumb-one":["https:\/\/arantv.az\/wp-content\/uploads\/2023\/10\/5ff95c2d-4101-359b-9c7b-92997c635c2a_850.jpg",620,413,false]},"rttpg_author":{"display_name":"V\u00fcsal Rafiqo\u011flu","author_link":"https:\/\/arantv.az\/?author=2"},"rttpg_comment":0,"rttpg_category":"<a href=\"https:\/\/arantv.az\/?cat=4\" rel=\"category\">Siyas\u0259t<\/a>","rttpg_excerpt":"\u0130ndiy\u0259 q\u0259d\u0259r A\u011fdam v\u0259 C\u0259bray\u0131l rayonundak\u0131 \u201cAraz Vadisi \u0130qtisadi Zonas\u0131\u201d s\u0259naye parklar\u0131na \u00fcmumilikd\u0259 20 milyon manatdan \u00e7ox investisiya yat\u0131r\u0131l\u0131b. Bunu \u201cReport\u201da a\u00e7\u0131qlamas\u0131nda \u0130qtisadiyyat Nazirliyi yan\u0131nda \u0130qtisadi Zonalar\u0131n \u0130nki\u015faf\u0131 Agentliyinin \u0130dar\u0259 Hey\u0259tinin s\u0259dri El\u015fad Nuriyev bildirib. \u201cO c\u00fcml\u0259d\u0259n A\u011fdam S\u0259naye Park\u0131na 12 milyon manata yax\u0131n investisiya yat\u0131r\u0131l\u0131b. Park\u0131n 19 rezidenti, alt\u0131 qeyri-rezidenti var. Bu investorlar parka&hellip;","_links":{"self":[{"href":"https:\/\/arantv.az\/index.php?rest_route=\/wp\/v2\/posts\/647317"}],"collection":[{"href":"https:\/\/arantv.az\/index.php?rest_route=\/wp\/v2\/posts"}],"about":[{"href":"https:\/\/arantv.az\/index.php?rest_route=\/wp\/v2\/types\/post"}],"author":[{"embeddable":true,"href":"https:\/\/arantv.az\/index.php?rest_route=\/wp\/v2\/users\/2"}],"replies":[{"embeddable":true,"href":"https:\/\/arantv.az\/index.php?rest_route=%2Fwp%2Fv2%2Fcomments&post=647317"}],"version-history":[{"count":0,"href":"https:\/\/arantv.az\/index.php?rest_route=\/wp\/v2\/posts\/647317\/revisions"}],"wp:featuredmedia":[{"embeddable":true,"href":"https:\/\/arantv.az\/index.php?rest_route=\/wp\/v2\/media\/647319"}],"wp:attachment":[{"href":"https:\/\/arantv.az\/index.php?rest_route=%2Fwp%2Fv2%2Fmedia&parent=647317"}],"wp:term":[{"taxonomy":"category","embeddable":true,"href":"https:\/\/arantv.az\/index.php?rest_route=%2Fwp%2Fv2%2Fcategories&post=647317"},{"taxonomy":"post_tag","embeddable":true,"href":"https:\/\/arantv.az\/index.php?rest_route=%2Fwp%2Fv2%2Ftags&post=647317"}],"curies":[{"name":"wp","href":"https:\/\/api.w.org\/{rel}","templated":true}]}}