{"id":647321,"date":"2023-10-19T14:34:56","date_gmt":"2023-10-19T10:34:56","guid":{"rendered":"https:\/\/arantv.az\/?p=647321"},"modified":"2023-10-19T14:34:56","modified_gmt":"2023-10-19T10:34:56","slug":"az%c9%99rbaycan-v%c9%99-ozb%c9%99kistan-mn-arasinda-%c9%99m%c9%99kdasliq-plani-imzalanib-foto","status":"publish","type":"post","link":"https:\/\/arantv.az\/?p=647321","title":{"rendered":"Az\u0259rbaycan v\u0259 \u00d6zb\u0259kistan MN aras\u0131nda \u0259m\u0259kda\u015fl\u0131q plan\u0131 imzalan\u0131b &#8211; FOTO"},"content":{"rendered":"<p>\u00d6zb\u0259kistan Respublikas\u0131n\u0131n m\u00fcdafi\u0259 naziri general-leytenant Baxodir Kurbanovun d\u0259v\u0259ti il\u0259 bu \u00f6lk\u0259y\u0259 r\u0259smi s\u0259f\u0259r ed\u0259n Az\u0259rbaycan Respublikas\u0131n\u0131n m\u00fcdafi\u0259 naziri general-polkovnik Zakir H\u0259s\u0259nov oktyabr\u0131n 19-da \u201cBahouddin N\u0259x\u015fb\u0259ndi\u201d memorial kompleksind\u0259 olub.<\/p>\n<p>Bu bar\u0259d\u0259 Az\u0259rbaycan M\u00fcdafi\u0259 Nazirliyind\u0259n m\u0259lumat verilib.<\/p>\n<p>Qeyd olunub ki, kompleksl\u0259 tan\u0131\u015fl\u0131qdan sonra general-polkovnik Z.H\u0259s\u0259nov Buxara \u00fcmumqo\u015fun poliqonuna g\u0259lib.<\/p>\n<p>R\u0259smi qar\u015f\u0131lanma m\u0259rasimi ke\u00e7irilib. M\u00fcdafi\u0259 nazirl\u0259ri f\u0259xri qarovul d\u0259st\u0259sinin \u00f6n\u00fcnd\u0259n ke\u00e7ibl\u0259r, h\u0259r iki \u00f6lk\u0259nin d\u00f6vl\u0259t himni s\u0259sl\u0259ndirilib.<\/p>\n<p>M\u00fcdafi\u0259 nazirl\u0259ri aras\u0131nda \u0259vv\u0259lc\u0259 t\u0259kb\u0259t\u0259k, daha sonra is\u0259 n\u00fcmay\u0259nd\u0259 hey\u0259tl\u0259rinin i\u015ftirak\u0131 il\u0259 geni\u015f t\u0259rkibd\u0259 g\u00f6r\u00fc\u015f ke\u00e7irilib.<\/p>\n<p>G\u00f6r\u00fc\u015fd\u0259 Az\u0259rbaycan il\u0259 \u00d6zb\u0259kistan aras\u0131nda h\u0259rbi, h\u0259rbi-texniki, h\u0259rbi t\u0259hsil sah\u0259l\u0259rind\u0259 \u0259m\u0259kda\u015fl\u0131\u011f\u0131n inki\u015faf perspektivl\u0259ri, h\u0259r iki \u00f6lk\u0259nin m\u00fct\u0259x\u0259ssisl\u0259rind\u0259n ibar\u0259t hey\u0259tin m\u00fct\u0259madi olaraq qar\u015f\u0131l\u0131ql\u0131 s\u0259f\u0259rl\u0259rinin t\u0259\u015fkili v\u0259 maraq do\u011furan bir s\u0131ra dig\u0259r m\u0259s\u0259l\u0259l\u0259r bar\u0259d\u0259 \u0259trafl\u0131 fikir m\u00fcbadil\u0259si apar\u0131l\u0131b.<\/p>\n<p>Sonra poliqonun f\u0259aliyy\u0259ti, maddi v\u0259 t\u0259dris bazas\u0131 il\u0259 tan\u0131\u015fl\u0131q olub. Burada qonaqlara h\u0259rbi qulluq\u00e7ular\u0131n n\u00fcmun\u0259vi m\u0259\u015f\u011f\u0259l\u0259l\u0259ri n\u00fcmayi\u015f etdirilib.<\/p>\n<p>Daha sonra qar\u015f\u0131l\u0131ql\u0131 h\u0259diyy\u0259l\u0259r t\u0259qdim edilib v\u0259 birg\u0259 xatir\u0259 \u015f\u0259kli \u00e7\u0259kdirilib.<\/p>\n<p>Yekunda \u201cAz\u0259rbaycan Respublikas\u0131 M\u00fcdafi\u0259 Nazirliyi v\u0259 \u00d6zb\u0259kistan Respublikas\u0131 M\u00fcdafi\u0259 Nazirliyi aras\u0131nda 2024-c\u00fc il \u00fc\u00e7\u00fcn ikit\u0259r\u0259fli \u0259m\u0259kda\u015fl\u0131q Plan\u0131\u201d imzalan\u0131b.<\/p>\n<p>&nbsp;<\/p>\n<div class=\"gallery\">\n<div class=\"gallery-i\"><img src=\"https:\/\/cdn.oxu.az\/uploads\/W1siZiIsIjIwMjMvMTAvMTkvMTMvNTgvMzkvMTY4ZGIzZjAtYWQ5My00NTQxLWJhZTYtZjUxMzIxYjk4MTA2LzUyOTg3NzUwMTgzNzkwMDU1MDhfMTIxLmpwZyJdLFsicCIsImVuY29kZSIsImpwZyIsIi1xdWFsaXR5IDgwIl0sWyJwIiwidGh1bWIiLCI1OTB4NTkwXHUwMDNlIl1d?sha=1cd91467f311dbf6\" alt=\"\" \/><\/div>\n<\/div>\n","protected":false},"excerpt":{"rendered":"<p>\u00d6zb\u0259kistan Respublikas\u0131n\u0131n m\u00fcdafi\u0259 naziri general-leytenant Baxodir Kurbanovun d\u0259v\u0259ti il\u0259 bu \u00f6lk\u0259y\u0259 r\u0259smi s\u0259f\u0259r ed\u0259n Az\u0259rbaycan Respublikas\u0131n\u0131n m\u00fcdafi\u0259 naziri general-polkovnik Zakir H\u0259s\u0259nov oktyabr\u0131n 19-da \u201cBahouddin N\u0259x\u015fb\u0259ndi\u201d memorial kompleksind\u0259 olub. Bu bar\u0259d\u0259 Az\u0259rbaycan M\u00fcdafi\u0259 Nazirliyind\u0259n m\u0259lumat verilib. Qeyd olunub ki, kompleksl\u0259 tan\u0131\u015fl\u0131qdan sonra general-polkovnik Z.H\u0259s\u0259nov Buxara \u00fcmumqo\u015fun poliqonuna g\u0259lib. R\u0259smi qar\u015f\u0131lanma m\u0259rasimi ke\u00e7irilib. M\u00fcdafi\u0259 nazirl\u0259ri f\u0259xri qarovul d\u0259st\u0259sinin \u00f6n\u00fcnd\u0259n ke\u00e7ibl\u0259r, h\u0259r iki \u00f6lk\u0259nin d\u00f6vl\u0259t himni s\u0259sl\u0259ndirilib. M\u00fcdafi\u0259 nazirl\u0259ri aras\u0131nda \u0259vv\u0259lc\u0259 t\u0259kb\u0259t\u0259k, daha sonra is\u0259 n\u00fcmay\u0259nd\u0259 hey\u0259tl\u0259rinin i\u015ftirak\u0131 il\u0259 geni\u015f t\u0259rkibd\u0259 g\u00f6r\u00fc\u015f ke\u00e7irilib. G\u00f6r\u00fc\u015fd\u0259 Az\u0259rbaycan il\u0259 \u00d6zb\u0259kistan aras\u0131nda h\u0259rbi, h\u0259rbi-texniki, h\u0259rbi t\u0259hsil sah\u0259l\u0259rind\u0259&hellip;<\/p>\n","protected":false},"author":2,"featured_media":647323,"comment_status":"closed","ping_status":"closed","sticky":false,"template":"","format":"standard","meta":{"om_disable_all_campaigns":false,"_monsterinsights_skip_tracking":false,"_monsterinsights_sitenote_active":false,"_monsterinsights_sitenote_note":"","_monsterinsights_sitenote_category":0},"categories":[10],"tags":[],"aioseo_notices":[],"gutentor_comment":0,"rttpg_featured_image_url":{"full":["https:\/\/arantv.az\/wp-content\/uploads\/2023\/10\/5298775018379005507_121.jpg",620,413,false],"landscape":["https:\/\/arantv.az\/wp-content\/uploads\/2023\/10\/5298775018379005507_121.jpg",620,413,false],"portraits":["https:\/\/arantv.az\/wp-content\/uploads\/2023\/10\/5298775018379005507_121.jpg",620,413,false],"thumbnail":["https:\/\/arantv.az\/wp-content\/uploads\/2023\/10\/5298775018379005507_121-500x280.jpg",500,280,true],"medium":["https:\/\/arantv.az\/wp-content\/uploads\/2023\/10\/5298775018379005507_121-548x365.jpg",548,365,true],"large":["https:\/\/arantv.az\/wp-content\/uploads\/2023\/10\/5298775018379005507_121.jpg",620,413,false],"1536x1536":["https:\/\/arantv.az\/wp-content\/uploads\/2023\/10\/5298775018379005507_121.jpg",620,413,false],"2048x2048":["https:\/\/arantv.az\/wp-content\/uploads\/2023\/10\/5298775018379005507_121.jpg",620,413,false],"post-thumbnail":["https:\/\/arantv.az\/wp-content\/uploads\/2023\/10\/5298775018379005507_121-240x172.jpg",240,172,true],"advps-thumb-one":["https:\/\/arantv.az\/wp-content\/uploads\/2023\/10\/5298775018379005507_121.jpg",620,413,false]},"rttpg_author":{"display_name":"V\u00fcsal Rafiqo\u011flu","author_link":"https:\/\/arantv.az\/?author=2"},"rttpg_comment":0,"rttpg_category":"<a href=\"https:\/\/arantv.az\/?cat=10\" rel=\"category\">C\u0259bh\u0259d\u0259n X\u0259b\u0259r<\/a>","rttpg_excerpt":"\u00d6zb\u0259kistan Respublikas\u0131n\u0131n m\u00fcdafi\u0259 naziri general-leytenant Baxodir Kurbanovun d\u0259v\u0259ti il\u0259 bu \u00f6lk\u0259y\u0259 r\u0259smi s\u0259f\u0259r ed\u0259n Az\u0259rbaycan Respublikas\u0131n\u0131n m\u00fcdafi\u0259 naziri general-polkovnik Zakir H\u0259s\u0259nov oktyabr\u0131n 19-da \u201cBahouddin N\u0259x\u015fb\u0259ndi\u201d memorial kompleksind\u0259 olub. Bu bar\u0259d\u0259 Az\u0259rbaycan M\u00fcdafi\u0259 Nazirliyind\u0259n m\u0259lumat verilib. Qeyd olunub ki, kompleksl\u0259 tan\u0131\u015fl\u0131qdan sonra general-polkovnik Z.H\u0259s\u0259nov Buxara \u00fcmumqo\u015fun poliqonuna g\u0259lib. R\u0259smi qar\u015f\u0131lanma m\u0259rasimi ke\u00e7irilib. M\u00fcdafi\u0259 nazirl\u0259ri f\u0259xri qarovul&hellip;","_links":{"self":[{"href":"https:\/\/arantv.az\/index.php?rest_route=\/wp\/v2\/posts\/647321"}],"collection":[{"href":"https:\/\/arantv.az\/index.php?rest_route=\/wp\/v2\/posts"}],"about":[{"href":"https:\/\/arantv.az\/index.php?rest_route=\/wp\/v2\/types\/post"}],"author":[{"embeddable":true,"href":"https:\/\/arantv.az\/index.php?rest_route=\/wp\/v2\/users\/2"}],"replies":[{"embeddable":true,"href":"https:\/\/arantv.az\/index.php?rest_route=%2Fwp%2Fv2%2Fcomments&post=647321"}],"version-history":[{"count":0,"href":"https:\/\/arantv.az\/index.php?rest_route=\/wp\/v2\/posts\/647321\/revisions"}],"wp:featuredmedia":[{"embeddable":true,"href":"https:\/\/arantv.az\/index.php?rest_route=\/wp\/v2\/media\/647323"}],"wp:attachment":[{"href":"https:\/\/arantv.az\/index.php?rest_route=%2Fwp%2Fv2%2Fmedia&parent=647321"}],"wp:term":[{"taxonomy":"category","embeddable":true,"href":"https:\/\/arantv.az\/index.php?rest_route=%2Fwp%2Fv2%2Fcategories&post=647321"},{"taxonomy":"post_tag","embeddable":true,"href":"https:\/\/arantv.az\/index.php?rest_route=%2Fwp%2Fv2%2Ftags&post=647321"}],"curies":[{"name":"wp","href":"https:\/\/api.w.org\/{rel}","templated":true}]}}