{"id":647324,"date":"2023-10-19T14:35:29","date_gmt":"2023-10-19T10:35:29","guid":{"rendered":"https:\/\/arantv.az\/?p=647324"},"modified":"2023-10-19T14:35:29","modified_gmt":"2023-10-19T10:35:29","slug":"%c9%99li-%c9%99s%c9%99dov-turkiy%c9%99li-nazirl%c9%99-gorusdu","status":"publish","type":"post","link":"https:\/\/arantv.az\/?p=647324","title":{"rendered":"\u018fli \u018fs\u0259dov t\u00fcrkiy\u0259li nazirl\u0259 g\u00f6r\u00fc\u015fd\u00fc"},"content":{"rendered":"<p>Oktyabr\u0131n 19-da Az\u0259rbaycan\u0131n Ba\u015f naziri \u018fli \u018fs\u0259dov T\u00fcrkiy\u0259nin ail\u0259 v\u0259 sosial xidm\u0259tl\u0259r naziri Mahinur \u00d6zdemir G\u00f6kta\u015fla g\u00f6r\u00fc\u015f\u00fcb.<\/p>\n<p>Nazirl\u0259r Kabinetind\u0259n\u00a0bildirilib ki, g\u00f6r\u00fc\u015fd\u0259 iki \u00f6lk\u0259 aras\u0131nda dostluq v\u0259 qarda\u015fl\u0131q m\u00fcnasib\u0259tl\u0259rinin bir mill\u0259t, iki d\u00f6vl\u0259t prinsipin\u0259 uy\u011fun olaraq b\u00fct\u00fcn sah\u0259l\u0259rd\u0259 u\u011furlu inki\u015faf\u0131ndan m\u0259mnunluq ifad\u0259 olunub.<\/p>\n<p>\u018f.\u018fs\u0259dov Az\u0259rbaycanda sosial sah\u0259d\u0259 apar\u0131lan ard\u0131c\u0131l islahatlar, \u0259halinin rifah hal\u0131n\u0131n v\u0259 sosial t\u0259minat\u0131n\u0131n yax\u015f\u0131la\u015fd\u0131r\u0131lmas\u0131, \u0259haliy\u0259 g\u00f6st\u0259ril\u0259n xidm\u0259tl\u0259rin keyfiyy\u0259tinin art\u0131r\u0131lmas\u0131 istiqam\u0259tind\u0259 g\u00f6r\u00fcl\u0259n davaml\u0131 t\u0259dbirl\u0259r bar\u0259d\u0259 m\u0259lumat verib.<\/p>\n<p>Bununla yana\u015f\u0131, \u0259halinin d\u00f6vl\u0259t orqanlar\u0131n\u0131n xidm\u0259tl\u0259rin\u0259 \u0259l\u00e7atanl\u0131\u011f\u0131n\u0131n t\u0259min edilm\u0259si v\u0259 v\u0259t\u0259nda\u015f m\u0259mnunlu\u011funun art\u0131r\u0131lmas\u0131 prioritet istiqam\u0259tl\u0259r kimi d\u0259y\u0259rl\u0259ndirilib.<\/p>\n<p>T\u00fcrkiy\u0259li nazirin Bak\u0131da \u00fcmummilli lideri Heyd\u0259r \u018fliyevin anadan olmas\u0131n\u0131n 100-c\u00fc ild\u00f6n\u00fcm\u00fcn\u0259 h\u0259sr olunmu\u015f Az\u0259rbaycan Qad\u0131nlar\u0131n\u0131n 6-c\u0131 Qurultay\u0131nda i\u015ftirak\u0131n\u0131n \u0259h\u0259miyy\u0259ti vur\u011fulan\u0131b. Diqq\u0259t\u0259 \u00e7atd\u0131r\u0131l\u0131b ki, 25 il \u0259vv\u0259l ulu \u00f6nd\u0259rin t\u0259\u015f\u0259bb\u00fcs\u00fc v\u0259 i\u015ftirak\u0131 il\u0259 ke\u00e7iril\u0259n Az\u0259rbaycan Qad\u0131nlar\u0131n\u0131n 1-ci Qurultay\u0131 m\u00fcasir d\u00f6vrd\u0259 \u00f6lk\u0259mizd\u0259 qad\u0131n h\u0259r\u0259kat\u0131n\u0131n \u0259sas\u0131 qoyub.<\/p>\n<p>Vur\u011fulan\u0131b ki, h\u0259l\u0259 1918-ci ild\u0259 Az\u0259rbaycan Xalq C\u00fcmhuriyy\u0259ti \u015e\u0259rqd\u0259 qad\u0131nlara se\u00e7m\u0259k v\u0259 se\u00e7ilm\u0259k h\u00fcququ ver\u0259n ilk d\u00f6vl\u0259t olub. Az\u0259rbaycan d\u00f6vl\u0259tinin bu g\u00fcn qad\u0131n h\u00fcquqlar\u0131n\u0131n t\u0259min olunmas\u0131na x\u00fcsusi \u00f6n\u0259m verdiyi bildirilib. \u00d6lk\u0259d\u0259 gender b\u0259rab\u0259rliyinin, qad\u0131nlar\u0131n sosial v\u0259 ictimai h\u0259yat\u0131n b\u00fct\u00fcn sah\u0259l\u0259rind\u0259 b\u0259rab\u0259r i\u015ftirak\u0131n\u0131n t\u0259min edilm\u0259sin\u0259 y\u00f6n\u0259lmi\u015f siyas\u0259tin apar\u0131ld\u0131\u011f\u0131 qeyd edilib.<\/p>\n<p>Eyni zamanda, Az\u0259rbaycanda u\u015faq h\u00fcquqlar\u0131n\u0131n t\u0259min olunmas\u0131n\u0131n da diqq\u0259t m\u0259rk\u0259zind\u0259 oldu\u011fu vur\u011fulan\u0131b. Bildirilib ki, \u00f6lk\u0259mizd\u0259 u\u015faqlar\u0131n m\u00fcdafi\u0259si \u00fc\u00e7\u00fcn kompleks t\u0259dbirl\u0259r h\u0259yata ke\u00e7irilir. Bu t\u0259dbirl\u0259rin bir istiqam\u0259ti d\u0259 u\u015faq \u0259m\u0259yinin istismar\u0131na qar\u015f\u0131 m\u00fcbariz\u0259y\u0259 y\u00f6n\u0259lib. \u00d6t\u0259n d\u00f6vrd\u0259 \u00f6lk\u0259miz BMT-nin \u201cU\u015faq H\u00fcquqlar\u0131 haqq\u0131nda\u201d Konvensiyas\u0131 da daxil olmaqla bir s\u0131ra beyn\u0259lxalq s\u0259n\u0259dl\u0259r\u0259 qo\u015fulub.<\/p>\n<p>H\u0259m\u00e7inin, Az\u0259rbaycan il\u0259 T\u00fcrkiy\u0259 aras\u0131nda ail\u0259, qad\u0131n v\u0259 u\u015faq probleml\u0259ri sah\u0259sind\u0259 qar\u015f\u0131l\u0131ql\u0131 faydal\u0131 \u0259m\u0259kda\u015fl\u0131\u011f\u0131n m\u00f6vcud oldu\u011fu vur\u011fulan\u0131b. Bu bax\u0131mdan, \u00f6t\u0259n ilin noyabr ay\u0131nda \u0130stanbulda Az\u0259rbaycan Respublikas\u0131 H\u00f6kum\u0259ti il\u0259 T\u00fcrkiy\u0259 Respublikas\u0131 H\u00f6kum\u0259ti aras\u0131nda ail\u0259, qad\u0131n v\u0259 u\u015faq m\u0259s\u0259l\u0259l\u0259ri \u00fczr\u0259 F\u0259aliyy\u0259t Plan\u0131n\u0131n imzalanmas\u0131n\u0131n \u00f6n\u0259mi qeyd olunub, \u00f6t\u0259n d\u00f6vr \u0259rzind\u0259 F\u0259aliyy\u0259t Plan\u0131n\u0131n icras\u0131 \u00e7\u0259r\u00e7iv\u0259sind\u0259 g\u00f6r\u00fcl\u0259n i\u015fl\u0259r t\u0259qdir edilib.<\/p>\n<p>Bundan ba\u015fqa, d\u00fcn\u0259n \u018fm\u0259k v\u0259 \u018fhalinin Sosial M\u00fcdafi\u0259si Nazirliyi il\u0259 T\u00fcrkiy\u0259nin Ail\u0259 v\u0259 Sosial Xidm\u0259tl\u0259r Nazirliyi aras\u0131nda imzalanm\u0131\u015f 2024-2025-ci ill\u0259r \u00fczr\u0259 F\u0259aliyy\u0259t Plan\u0131n\u0131n \u0259h\u0259miyy\u0259tin\u0259 toxunulub.<\/p>\n<p>G\u00f6r\u00fc\u015f zaman\u0131 iki \u00f6lk\u0259 aras\u0131nda qar\u015f\u0131l\u0131ql\u0131 maraq do\u011furan m\u00fcxt\u0259lif istiqam\u0259tl\u0259rd\u0259 \u0259m\u0259kda\u015fl\u0131\u011f\u0131n perspektivl\u0259ri m\u00fczakir\u0259 edilib.<\/p>\n","protected":false},"excerpt":{"rendered":"<p>Oktyabr\u0131n 19-da Az\u0259rbaycan\u0131n Ba\u015f naziri \u018fli \u018fs\u0259dov T\u00fcrkiy\u0259nin ail\u0259 v\u0259 sosial xidm\u0259tl\u0259r naziri Mahinur \u00d6zdemir G\u00f6kta\u015fla g\u00f6r\u00fc\u015f\u00fcb. Nazirl\u0259r Kabinetind\u0259n\u00a0bildirilib ki, g\u00f6r\u00fc\u015fd\u0259 iki \u00f6lk\u0259 aras\u0131nda dostluq v\u0259 qarda\u015fl\u0131q m\u00fcnasib\u0259tl\u0259rinin bir mill\u0259t, iki d\u00f6vl\u0259t prinsipin\u0259 uy\u011fun olaraq b\u00fct\u00fcn sah\u0259l\u0259rd\u0259 u\u011furlu inki\u015faf\u0131ndan m\u0259mnunluq ifad\u0259 olunub. \u018f.\u018fs\u0259dov Az\u0259rbaycanda sosial sah\u0259d\u0259 apar\u0131lan ard\u0131c\u0131l islahatlar, \u0259halinin rifah hal\u0131n\u0131n v\u0259 sosial t\u0259minat\u0131n\u0131n yax\u015f\u0131la\u015fd\u0131r\u0131lmas\u0131, \u0259haliy\u0259 g\u00f6st\u0259ril\u0259n xidm\u0259tl\u0259rin keyfiyy\u0259tinin art\u0131r\u0131lmas\u0131 istiqam\u0259tind\u0259 g\u00f6r\u00fcl\u0259n davaml\u0131 t\u0259dbirl\u0259r bar\u0259d\u0259 m\u0259lumat verib. Bununla yana\u015f\u0131, \u0259halinin d\u00f6vl\u0259t orqanlar\u0131n\u0131n xidm\u0259tl\u0259rin\u0259 \u0259l\u00e7atanl\u0131\u011f\u0131n\u0131n t\u0259min edilm\u0259si v\u0259 v\u0259t\u0259nda\u015f m\u0259mnunlu\u011funun art\u0131r\u0131lmas\u0131 prioritet istiqam\u0259tl\u0259r kimi d\u0259y\u0259rl\u0259ndirilib. T\u00fcrkiy\u0259li nazirin Bak\u0131da \u00fcmummilli lideri&hellip;<\/p>\n","protected":false},"author":2,"featured_media":647327,"comment_status":"closed","ping_status":"closed","sticky":false,"template":"","format":"standard","meta":{"om_disable_all_campaigns":false,"_monsterinsights_skip_tracking":false,"_monsterinsights_sitenote_active":false,"_monsterinsights_sitenote_note":"","_monsterinsights_sitenote_category":0},"categories":[4],"tags":[],"aioseo_notices":[],"gutentor_comment":0,"rttpg_featured_image_url":{"full":["https:\/\/arantv.az\/wp-content\/uploads\/2023\/10\/6530f0f0cbfb76530f0f0cbfb816977062246530f0f0cbfb56530f0f0cbfb6.jpg",620,413,false],"landscape":["https:\/\/arantv.az\/wp-content\/uploads\/2023\/10\/6530f0f0cbfb76530f0f0cbfb816977062246530f0f0cbfb56530f0f0cbfb6.jpg",620,413,false],"portraits":["https:\/\/arantv.az\/wp-content\/uploads\/2023\/10\/6530f0f0cbfb76530f0f0cbfb816977062246530f0f0cbfb56530f0f0cbfb6.jpg",620,413,false],"thumbnail":["https:\/\/arantv.az\/wp-content\/uploads\/2023\/10\/6530f0f0cbfb76530f0f0cbfb816977062246530f0f0cbfb56530f0f0cbfb6-500x280.jpg",500,280,true],"medium":["https:\/\/arantv.az\/wp-content\/uploads\/2023\/10\/6530f0f0cbfb76530f0f0cbfb816977062246530f0f0cbfb56530f0f0cbfb6-548x365.jpg",548,365,true],"large":["https:\/\/arantv.az\/wp-content\/uploads\/2023\/10\/6530f0f0cbfb76530f0f0cbfb816977062246530f0f0cbfb56530f0f0cbfb6.jpg",620,413,false],"1536x1536":["https:\/\/arantv.az\/wp-content\/uploads\/2023\/10\/6530f0f0cbfb76530f0f0cbfb816977062246530f0f0cbfb56530f0f0cbfb6.jpg",620,413,false],"2048x2048":["https:\/\/arantv.az\/wp-content\/uploads\/2023\/10\/6530f0f0cbfb76530f0f0cbfb816977062246530f0f0cbfb56530f0f0cbfb6.jpg",620,413,false],"post-thumbnail":["https:\/\/arantv.az\/wp-content\/uploads\/2023\/10\/6530f0f0cbfb76530f0f0cbfb816977062246530f0f0cbfb56530f0f0cbfb6-240x172.jpg",240,172,true],"advps-thumb-one":["https:\/\/arantv.az\/wp-content\/uploads\/2023\/10\/6530f0f0cbfb76530f0f0cbfb816977062246530f0f0cbfb56530f0f0cbfb6.jpg",620,413,false]},"rttpg_author":{"display_name":"V\u00fcsal Rafiqo\u011flu","author_link":"https:\/\/arantv.az\/?author=2"},"rttpg_comment":0,"rttpg_category":"<a href=\"https:\/\/arantv.az\/?cat=4\" rel=\"category\">Siyas\u0259t<\/a>","rttpg_excerpt":"Oktyabr\u0131n 19-da Az\u0259rbaycan\u0131n Ba\u015f naziri \u018fli \u018fs\u0259dov T\u00fcrkiy\u0259nin ail\u0259 v\u0259 sosial xidm\u0259tl\u0259r naziri Mahinur \u00d6zdemir G\u00f6kta\u015fla g\u00f6r\u00fc\u015f\u00fcb. Nazirl\u0259r Kabinetind\u0259n\u00a0bildirilib ki, g\u00f6r\u00fc\u015fd\u0259 iki \u00f6lk\u0259 aras\u0131nda dostluq v\u0259 qarda\u015fl\u0131q m\u00fcnasib\u0259tl\u0259rinin bir mill\u0259t, iki d\u00f6vl\u0259t prinsipin\u0259 uy\u011fun olaraq b\u00fct\u00fcn sah\u0259l\u0259rd\u0259 u\u011furlu inki\u015faf\u0131ndan m\u0259mnunluq ifad\u0259 olunub. \u018f.\u018fs\u0259dov Az\u0259rbaycanda sosial sah\u0259d\u0259 apar\u0131lan ard\u0131c\u0131l islahatlar, \u0259halinin rifah hal\u0131n\u0131n v\u0259 sosial t\u0259minat\u0131n\u0131n&hellip;","_links":{"self":[{"href":"https:\/\/arantv.az\/index.php?rest_route=\/wp\/v2\/posts\/647324"}],"collection":[{"href":"https:\/\/arantv.az\/index.php?rest_route=\/wp\/v2\/posts"}],"about":[{"href":"https:\/\/arantv.az\/index.php?rest_route=\/wp\/v2\/types\/post"}],"author":[{"embeddable":true,"href":"https:\/\/arantv.az\/index.php?rest_route=\/wp\/v2\/users\/2"}],"replies":[{"embeddable":true,"href":"https:\/\/arantv.az\/index.php?rest_route=%2Fwp%2Fv2%2Fcomments&post=647324"}],"version-history":[{"count":0,"href":"https:\/\/arantv.az\/index.php?rest_route=\/wp\/v2\/posts\/647324\/revisions"}],"wp:featuredmedia":[{"embeddable":true,"href":"https:\/\/arantv.az\/index.php?rest_route=\/wp\/v2\/media\/647327"}],"wp:attachment":[{"href":"https:\/\/arantv.az\/index.php?rest_route=%2Fwp%2Fv2%2Fmedia&parent=647324"}],"wp:term":[{"taxonomy":"category","embeddable":true,"href":"https:\/\/arantv.az\/index.php?rest_route=%2Fwp%2Fv2%2Fcategories&post=647324"},{"taxonomy":"post_tag","embeddable":true,"href":"https:\/\/arantv.az\/index.php?rest_route=%2Fwp%2Fv2%2Ftags&post=647324"}],"curies":[{"name":"wp","href":"https:\/\/api.w.org\/{rel}","templated":true}]}}