{"id":647329,"date":"2023-10-19T14:36:52","date_gmt":"2023-10-19T10:36:52","guid":{"rendered":"https:\/\/arantv.az\/?p=647329"},"modified":"2023-10-19T14:36:52","modified_gmt":"2023-10-19T10:36:52","slug":"unesco-da-korrupsiya-qalmaqali-m%c9%99tbu-orqanin-ifsa-etdiyi-qurum-casqinliq-icind%c9%99dir","status":"publish","type":"post","link":"https:\/\/arantv.az\/?p=647329","title":{"rendered":"UNESCO-da korrupsiya qalmaqal\u0131: M\u0259tbu orqan\u0131n if\u015fa etdiyi qurum \u00e7a\u015fq\u0131nl\u0131q i\u00e7ind\u0259dir"},"content":{"rendered":"<p>\u201cAntonio Quterre\u015fin ba\u015f\u00e7\u0131l\u0131q etdiyi BMT Nyu-Yorkda korrupsiyaya bula\u015fd\u0131qdan sonra bu m\u0259r\u0259z qurumun b\u00fct\u00fcn sistemin\u0259, o c\u00fcml\u0259d\u0259n UNESCO-ya tamamil\u0259 siray\u0259t edib\u201d.<\/p>\n<p>Bu fikir \u201cInner City Press\u201d n\u0259\u015frinin UNESCO-da korrupsiya qalmaqal\u0131 il\u0259 ba\u011fl\u0131 d\u0259rc etdiyi yaz\u0131da yer al\u0131r.<\/p>\n<p>Qeyd olunur ki, m\u0259qal\u0259d\u0259n sonra UNESCO, bir n\u00f6v, \u00e7a\u015fq\u0131nl\u0131q i\u00e7ind\u0259dir v\u0259 qurumda daxili ara\u015fd\u0131rmalara ba\u015flan\u0131l\u0131b.<\/p>\n<p>Yaz\u0131da bildirilib ki, istintaq n\u0259tic\u0259l\u0259ri v\u0259 sanksiya t\u00f6vsiy\u0259l\u0259ri il\u0259 ba\u011fl\u0131 bir ne\u00e7\u0259 hesabat UNESCO-nun ba\u015f direktoru Odre Azulenin masas\u0131n\u0131n \u00fcz\u0259rind\u0259dir v\u0259 onun hans\u0131 q\u0259rar q\u0259bul ed\u0259c\u0259yi maraq do\u011furur. Odre Azulenin \u0259dal\u0259tli sanksiyalar t\u0259tbiq ed\u0259c\u0259yi, yoxsa kabinetind\u0259ki insanlarla ba\u011fl\u0131 m\u0259lumatlar\u0131 gizl\u0259d\u0259c\u0259yi g\u00fcnd\u0259md\u0259 olan m\u0259s\u0259l\u0259l\u0259rd\u0259ndir.<\/p>\n<p>Qurumun ba\u015f direktorunun inzibati m\u0259s\u0259l\u0259l\u0259r \u00fczr\u0259 k\u00f6m\u0259k\u00e7isi, britaniyal\u0131 Nikolas Ceffrisin s\u00f6zl\u0259rin\u0259 g\u00f6r\u0259, UNESCO-nun Honkonqdak\u0131 insan resurslar\u0131 direktorunun \u00f6t\u0259n ilin iyulunda i\u015fd\u0259n \u00e7\u0131xar\u0131lmas\u0131ndan sonra insan resurslar\u0131 menecmentinin m\u00fcv\u0259qq\u0259ti idar\u0259\u00e7iliyi zaman\u0131 bel\u0259, qurumun f\u0259aliyy\u0259tind\u0259 ir\u0259lil\u0259yi\u015fl\u0259r m\u00fc\u015fahid\u0259 edilm\u0259yib.<\/p>\n<p>\u201cH\u0259tta UNESCO-nun \u0130nsan Resurslar\u0131 \u0130dar\u0259sinin direktoru Honq Kvon Parisd\u0259 UNESCO-nun insan resurslar\u0131 sistemini korlamaq \u00fc\u00e7\u00fcn \u201c\u0259lind\u0259n g\u0259l\u0259ni edib\u201d. T\u0259qib hallar\u0131n\u0131n say\u0131 art\u0131r, hey\u0259t formala\u015fd\u0131r\u0131lmas\u0131 il\u0259 ba\u011fl\u0131 y\u00fcr\u00fcd\u00fcl\u0259n siyas\u0259t tam bir f\u0259lak\u0259tdir, yenid\u0259n t\u0259snifatland\u0131rma i\u015fl\u0259rind\u0259 qar\u0131\u015f\u0131ql\u0131q h\u00f6km s\u00fcr\u00fcr.<\/p>\n<p>Honq Kvon \u0259n az\u0131 daha iki il Parisd\u0259 qalma\u011f\u0131 planla\u015fd\u0131r\u0131rd\u0131, lakin UNESCO-nun \u0130craiyy\u0259 \u015euras\u0131n\u0131n aprel ay\u0131nda ke\u00e7iril\u0259n son sessiyas\u0131 zaman\u0131 onun idar\u0259\u00e7ilikl\u0259 ba\u011fl\u0131 b\u0259rbad f\u0259aliyy\u0259ti if\u015fa olundu v\u0259 ba\u015f direktor Azulenin Kvonu \u0259n q\u0131sa zamanda i\u015fini t\u0259rk etm\u0259y\u0259 m\u0259cbur etm\u0259kd\u0259n ba\u015fqa \u00e7ar\u0259si qalmad\u0131\u201d, &#8211; dey\u0259 yaz\u0131da qeyd edilib.<\/p>\n<p>\u201cQurumda korrupsiya il\u0259 ba\u011fl\u0131 son hallardan biri d\u0259 Honkonqun Braziliyan\u0131n UNESCO-dak\u0131 s\u0259firinin o\u011flu \u00fc\u00e7\u00fcn konsaltinq m\u00fcqavil\u0259sini t\u0259sdiq etm\u0259sidir. Xan\u0131m s\u0259fir UNESCO-nun \u0130craiyy\u0259 \u015euras\u0131n\u0131n son iki sessiyas\u0131nda Azule v\u0259 komandas\u0131 t\u0259r\u0259find\u0259n t\u0259klif olunan \u00e7irkin islahatlara qeyd-\u015f\u0259rtsiz v\u0259 dan\u0131lmaz d\u0259st\u0259yi il\u0259 m\u0259\u015fhurdur. \u0130ndi bu mehriban v\u0259 s\u0259daq\u0259tli xidm\u0259tl\u0259rin\u0259 g\u00f6r\u0259 ona v\u0259 onun n\u0259slin\u0259 Azulenin \u015f\u0259xsi \u201cq\u0259nnad\u0131 m\u00fc\u0259ssis\u0259si\u201dnd\u0259n \u201ckonfet\u201d h\u0259diyy\u0259 edilir &#8211; UNESCO bax bel\u0259 bir \u015fey\u0259 \u00e7evrilir\u201d, &#8211; \u201cInner City Press\u201din m\u0259qal\u0259sind\u0259 deyilir.<\/p>\n<p>\u201cFundamental m\u0259s\u0259l\u0259 ondan ibar\u0259tdir ki, n\u0259 \u00fc\u00e7\u00fcn \u00fczv d\u00f6vl\u0259tl\u0259r, x\u00fcsus\u0259n d\u0259 \u015eimali Avropa \u00f6lk\u0259l\u0259ri a\u015fkar edilmi\u015f korrupsiya, q\u0259rarlara t\u0259sir g\u00fcc\u00fc v\u0259 m\u0259nims\u0259m\u0259 hallar\u0131 il\u0259 ba\u011fl\u0131 he\u00e7 bir add\u0131m atm\u0131rlar? Ayd\u0131nd\u0131r ki, burada Avropa \u0130ttifaq\u0131n\u0131n z\u0259ngin \u00f6lk\u0259l\u0259r klubu il\u0259 h\u0259mr\u0259yliyi rol oynay\u0131r v\u0259 qurumun fransal\u0131 ba\u015f direktoru Azule il\u0259 onun top-menecerl\u0259rinin institusional olaraq c\u0259za almayacaqlar\u0131na t\u0259minat verir\u201d, &#8211; dey\u0259 m\u0259qal\u0259d\u0259 vur\u011fulan\u0131b.<\/p>\n<p>\u201cInner City Press\u201din ekskl\u00fcziv x\u0259b\u0259rin\u0259 g\u00f6r\u0259, fransal\u0131 ba\u015f direktor Odre Azulenin se\u00e7ilm\u0259sind\u0259n sonrak\u0131 iki il \u0259rzind\u0259 siyasi \u00e7\u00fcr\u00fcm\u0259 UNESCO-nu t\u0259siri alt\u0131na al\u0131b v\u0259 quruma ciddi z\u0259rb\u0259 vurub.<\/p>\n<p>\u201cOnun kabinetinin direktoru Nikolas Kassianidis Parisin \u0259n bahal\u0131 rayonunun d\u00fcz m\u0259rk\u0259zind\u0259 be\u015fotaql\u0131 l\u00fcks m\u0259nzil kiray\u0259l\u0259yib. N\u0259tic\u0259d\u0259 UNESCO Kassianidisin kiray\u0259 \u00f6d\u0259ni\u015fl\u0259ri \u00fc\u00e7\u00fcn onminl\u0259rl\u0259 dollar x\u0259rcl\u0259yib, halbuki Fransa v\u0259t\u0259nda\u015fl\u0131\u011f\u0131na g\u00f6r\u0259 bu v\u0259zif\u0259y\u0259 t\u0259yin olundu\u011fu \u00fc\u00e7\u00fcn onun buna haqq\u0131 olmay\u0131b.<\/p>\n<p>Eyni \u015feyi Kassianidisin UNESCO t\u0259r\u0259find\u0259n s\u0259r\u0259ncam\u0131na verilmi\u015f \u015f\u0259xsi avtomobild\u0259n \u0259lav\u0259, birinci sinif s\u0259yah\u0259tl\u0259ri il\u0259 ba\u011fl\u0131 da dem\u0259k olar ki, bu, b\u00fct\u00fcn qaydalara ziddir\u201d, &#8211; dey\u0259 yaz\u0131 m\u00fc\u0259llifi bildirib.<\/p>\n<p>N\u0259\u015frin fikrinc\u0259, Azule administrasiyas\u0131 g\u00f6st\u0259rdiyi davran\u0131\u015f n\u00fcmun\u0259si il\u0259 qurumu dib\u0259 do\u011fru \u00e7\u0259kir.<\/p>\n<p>\u201c\u0130\u015f\u00e7il\u0259rin h\u0259mkarlar ittifaqlar\u0131 daxili n\u0259zar\u0259tin olmamas\u0131na v\u0259 h\u0259tta bu d\u0259r\u0259c\u0259d\u0259 ciddi m\u0259nims\u0259m\u0259 hallar\u0131nda bel\u0259, he\u00e7 bir sanksiyan\u0131n n\u0259z\u0259rd\u0259 tutulmamas\u0131na heyr\u0259t edirl\u0259r\u201d, &#8211; dey\u0259 m\u00fc\u0259llif fikrini tamamlay\u0131b.<\/p>\n","protected":false},"excerpt":{"rendered":"<p>\u201cAntonio Quterre\u015fin ba\u015f\u00e7\u0131l\u0131q etdiyi BMT Nyu-Yorkda korrupsiyaya bula\u015fd\u0131qdan sonra bu m\u0259r\u0259z qurumun b\u00fct\u00fcn sistemin\u0259, o c\u00fcml\u0259d\u0259n UNESCO-ya tamamil\u0259 siray\u0259t edib\u201d. Bu fikir \u201cInner City Press\u201d n\u0259\u015frinin UNESCO-da korrupsiya qalmaqal\u0131 il\u0259 ba\u011fl\u0131 d\u0259rc etdiyi yaz\u0131da yer al\u0131r. Qeyd olunur ki, m\u0259qal\u0259d\u0259n sonra UNESCO, bir n\u00f6v, \u00e7a\u015fq\u0131nl\u0131q i\u00e7ind\u0259dir v\u0259 qurumda daxili ara\u015fd\u0131rmalara ba\u015flan\u0131l\u0131b. Yaz\u0131da bildirilib ki, istintaq n\u0259tic\u0259l\u0259ri v\u0259 sanksiya t\u00f6vsiy\u0259l\u0259ri il\u0259 ba\u011fl\u0131 bir ne\u00e7\u0259 hesabat UNESCO-nun ba\u015f direktoru Odre Azulenin masas\u0131n\u0131n \u00fcz\u0259rind\u0259dir v\u0259 onun hans\u0131 q\u0259rar q\u0259bul ed\u0259c\u0259yi maraq do\u011furur. Odre Azulenin \u0259dal\u0259tli sanksiyalar t\u0259tbiq ed\u0259c\u0259yi, yoxsa kabinetind\u0259ki insanlarla ba\u011fl\u0131 m\u0259lumatlar\u0131&hellip;<\/p>\n","protected":false},"author":2,"featured_media":647333,"comment_status":"closed","ping_status":"closed","sticky":false,"template":"","format":"standard","meta":{"om_disable_all_campaigns":false,"_monsterinsights_skip_tracking":false,"_monsterinsights_sitenote_active":false,"_monsterinsights_sitenote_note":"","_monsterinsights_sitenote_category":0},"categories":[7],"tags":[],"aioseo_notices":[],"gutentor_comment":0,"rttpg_featured_image_url":{"full":["https:\/\/arantv.az\/wp-content\/uploads\/2023\/10\/FotoJet-2023-10-19T122421.193.jpg",620,413,false],"landscape":["https:\/\/arantv.az\/wp-content\/uploads\/2023\/10\/FotoJet-2023-10-19T122421.193.jpg",620,413,false],"portraits":["https:\/\/arantv.az\/wp-content\/uploads\/2023\/10\/FotoJet-2023-10-19T122421.193.jpg",620,413,false],"thumbnail":["https:\/\/arantv.az\/wp-content\/uploads\/2023\/10\/FotoJet-2023-10-19T122421.193-500x280.jpg",500,280,true],"medium":["https:\/\/arantv.az\/wp-content\/uploads\/2023\/10\/FotoJet-2023-10-19T122421.193-548x365.jpg",548,365,true],"large":["https:\/\/arantv.az\/wp-content\/uploads\/2023\/10\/FotoJet-2023-10-19T122421.193.jpg",620,413,false],"1536x1536":["https:\/\/arantv.az\/wp-content\/uploads\/2023\/10\/FotoJet-2023-10-19T122421.193.jpg",620,413,false],"2048x2048":["https:\/\/arantv.az\/wp-content\/uploads\/2023\/10\/FotoJet-2023-10-19T122421.193.jpg",620,413,false],"post-thumbnail":["https:\/\/arantv.az\/wp-content\/uploads\/2023\/10\/FotoJet-2023-10-19T122421.193-240x172.jpg",240,172,true],"advps-thumb-one":["https:\/\/arantv.az\/wp-content\/uploads\/2023\/10\/FotoJet-2023-10-19T122421.193.jpg",620,413,false]},"rttpg_author":{"display_name":"V\u00fcsal Rafiqo\u011flu","author_link":"https:\/\/arantv.az\/?author=2"},"rttpg_comment":0,"rttpg_category":"<a href=\"https:\/\/arantv.az\/?cat=7\" rel=\"category\">D\u00fcnya<\/a>","rttpg_excerpt":"\u201cAntonio Quterre\u015fin ba\u015f\u00e7\u0131l\u0131q etdiyi BMT Nyu-Yorkda korrupsiyaya bula\u015fd\u0131qdan sonra bu m\u0259r\u0259z qurumun b\u00fct\u00fcn sistemin\u0259, o c\u00fcml\u0259d\u0259n UNESCO-ya tamamil\u0259 siray\u0259t edib\u201d. Bu fikir \u201cInner City Press\u201d n\u0259\u015frinin UNESCO-da korrupsiya qalmaqal\u0131 il\u0259 ba\u011fl\u0131 d\u0259rc etdiyi yaz\u0131da yer al\u0131r. Qeyd olunur ki, m\u0259qal\u0259d\u0259n sonra UNESCO, bir n\u00f6v, \u00e7a\u015fq\u0131nl\u0131q i\u00e7ind\u0259dir v\u0259 qurumda daxili ara\u015fd\u0131rmalara ba\u015flan\u0131l\u0131b. Yaz\u0131da bildirilib ki, istintaq&hellip;","_links":{"self":[{"href":"https:\/\/arantv.az\/index.php?rest_route=\/wp\/v2\/posts\/647329"}],"collection":[{"href":"https:\/\/arantv.az\/index.php?rest_route=\/wp\/v2\/posts"}],"about":[{"href":"https:\/\/arantv.az\/index.php?rest_route=\/wp\/v2\/types\/post"}],"author":[{"embeddable":true,"href":"https:\/\/arantv.az\/index.php?rest_route=\/wp\/v2\/users\/2"}],"replies":[{"embeddable":true,"href":"https:\/\/arantv.az\/index.php?rest_route=%2Fwp%2Fv2%2Fcomments&post=647329"}],"version-history":[{"count":0,"href":"https:\/\/arantv.az\/index.php?rest_route=\/wp\/v2\/posts\/647329\/revisions"}],"wp:featuredmedia":[{"embeddable":true,"href":"https:\/\/arantv.az\/index.php?rest_route=\/wp\/v2\/media\/647333"}],"wp:attachment":[{"href":"https:\/\/arantv.az\/index.php?rest_route=%2Fwp%2Fv2%2Fmedia&parent=647329"}],"wp:term":[{"taxonomy":"category","embeddable":true,"href":"https:\/\/arantv.az\/index.php?rest_route=%2Fwp%2Fv2%2Fcategories&post=647329"},{"taxonomy":"post_tag","embeddable":true,"href":"https:\/\/arantv.az\/index.php?rest_route=%2Fwp%2Fv2%2Ftags&post=647329"}],"curies":[{"name":"wp","href":"https:\/\/api.w.org\/{rel}","templated":true}]}}