{"id":647332,"date":"2023-10-19T14:37:24","date_gmt":"2023-10-19T10:37:24","guid":{"rendered":"https:\/\/arantv.az\/?p=647332"},"modified":"2023-10-19T14:37:24","modified_gmt":"2023-10-19T10:37:24","slug":"emin-huseynov-qarabagda-isl%c9%99r-alternativ-enerji-m%c9%99nb%c9%99l%c9%99rind%c9%99n-istifad%c9%99-edilm%c9%99kl%c9%99-h%c9%99yata-kecirilm%c9%99lidir","status":"publish","type":"post","link":"https:\/\/arantv.az\/?p=647332","title":{"rendered":"Emin H\u00fcseynov: \u201cQaraba\u011fda i\u015fl\u0259r alternativ enerji m\u0259nb\u0259l\u0259rind\u0259n istifad\u0259 edilm\u0259kl\u0259 h\u0259yata ke\u00e7irilm\u0259lidir\u201d"},"content":{"rendered":"<p>\u201cQaraba\u011fda apar\u0131lan b\u0259rpa-quruculuq prosesl\u0259rind\u0259 h\u0259yata ke\u00e7iril\u0259n i\u015fl\u0259r daha keyfiyy\u0259tli, \u0259n m\u00fcasir \u015f\u0259h\u0259rsalma standartlar\u0131na uy\u011fun, ekoloji c\u0259h\u0259td\u0259n daha m\u00fcasir yollarla v\u0259 \u201cya\u015f\u0131l zona\u201d konsepsiyas\u0131 \u0259sas\u0131nda alternativ enerji m\u0259nb\u0259l\u0259rind\u0259n istifad\u0259 edilm\u0259kl\u0259 h\u0259yata ke\u00e7irilm\u0259lidir v\u0259 m\u00fcasir h\u0259ll\u0259r m\u00fctl\u0259q n\u0259z\u0259r\u0259 al\u0131nmal\u0131d\u0131r\u201d.<\/p>\n<p>\u201cReport\u201d x\u0259b\u0259r verir ki, bunu Qaraba\u011f iqtisadi rayonuna daxil olan i\u015f\u011faldan azad edilmi\u015f \u0259razil\u0259rd\u0259 Az\u0259rbaycan Prezidentinin x\u00fcsusi n\u00fcmay\u0259nd\u0259si Emin H\u00fcseynov jurnalistl\u0259r\u0259 a\u00e7\u0131qlamas\u0131nda bildirib.<\/p>\n<p>\u201cPrezidentin r\u0259hb\u0259rliyi il\u0259 \u201cAz\u0259rbaycan Respublikas\u0131n\u0131n i\u015f\u011faldan azad edilmi\u015f \u0259razil\u0259rin\u0259 B\u00f6y\u00fck Qay\u0131d\u0131\u015fa dair I D\u00f6vl\u0259t Proqram\u0131\u201d\u00a0t\u0259sdiq olunub v\u0259 bu proqrama uy\u011fun olaraq art\u0131q bir ne\u00e7\u0259 ya\u015fay\u0131\u015f m\u0259nt\u0259q\u0259sind\u0259 ke\u00e7mi\u015f m\u0259cburi k\u00f6\u00e7k\u00fcn soyda\u015flar\u0131m\u0131z \u00f6z do\u011fma torpaqlar\u0131na qay\u0131d\u0131b m\u0259skunla\u015f\u0131blar. Bu proses davam edir. 2026-c\u0131 il\u0259 q\u0259d\u0259r \u00fcmumilikd\u0259 34 500 ail\u0259nin &#8211; 140 min n\u0259f\u0259r\u0259 yax\u0131n \u0259halinin m\u0259skunla\u015fmas\u0131 n\u0259z\u0259rd\u0259 tutulur. Bu prosesl\u0259r davam ed\u0259c\u0259k\u201d, &#8211; dey\u0259 E.H\u00fcseynov \u0259lav\u0259 edib.<\/p>\n","protected":false},"excerpt":{"rendered":"<p>\u201cQaraba\u011fda apar\u0131lan b\u0259rpa-quruculuq prosesl\u0259rind\u0259 h\u0259yata ke\u00e7iril\u0259n i\u015fl\u0259r daha keyfiyy\u0259tli, \u0259n m\u00fcasir \u015f\u0259h\u0259rsalma standartlar\u0131na uy\u011fun, ekoloji c\u0259h\u0259td\u0259n daha m\u00fcasir yollarla v\u0259 \u201cya\u015f\u0131l zona\u201d konsepsiyas\u0131 \u0259sas\u0131nda alternativ enerji m\u0259nb\u0259l\u0259rind\u0259n istifad\u0259 edilm\u0259kl\u0259 h\u0259yata ke\u00e7irilm\u0259lidir v\u0259 m\u00fcasir h\u0259ll\u0259r m\u00fctl\u0259q n\u0259z\u0259r\u0259 al\u0131nmal\u0131d\u0131r\u201d. \u201cReport\u201d x\u0259b\u0259r verir ki, bunu Qaraba\u011f iqtisadi rayonuna daxil olan i\u015f\u011faldan azad edilmi\u015f \u0259razil\u0259rd\u0259 Az\u0259rbaycan Prezidentinin x\u00fcsusi n\u00fcmay\u0259nd\u0259si Emin H\u00fcseynov jurnalistl\u0259r\u0259 a\u00e7\u0131qlamas\u0131nda bildirib. \u201cPrezidentin r\u0259hb\u0259rliyi il\u0259 \u201cAz\u0259rbaycan Respublikas\u0131n\u0131n i\u015f\u011faldan azad edilmi\u015f \u0259razil\u0259rin\u0259 B\u00f6y\u00fck Qay\u0131d\u0131\u015fa dair I D\u00f6vl\u0259t Proqram\u0131\u201d\u00a0t\u0259sdiq olunub v\u0259 bu proqrama uy\u011fun olaraq art\u0131q bir ne\u00e7\u0259 ya\u015fay\u0131\u015f m\u0259nt\u0259q\u0259sind\u0259 ke\u00e7mi\u015f m\u0259cburi k\u00f6\u00e7k\u00fcn soyda\u015flar\u0131m\u0131z&hellip;<\/p>\n","protected":false},"author":2,"featured_media":647336,"comment_status":"closed","ping_status":"closed","sticky":false,"template":"","format":"standard","meta":{"om_disable_all_campaigns":false,"_monsterinsights_skip_tracking":false,"_monsterinsights_sitenote_active":false,"_monsterinsights_sitenote_note":"","_monsterinsights_sitenote_category":0},"categories":[4],"tags":[],"aioseo_notices":[],"gutentor_comment":0,"rttpg_featured_image_url":{"full":["https:\/\/arantv.az\/wp-content\/uploads\/2023\/10\/454a69dc-b61e-311b-ba3c-2ce8072d87e4_850.jpg",620,413,false],"landscape":["https:\/\/arantv.az\/wp-content\/uploads\/2023\/10\/454a69dc-b61e-311b-ba3c-2ce8072d87e4_850.jpg",620,413,false],"portraits":["https:\/\/arantv.az\/wp-content\/uploads\/2023\/10\/454a69dc-b61e-311b-ba3c-2ce8072d87e4_850.jpg",620,413,false],"thumbnail":["https:\/\/arantv.az\/wp-content\/uploads\/2023\/10\/454a69dc-b61e-311b-ba3c-2ce8072d87e4_850-500x280.jpg",500,280,true],"medium":["https:\/\/arantv.az\/wp-content\/uploads\/2023\/10\/454a69dc-b61e-311b-ba3c-2ce8072d87e4_850-548x365.jpg",548,365,true],"large":["https:\/\/arantv.az\/wp-content\/uploads\/2023\/10\/454a69dc-b61e-311b-ba3c-2ce8072d87e4_850.jpg",620,413,false],"1536x1536":["https:\/\/arantv.az\/wp-content\/uploads\/2023\/10\/454a69dc-b61e-311b-ba3c-2ce8072d87e4_850.jpg",620,413,false],"2048x2048":["https:\/\/arantv.az\/wp-content\/uploads\/2023\/10\/454a69dc-b61e-311b-ba3c-2ce8072d87e4_850.jpg",620,413,false],"post-thumbnail":["https:\/\/arantv.az\/wp-content\/uploads\/2023\/10\/454a69dc-b61e-311b-ba3c-2ce8072d87e4_850-240x172.jpg",240,172,true],"advps-thumb-one":["https:\/\/arantv.az\/wp-content\/uploads\/2023\/10\/454a69dc-b61e-311b-ba3c-2ce8072d87e4_850.jpg",620,413,false]},"rttpg_author":{"display_name":"V\u00fcsal Rafiqo\u011flu","author_link":"https:\/\/arantv.az\/?author=2"},"rttpg_comment":0,"rttpg_category":"<a href=\"https:\/\/arantv.az\/?cat=4\" rel=\"category\">Siyas\u0259t<\/a>","rttpg_excerpt":"\u201cQaraba\u011fda apar\u0131lan b\u0259rpa-quruculuq prosesl\u0259rind\u0259 h\u0259yata ke\u00e7iril\u0259n i\u015fl\u0259r daha keyfiyy\u0259tli, \u0259n m\u00fcasir \u015f\u0259h\u0259rsalma standartlar\u0131na uy\u011fun, ekoloji c\u0259h\u0259td\u0259n daha m\u00fcasir yollarla v\u0259 \u201cya\u015f\u0131l zona\u201d konsepsiyas\u0131 \u0259sas\u0131nda alternativ enerji m\u0259nb\u0259l\u0259rind\u0259n istifad\u0259 edilm\u0259kl\u0259 h\u0259yata ke\u00e7irilm\u0259lidir v\u0259 m\u00fcasir h\u0259ll\u0259r m\u00fctl\u0259q n\u0259z\u0259r\u0259 al\u0131nmal\u0131d\u0131r\u201d. \u201cReport\u201d x\u0259b\u0259r verir ki, bunu Qaraba\u011f iqtisadi rayonuna daxil olan i\u015f\u011faldan azad edilmi\u015f \u0259razil\u0259rd\u0259 Az\u0259rbaycan Prezidentinin x\u00fcsusi n\u00fcmay\u0259nd\u0259si&hellip;","_links":{"self":[{"href":"https:\/\/arantv.az\/index.php?rest_route=\/wp\/v2\/posts\/647332"}],"collection":[{"href":"https:\/\/arantv.az\/index.php?rest_route=\/wp\/v2\/posts"}],"about":[{"href":"https:\/\/arantv.az\/index.php?rest_route=\/wp\/v2\/types\/post"}],"author":[{"embeddable":true,"href":"https:\/\/arantv.az\/index.php?rest_route=\/wp\/v2\/users\/2"}],"replies":[{"embeddable":true,"href":"https:\/\/arantv.az\/index.php?rest_route=%2Fwp%2Fv2%2Fcomments&post=647332"}],"version-history":[{"count":0,"href":"https:\/\/arantv.az\/index.php?rest_route=\/wp\/v2\/posts\/647332\/revisions"}],"wp:featuredmedia":[{"embeddable":true,"href":"https:\/\/arantv.az\/index.php?rest_route=\/wp\/v2\/media\/647336"}],"wp:attachment":[{"href":"https:\/\/arantv.az\/index.php?rest_route=%2Fwp%2Fv2%2Fmedia&parent=647332"}],"wp:term":[{"taxonomy":"category","embeddable":true,"href":"https:\/\/arantv.az\/index.php?rest_route=%2Fwp%2Fv2%2Fcategories&post=647332"},{"taxonomy":"post_tag","embeddable":true,"href":"https:\/\/arantv.az\/index.php?rest_route=%2Fwp%2Fv2%2Ftags&post=647332"}],"curies":[{"name":"wp","href":"https:\/\/api.w.org\/{rel}","templated":true}]}}