{"id":647335,"date":"2023-10-19T14:37:57","date_gmt":"2023-10-19T10:37:57","guid":{"rendered":"https:\/\/arantv.az\/?p=647335"},"modified":"2023-10-19T14:37:57","modified_gmt":"2023-10-19T10:37:57","slug":"az%c9%99rbaycanda-2023-cu-il-ucun-orta-illik-inflyasiya-proqnozu-d%c9%99yisib","status":"publish","type":"post","link":"https:\/\/arantv.az\/?p=647335","title":{"rendered":"Az\u0259rbaycanda 2023-c\u00fc il \u00fc\u00e7\u00fcn orta illik inflyasiya proqnozu d\u0259yi\u015fib"},"content":{"rendered":"<p>Az\u0259rbaycanda 2023-c\u00fc ild\u0259 orta illik inflyasiya\u00a09,5% s\u0259viyy\u0259sind\u0259 olaca\u011f\u0131 proqnozla\u015fd\u0131r\u0131l\u0131r.<\/p>\n<p>\u201cReport\u201d\u00a0x\u0259b\u0259r verir ki, bu bar\u0259d\u0259 Maliyy\u0259 Nazirliyinin \u201c2024-2027-ci ill\u0259r \u00fczr\u0259 Ortam\u00fcdd\u0259tli B\u00fcdc\u0259 \u00c7\u0259r\u00e7iv\u0259si\u201dnd\u0259 bildirilib.<\/p>\n<p>\u0130qtisadiyyat Nazirliyinin baza ssenarisin\u0259 \u0259sas\u0259n, 2024-c\u00fc ild\u0259 bu g\u00f6st\u0259rici\u00a05,3% s\u0259viyy\u0259sind\u0259 g\u00f6zl\u0259nilir.<\/p>\n<p>\u201cProqnozla\u015fd\u0131r\u0131lan orta illik inflyasiyan\u0131n azalan templ\u0259 2027-ci ild\u0259\u00a04,2%-\u0259 q\u0259d\u0259r en\u0259c\u0259yi g\u00f6zl\u0259nilir\u201d, &#8211; dey\u0259 Maliyy\u0259 Nazirliyi qeyd edib.<\/p>\n<p>\u0130llik inflyasiyan\u0131n\u00a04\u00b12%\u00a0interval\u0131nda qorunmas\u0131 h\u0259d\u0259fl\u0259nir.<\/p>\n<p>M\u0259lumata g\u00f6r\u0259, inflyasiya m\u00fchitinin t\u0259nziml\u0259nm\u0259si il\u0259 ba\u011fl\u0131 at\u0131lan add\u0131mlar iqtisadi f\u0259all\u0131\u011f\u0131n artmas\u0131 il\u0259 yana\u015f\u0131 \u0259halinin sosial rifah\u0131na da m\u00fcsb\u0259t t\u0259sir ed\u0259c\u0259k.<\/p>\n","protected":false},"excerpt":{"rendered":"<p>Az\u0259rbaycanda 2023-c\u00fc ild\u0259 orta illik inflyasiya\u00a09,5% s\u0259viyy\u0259sind\u0259 olaca\u011f\u0131 proqnozla\u015fd\u0131r\u0131l\u0131r. \u201cReport\u201d\u00a0x\u0259b\u0259r verir ki, bu bar\u0259d\u0259 Maliyy\u0259 Nazirliyinin \u201c2024-2027-ci ill\u0259r \u00fczr\u0259 Ortam\u00fcdd\u0259tli B\u00fcdc\u0259 \u00c7\u0259r\u00e7iv\u0259si\u201dnd\u0259 bildirilib. \u0130qtisadiyyat Nazirliyinin baza ssenarisin\u0259 \u0259sas\u0259n, 2024-c\u00fc ild\u0259 bu g\u00f6st\u0259rici\u00a05,3% s\u0259viyy\u0259sind\u0259 g\u00f6zl\u0259nilir. \u201cProqnozla\u015fd\u0131r\u0131lan orta illik inflyasiyan\u0131n azalan templ\u0259 2027-ci ild\u0259\u00a04,2%-\u0259 q\u0259d\u0259r en\u0259c\u0259yi g\u00f6zl\u0259nilir\u201d, &#8211; dey\u0259 Maliyy\u0259 Nazirliyi qeyd edib. \u0130llik inflyasiyan\u0131n\u00a04\u00b12%\u00a0interval\u0131nda qorunmas\u0131 h\u0259d\u0259fl\u0259nir. M\u0259lumata g\u00f6r\u0259, inflyasiya m\u00fchitinin t\u0259nziml\u0259nm\u0259si il\u0259 ba\u011fl\u0131 at\u0131lan add\u0131mlar iqtisadi f\u0259all\u0131\u011f\u0131n artmas\u0131 il\u0259 yana\u015f\u0131 \u0259halinin sosial rifah\u0131na da m\u00fcsb\u0259t t\u0259sir ed\u0259c\u0259k.<\/p>\n","protected":false},"author":2,"featured_media":647339,"comment_status":"closed","ping_status":"closed","sticky":false,"template":"","format":"standard","meta":{"om_disable_all_campaigns":false,"_monsterinsights_skip_tracking":false,"_monsterinsights_sitenote_active":false,"_monsterinsights_sitenote_note":"","_monsterinsights_sitenote_category":0},"categories":[19],"tags":[],"aioseo_notices":[],"gutentor_comment":0,"rttpg_featured_image_url":{"full":["https:\/\/arantv.az\/wp-content\/uploads\/2023\/10\/3aa0cd18-0bd3-362c-be43-5967c3701e73_850.jpg",620,413,false],"landscape":["https:\/\/arantv.az\/wp-content\/uploads\/2023\/10\/3aa0cd18-0bd3-362c-be43-5967c3701e73_850.jpg",620,413,false],"portraits":["https:\/\/arantv.az\/wp-content\/uploads\/2023\/10\/3aa0cd18-0bd3-362c-be43-5967c3701e73_850.jpg",620,413,false],"thumbnail":["https:\/\/arantv.az\/wp-content\/uploads\/2023\/10\/3aa0cd18-0bd3-362c-be43-5967c3701e73_850-500x280.jpg",500,280,true],"medium":["https:\/\/arantv.az\/wp-content\/uploads\/2023\/10\/3aa0cd18-0bd3-362c-be43-5967c3701e73_850-548x365.jpg",548,365,true],"large":["https:\/\/arantv.az\/wp-content\/uploads\/2023\/10\/3aa0cd18-0bd3-362c-be43-5967c3701e73_850.jpg",620,413,false],"1536x1536":["https:\/\/arantv.az\/wp-content\/uploads\/2023\/10\/3aa0cd18-0bd3-362c-be43-5967c3701e73_850.jpg",620,413,false],"2048x2048":["https:\/\/arantv.az\/wp-content\/uploads\/2023\/10\/3aa0cd18-0bd3-362c-be43-5967c3701e73_850.jpg",620,413,false],"post-thumbnail":["https:\/\/arantv.az\/wp-content\/uploads\/2023\/10\/3aa0cd18-0bd3-362c-be43-5967c3701e73_850-240x172.jpg",240,172,true],"advps-thumb-one":["https:\/\/arantv.az\/wp-content\/uploads\/2023\/10\/3aa0cd18-0bd3-362c-be43-5967c3701e73_850.jpg",620,413,false]},"rttpg_author":{"display_name":"V\u00fcsal Rafiqo\u011flu","author_link":"https:\/\/arantv.az\/?author=2"},"rttpg_comment":0,"rttpg_category":"<a href=\"https:\/\/arantv.az\/?cat=19\" rel=\"category\">G\u00fcnd\u0259m<\/a>","rttpg_excerpt":"Az\u0259rbaycanda 2023-c\u00fc ild\u0259 orta illik inflyasiya\u00a09,5% s\u0259viyy\u0259sind\u0259 olaca\u011f\u0131 proqnozla\u015fd\u0131r\u0131l\u0131r. \u201cReport\u201d\u00a0x\u0259b\u0259r verir ki, bu bar\u0259d\u0259 Maliyy\u0259 Nazirliyinin \u201c2024-2027-ci ill\u0259r \u00fczr\u0259 Ortam\u00fcdd\u0259tli B\u00fcdc\u0259 \u00c7\u0259r\u00e7iv\u0259si\u201dnd\u0259 bildirilib. \u0130qtisadiyyat Nazirliyinin baza ssenarisin\u0259 \u0259sas\u0259n, 2024-c\u00fc ild\u0259 bu g\u00f6st\u0259rici\u00a05,3% s\u0259viyy\u0259sind\u0259 g\u00f6zl\u0259nilir. \u201cProqnozla\u015fd\u0131r\u0131lan orta illik inflyasiyan\u0131n azalan templ\u0259 2027-ci ild\u0259\u00a04,2%-\u0259 q\u0259d\u0259r en\u0259c\u0259yi g\u00f6zl\u0259nilir\u201d, &#8211; dey\u0259 Maliyy\u0259 Nazirliyi qeyd edib. \u0130llik inflyasiyan\u0131n\u00a04\u00b12%\u00a0interval\u0131nda qorunmas\u0131 h\u0259d\u0259fl\u0259nir.&hellip;","_links":{"self":[{"href":"https:\/\/arantv.az\/index.php?rest_route=\/wp\/v2\/posts\/647335"}],"collection":[{"href":"https:\/\/arantv.az\/index.php?rest_route=\/wp\/v2\/posts"}],"about":[{"href":"https:\/\/arantv.az\/index.php?rest_route=\/wp\/v2\/types\/post"}],"author":[{"embeddable":true,"href":"https:\/\/arantv.az\/index.php?rest_route=\/wp\/v2\/users\/2"}],"replies":[{"embeddable":true,"href":"https:\/\/arantv.az\/index.php?rest_route=%2Fwp%2Fv2%2Fcomments&post=647335"}],"version-history":[{"count":0,"href":"https:\/\/arantv.az\/index.php?rest_route=\/wp\/v2\/posts\/647335\/revisions"}],"wp:featuredmedia":[{"embeddable":true,"href":"https:\/\/arantv.az\/index.php?rest_route=\/wp\/v2\/media\/647339"}],"wp:attachment":[{"href":"https:\/\/arantv.az\/index.php?rest_route=%2Fwp%2Fv2%2Fmedia&parent=647335"}],"wp:term":[{"taxonomy":"category","embeddable":true,"href":"https:\/\/arantv.az\/index.php?rest_route=%2Fwp%2Fv2%2Fcategories&post=647335"},{"taxonomy":"post_tag","embeddable":true,"href":"https:\/\/arantv.az\/index.php?rest_route=%2Fwp%2Fv2%2Ftags&post=647335"}],"curies":[{"name":"wp","href":"https:\/\/api.w.org\/{rel}","templated":true}]}}