{"id":647338,"date":"2023-10-19T14:38:31","date_gmt":"2023-10-19T10:38:31","guid":{"rendered":"https:\/\/arantv.az\/?p=647338"},"modified":"2023-10-19T14:38:31","modified_gmt":"2023-10-19T10:38:31","slug":"az%c9%99rbaycan-postsovet-m%c9%99kanindaki-separatizmin-l%c9%99gvi-ucun-yeni-yol-acdi-s%c9%99rh-foto","status":"publish","type":"post","link":"https:\/\/arantv.az\/?p=647338","title":{"rendered":"Az\u0259rbaycan postsovet m\u0259kan\u0131ndak\u0131 separatizmin l\u0259\u011fvi \u00fc\u00e7\u00fcn yeni yol a\u00e7d\u0131 &#8211; \u015e\u018fRH + FOTO"},"content":{"rendered":"<p>Az\u0259rbaycan Prezidenti\u00a0<strong>\u0130lham \u018fliyev<\/strong>\u00a0oktyabr\u0131n 15-d\u0259 Xank\u0259ndid\u0259 d\u00f6vl\u0259t bayra\u011f\u0131n\u0131 ucaltmaqla Z\u0259f\u0259r tariximizd\u0259 daha bir \u015fanl\u0131 s\u0259hif\u0259 yazd\u0131. Xank\u0259ndid\u0259 xalqa etdiyi m\u00fcraci\u0259tind\u0259 \u00dc\u00e7r\u0259ngli Bayra\u011f\u0131m\u0131z\u0131n ucald\u0131lmas\u0131n\u0131 tarixi hadis\u0259 adland\u0131ran \u00f6lk\u0259 ba\u015f\u00e7\u0131s\u0131 \u201cXalq\u0131m\u0131z\u0131n onillikl\u0259r \u0259rzind\u0259 olan arzular\u0131n\u0131 \u00e7in etdik. Az\u0259rbaycan xalq\u0131n\u0131n l\u0259yaq\u0259tini b\u0259rpa etdik. Biz torpaqlar\u0131m\u0131z\u0131 geri qaytarm\u0131\u015f\u0131q, \u0259razi b\u00fct\u00f6vl\u00fcy\u00fcm\u00fcz\u00fc b\u0259rpa etmi\u015fik\u201d b\u0259yanat\u0131n\u0131 verdi.<\/p>\n<p>Az\u0259rbaycan otuz illik erm\u0259ni separatizmin\u0259 son qoymaqla yana\u015f\u0131, bu b\u0259ladan \u0259ziyy\u0259t \u00e7\u0259k\u0259n xalqlar\u0131 v\u0259 d\u00f6vl\u0259tl\u0259ri q\u0259fl\u0259t yuxusundan oyatd\u0131. B\u0259li, Ali Ba\u015f Komandan \u0130lham \u018fliyev 2003-c\u00fc il oktyabr\u0131n 15-d\u0259 prezident se\u00e7ildikd\u0259n sonra xalq\u0131m\u0131z qar\u015f\u0131s\u0131nda verdiyi v\u0259dl\u0259rin ham\u0131s\u0131na bu 20 il \u0259rzind\u0259 \u0259m\u0259l etdi. Sentyabr\u0131n 19-da lokal xarakterli antiterror t\u0259dbirl\u0259rini h\u0259yata ke\u00e7irm\u0259kl\u0259 Az\u0259rbaycan xalq\u0131 n\u0259hay\u0259t b\u00fct\u00fcn \u00f6lk\u0259 \u0259razisind\u0259 h\u00fcquqi hakimiyy\u0259tini b\u0259rpa etdi. Az\u0259rbaycan \u00f6z \u0259razi b\u00fct\u00f6vl\u00fcy\u00fcn\u00fc v\u0259 suverenliyini b\u0259rpa etm\u0259kl\u0259 yana\u015f\u0131, 30 il \u0259rzind\u0259 Qaraba\u011f b\u00f6lg\u0259sind\u0259 k\u00f6k atan separat\u00e7\u0131 qondarma qurumu da \u0259b\u0259diyy\u0259n tarixin arxivin\u0259 g\u00f6md\u00fc.<\/p>\n<p><img src=\"https:\/\/cdn.oxu.az\/uploads\/W1siZiIsIjIwMjMvMTAvMTkvMTEvMTUvMDEvMjQzOTI3MzAtODEyOS00MjI5LTkwZDEtNTczOTlmY2QwMGQ5LzY4NTRkOGU1LTYwYmQtMzVmYi04ZmQ4LTRmMGFkODcwNjU4Yy5qcGciXSxbInAiLCJlbmNvZGUiLCJqcGciLCItcXVhbGl0eSA4MCJdLFsicCIsInRodW1iIiwiNTkweDU5MFx1MDAzZSJdXQ?sha=b1bac46b7714b1c8\" alt=\"\" \/><\/p>\n<p>Yax\u015f\u0131 m\u0259lumdur ki, 70 il m\u00f6vcud olan v\u0259 daha \u00e7ox \u201c\u015f\u0259r imperiyas\u0131\u201d kimi tarix\u0259 d\u00fc\u015f\u0259n SSR\u0130 da\u011f\u0131lark\u0259n \u00f6z\u00fc il\u0259 \u00e7oxsayl\u0131 probleml\u0259r\u0259 yol a\u00e7d\u0131. Bunlardan \u0259n qanl\u0131s\u0131 y\u00fczminl\u0259rl\u0259 insan\u0131n h\u0259yat\u0131na son qoyan, onlar\u0131n \u00f6z torpaqlar\u0131ndan did\u0259rgin sal\u0131nmas\u0131 il\u0259 n\u0259tic\u0259l\u0259n separatizm h\u0259r\u0259kat\u0131d\u0131r. SSR\u0130-nin da\u011f\u0131lmas\u0131 v\u0259 s\u00fcqutunda h\u0259lledici rol oynayan separat\u00e7\u0131 h\u0259r\u0259katlar\u0131n s\u0131ras\u0131nda, s\u00f6zs\u00fcz ki, Qaraba\u011fdak\u0131 erm\u0259nil\u0259r \u0259sas rol oynay\u0131b. M\u0259s\u0259l\u0259n, Rum\u0131niyan\u0131n devril\u0259n lideri Nikolae \u00c7au\u015fesku m\u0259hk\u0259m\u0259 zaman\u0131 \u00e7\u0131x\u0131\u015f\u0131nda Qaraba\u011f m\u00fcnaqi\u015f\u0259sini yaradanlar\u0131 l\u0259n\u0259tl\u0259y\u0259r\u0259k onu SSR\u0130-nin da\u011f\u0131lmas\u0131n\u0131n s\u0259b\u0259bi adland\u0131rm\u0131\u015fd\u0131.<\/p>\n<p>B\u0259s, SSR\u0130-nin ovaxtk\u0131 m\u0259nfur erm\u0259nip\u0259r\u0259st r\u0259hb\u0259rliyinin 1987-ci ild\u0259n start g\u00f6t\u00fcr\u0259n separatizm dal\u011fas\u0131na reaksiyas\u0131 nec\u0259 oldu? H\u00fcquqi d\u00f6vl\u0259t, imperiya, \u0259slind\u0259, bunun qar\u015f\u0131s\u0131n\u0131 almal\u0131, yerind\u0259 bo\u011fmal\u0131 idi. Lakin d\u00fcnya erm\u0259ni lobbisind\u0259n yeml\u0259n\u0259n ozamank\u0131 lider Mixail Qorba\u00e7ov ba\u015fda olmaqla r\u0259hb\u0259rlik n\u0259inki separatizmin qar\u015f\u0131s\u0131n\u0131 ald\u0131, \u0259ksin\u0259, onun daha geni\u015f v\u00fcs\u0259t almas\u0131na r\u0259vac verdi. N\u0259tic\u0259d\u0259 insanlar \u00f6z ev-e\u015fikl\u0259rind\u0259n qovulmaqla yana\u015f\u0131, soyq\u0131r\u0131mlara, irqi ayr\u0131-se\u00e7kiliy\u0259 m\u0259ruz qald\u0131lar. Bel\u0259c\u0259, Qaraba\u011fdak\u0131 m\u00fcnaqi\u015f\u0259 dal\u011fas\u0131 sonradan G\u00fcrc\u00fcstana &#8211; C\u0259nubi Osetiya v\u0259 Abxaziyaya, daha sonra Moldovaya yay\u0131ld\u0131. \u018frazil\u0259rd\u0259 yarad\u0131lan qondarma qurumlar 30 il\u0259 yax\u0131nd\u0131r ki, bu \u00f6lk\u0259l\u0259ri inki\u015fafdan saxlamaqla yana\u015f\u0131, insanlar\u0131n qa\u00e7q\u0131n v\u0259 ya m\u0259cburi k\u00f6\u00e7k\u00fcn h\u0259yat\u0131 ya\u015fama\u011fa m\u0259cbur edir.<\/p>\n<p><img src=\"https:\/\/cdn.oxu.az\/uploads\/W1siZiIsIjIwMjMvMTAvMTkvMTEvMTUvMDEvNjM0YmVjMzQtZjcyOS00ZTE5LTkxM2UtNjg5OWNiMGEyMmIxLzZhYmM1YTg3LWU3YzMtM2E2MS05NGZlLTc4MDUzZmYwYjdlZS5qcGciXSxbInAiLCJlbmNvZGUiLCJqcGciLCItcXVhbGl0eSA4MCJdLFsicCIsInRodW1iIiwiNTkweDU5MFx1MDAzZSJdXQ?sha=7b2f51d07793bd12\" alt=\"\" \/><\/p>\n<p>\u00dcmid etm\u0259k olar ki, Az\u0259rbaycan\u0131n \u0259ld\u0259 etdiyi z\u0259f\u0259ri bir g\u00fcn onlar da ya\u015fayacaq. Bel\u0259 ki, art\u0131q Az\u0259rbaycan MDB, x\u00fcsusil\u0259 postsovet m\u0259kan\u0131nda i\u015f\u011fala v\u0259 separatizm\u0259 son qoyan ilk \u00f6lk\u0259 kimi tarix\u0259 dam\u011fas\u0131n\u0131 vurub. Eyni zamanda, Az\u0259rbaycan d\u00fcnyada yax\u0131n ill\u0259r \u0259rzind\u0259 i\u015f\u011fala son qoyan t\u0259k \u00f6lk\u0259 kimi d\u0259 tarix\u0259 d\u00fc\u015f\u00fcb.<\/p>\n<p>Erm\u0259nil\u0259r h\u0259qiq\u0259t\u0259n d\u0259 \u201cf\u0259xr\u201d ed\u0259 bil\u0259rl\u0259r ki, m\u0259hz onlar \u00f6t\u0259n \u0259srin 80-ci ill\u0259rind\u0259 separatizm h\u0259r\u0259kat\u0131n\u0131n lokomotivi olublar. Separatizm dal\u011fas\u0131n\u0131n sovet m\u0259kan\u0131 il\u0259 yana\u015f\u0131, b\u00fct\u00fcn d\u00fcnyaya yay\u0131lmas\u0131n\u0131n t\u0259\u015f\u0259bb\u00fcskar\u0131 da m\u0259hz onlard\u0131r. Az\u0259rbaycan\u0131n beyn\u0259lxalq h\u00fcquqla t\u0259sbit olunmu\u015f torpaqlar\u0131nda yaratd\u0131qlar\u0131 v\u0259 haz\u0131rda tarixin zibilliyind\u0259 olan qondarma Da\u011fl\u0131q Qaraba\u011f Respublikas\u0131 is\u0259 separatizmin \u0259n qanl\u0131 formas\u0131 idi. M\u0259hz bu m\u00fcnaqi\u015f\u0259 uzun ill\u0259r ke\u00e7mi\u015f SSR\u0130-nin \u0259n iyr\u0259nc v\u0259 t\u0259hl\u00fck\u0259li qal\u0131\u011f\u0131 kimi qeyd olunurdu.<\/p>\n<p><img src=\"https:\/\/cdn.oxu.az\/uploads\/W1siZiIsIjIwMjMvMTAvMTkvMTEvMTUvMDEvNmFiOTI2M2ItNGRlMS00Y2E3LWI4YTQtODc4MGI4NzRmYTQyL2UxNjFkZjE3LTgyNjEtM2JmYS1hNTRhLTYzMTI4ZjQxZGU5YS5qcGciXSxbInAiLCJlbmNvZGUiLCJqcGciLCItcXVhbGl0eSA4MCJdLFsicCIsInRodW1iIiwiNTkweDU5MFx1MDAzZSJdXQ?sha=ab46975537f3c584\" alt=\"\" \/><\/p>\n<p>Bir m\u0259s\u0259l\u0259ni d\u0259 qeyd ed\u0259k ki, erm\u0259ni separatizminin t\u0259k sovet imperiyas\u0131nda deyil, b\u00fct\u00fcn d\u00fcnyada \u0259ks-s\u0259da do\u011furdu\u011funu\u00a0des\u0259k, yan\u0131lmar\u0131q. Onlar bir n\u00f6v d\u00fcnyada pioner rolunu oynad\u0131lar. D\u00fcnyan\u0131n m\u00fcxt\u0259lif \u00f6lk\u0259l\u0259rind\u0259 ba\u015f qald\u0131ran separatizm h\u0259r\u0259k\u0259tl\u0259ri erm\u0259nil\u0259rin d\u00fcnyaya b\u0259x\u015f etdiyi \u0259n b\u00f6y\u00fck \u201ct\u00f6hf\u0259dir\u201d. Maraql\u0131d\u0131r ki, erm\u0259ni separatizminin ilham ald\u0131\u011f\u0131 Fransa \u00f6z\u00fc bel\u0259 bundan \u0259ziyy\u0259t \u00e7\u0259kdiyini d\u0259f\u0259l\u0259rl\u0259 b\u0259yan edib. M\u0259s\u0259l\u0259n, haz\u0131rda Korsika m\u00fcst\u0259qillik u\u011frunda m\u00fcbariz\u0259 apar\u0131r.<\/p>\n<p>Separatizm h\u0259r hans\u0131 bir m\u0259d\u0259ni, etnik, q\u0259bil\u0259, dini, irqi qrupun \u00fcmumi s\u0259rh\u0259dl\u0259rind\u0259n ayr\u0131 olan muxtariyy\u0259t v\u0259 ya muxtariyy\u0259t t\u0259l\u0259bini ehtiva ed\u0259n bir termindir. Bunun nec\u0259 qorxulu, da\u011f\u0131d\u0131c\u0131 proses oldu\u011funu h\u0259r k\u0259s d\u0259rk ets\u0259 d\u0259, t\u0259\u0259ss\u00fcf ki, Fransa d\u0259rk etmir.<\/p>\n<p>Bir fakt\u0131 da qeyd etm\u0259k yerin\u0259 d\u00fc\u015f\u0259r ki, beyn\u0259lxalq birlik d\u00fcnyada separatizm\u0259 g\u00f6st\u0259rdiyi s\u0259rt m\u00f6vqeni Qaraba\u011fdak\u0131 separat\u00e7\u0131lara g\u00f6st\u0259rm\u0259di. \u018fksin\u0259, onlara qucaq a\u00e7\u0131ld\u0131. Bu m\u0259s\u0259l\u0259d\u0259 Az\u0259rbaycan h\u0259r zaman ikili standartlar v\u0259 q\u0259r\u0259zli m\u00fcnasib\u0259tin \u015fahidi oldu.<\/p>\n<p><strong>\u201cReport\u201d \u0130nformasiya Agentliyi<\/strong><\/p>\n","protected":false},"excerpt":{"rendered":"<p>Az\u0259rbaycan Prezidenti\u00a0\u0130lham \u018fliyev\u00a0oktyabr\u0131n 15-d\u0259 Xank\u0259ndid\u0259 d\u00f6vl\u0259t bayra\u011f\u0131n\u0131 ucaltmaqla Z\u0259f\u0259r tariximizd\u0259 daha bir \u015fanl\u0131 s\u0259hif\u0259 yazd\u0131. Xank\u0259ndid\u0259 xalqa etdiyi m\u00fcraci\u0259tind\u0259 \u00dc\u00e7r\u0259ngli Bayra\u011f\u0131m\u0131z\u0131n ucald\u0131lmas\u0131n\u0131 tarixi hadis\u0259 adland\u0131ran \u00f6lk\u0259 ba\u015f\u00e7\u0131s\u0131 \u201cXalq\u0131m\u0131z\u0131n onillikl\u0259r \u0259rzind\u0259 olan arzular\u0131n\u0131 \u00e7in etdik. Az\u0259rbaycan xalq\u0131n\u0131n l\u0259yaq\u0259tini b\u0259rpa etdik. Biz torpaqlar\u0131m\u0131z\u0131 geri qaytarm\u0131\u015f\u0131q, \u0259razi b\u00fct\u00f6vl\u00fcy\u00fcm\u00fcz\u00fc b\u0259rpa etmi\u015fik\u201d b\u0259yanat\u0131n\u0131 verdi. Az\u0259rbaycan otuz illik erm\u0259ni separatizmin\u0259 son qoymaqla yana\u015f\u0131, bu b\u0259ladan \u0259ziyy\u0259t \u00e7\u0259k\u0259n xalqlar\u0131 v\u0259 d\u00f6vl\u0259tl\u0259ri q\u0259fl\u0259t yuxusundan oyatd\u0131. B\u0259li, Ali Ba\u015f Komandan \u0130lham \u018fliyev 2003-c\u00fc il oktyabr\u0131n 15-d\u0259 prezident se\u00e7ildikd\u0259n sonra xalq\u0131m\u0131z qar\u015f\u0131s\u0131nda verdiyi v\u0259dl\u0259rin ham\u0131s\u0131na bu 20 il \u0259rzind\u0259 \u0259m\u0259l&hellip;<\/p>\n","protected":false},"author":2,"featured_media":647341,"comment_status":"closed","ping_status":"closed","sticky":false,"template":"","format":"standard","meta":{"om_disable_all_campaigns":false,"_monsterinsights_skip_tracking":false,"_monsterinsights_sitenote_active":false,"_monsterinsights_sitenote_note":"","_monsterinsights_sitenote_category":0},"categories":[4],"tags":[],"aioseo_notices":[],"gutentor_comment":0,"rttpg_featured_image_url":{"full":["https:\/\/arantv.az\/wp-content\/uploads\/2023\/10\/333a20c2-c4ac-3943-8ab4-6ae89b7a90b8_850-1.jpg",620,413,false],"landscape":["https:\/\/arantv.az\/wp-content\/uploads\/2023\/10\/333a20c2-c4ac-3943-8ab4-6ae89b7a90b8_850-1.jpg",620,413,false],"portraits":["https:\/\/arantv.az\/wp-content\/uploads\/2023\/10\/333a20c2-c4ac-3943-8ab4-6ae89b7a90b8_850-1.jpg",620,413,false],"thumbnail":["https:\/\/arantv.az\/wp-content\/uploads\/2023\/10\/333a20c2-c4ac-3943-8ab4-6ae89b7a90b8_850-1-500x280.jpg",500,280,true],"medium":["https:\/\/arantv.az\/wp-content\/uploads\/2023\/10\/333a20c2-c4ac-3943-8ab4-6ae89b7a90b8_850-1-548x365.jpg",548,365,true],"large":["https:\/\/arantv.az\/wp-content\/uploads\/2023\/10\/333a20c2-c4ac-3943-8ab4-6ae89b7a90b8_850-1.jpg",620,413,false],"1536x1536":["https:\/\/arantv.az\/wp-content\/uploads\/2023\/10\/333a20c2-c4ac-3943-8ab4-6ae89b7a90b8_850-1.jpg",620,413,false],"2048x2048":["https:\/\/arantv.az\/wp-content\/uploads\/2023\/10\/333a20c2-c4ac-3943-8ab4-6ae89b7a90b8_850-1.jpg",620,413,false],"post-thumbnail":["https:\/\/arantv.az\/wp-content\/uploads\/2023\/10\/333a20c2-c4ac-3943-8ab4-6ae89b7a90b8_850-1-240x172.jpg",240,172,true],"advps-thumb-one":["https:\/\/arantv.az\/wp-content\/uploads\/2023\/10\/333a20c2-c4ac-3943-8ab4-6ae89b7a90b8_850-1.jpg",620,413,false]},"rttpg_author":{"display_name":"V\u00fcsal Rafiqo\u011flu","author_link":"https:\/\/arantv.az\/?author=2"},"rttpg_comment":0,"rttpg_category":"<a href=\"https:\/\/arantv.az\/?cat=4\" rel=\"category\">Siyas\u0259t<\/a>","rttpg_excerpt":"Az\u0259rbaycan Prezidenti\u00a0\u0130lham \u018fliyev\u00a0oktyabr\u0131n 15-d\u0259 Xank\u0259ndid\u0259 d\u00f6vl\u0259t bayra\u011f\u0131n\u0131 ucaltmaqla Z\u0259f\u0259r tariximizd\u0259 daha bir \u015fanl\u0131 s\u0259hif\u0259 yazd\u0131. Xank\u0259ndid\u0259 xalqa etdiyi m\u00fcraci\u0259tind\u0259 \u00dc\u00e7r\u0259ngli Bayra\u011f\u0131m\u0131z\u0131n ucald\u0131lmas\u0131n\u0131 tarixi hadis\u0259 adland\u0131ran \u00f6lk\u0259 ba\u015f\u00e7\u0131s\u0131 \u201cXalq\u0131m\u0131z\u0131n onillikl\u0259r \u0259rzind\u0259 olan arzular\u0131n\u0131 \u00e7in etdik. Az\u0259rbaycan xalq\u0131n\u0131n l\u0259yaq\u0259tini b\u0259rpa etdik. Biz torpaqlar\u0131m\u0131z\u0131 geri qaytarm\u0131\u015f\u0131q, \u0259razi b\u00fct\u00f6vl\u00fcy\u00fcm\u00fcz\u00fc b\u0259rpa etmi\u015fik\u201d b\u0259yanat\u0131n\u0131 verdi. Az\u0259rbaycan otuz illik erm\u0259ni separatizmin\u0259 son&hellip;","_links":{"self":[{"href":"https:\/\/arantv.az\/index.php?rest_route=\/wp\/v2\/posts\/647338"}],"collection":[{"href":"https:\/\/arantv.az\/index.php?rest_route=\/wp\/v2\/posts"}],"about":[{"href":"https:\/\/arantv.az\/index.php?rest_route=\/wp\/v2\/types\/post"}],"author":[{"embeddable":true,"href":"https:\/\/arantv.az\/index.php?rest_route=\/wp\/v2\/users\/2"}],"replies":[{"embeddable":true,"href":"https:\/\/arantv.az\/index.php?rest_route=%2Fwp%2Fv2%2Fcomments&post=647338"}],"version-history":[{"count":0,"href":"https:\/\/arantv.az\/index.php?rest_route=\/wp\/v2\/posts\/647338\/revisions"}],"wp:featuredmedia":[{"embeddable":true,"href":"https:\/\/arantv.az\/index.php?rest_route=\/wp\/v2\/media\/647341"}],"wp:attachment":[{"href":"https:\/\/arantv.az\/index.php?rest_route=%2Fwp%2Fv2%2Fmedia&parent=647338"}],"wp:term":[{"taxonomy":"category","embeddable":true,"href":"https:\/\/arantv.az\/index.php?rest_route=%2Fwp%2Fv2%2Fcategories&post=647338"},{"taxonomy":"post_tag","embeddable":true,"href":"https:\/\/arantv.az\/index.php?rest_route=%2Fwp%2Fv2%2Ftags&post=647338"}],"curies":[{"name":"wp","href":"https:\/\/api.w.org\/{rel}","templated":true}]}}