{"id":64737,"date":"2019-06-07T12:15:17","date_gmt":"2019-06-07T09:15:17","guid":{"rendered":"http:\/\/arantv.az\/?p=64737"},"modified":"2019-06-07T12:15:17","modified_gmt":"2019-06-07T09:15:17","slug":"qirgizistan-turkiy%c9%99y%c9%99-nota-verdi","status":"publish","type":"post","link":"https:\/\/arantv.az\/?p=64737","title":{"rendered":"Q\u0131r\u011f\u0131z\u0131stan T\u00fcrkiy\u0259y\u0259 nota verdi"},"content":{"rendered":"<p>T\u00fcrkiy\u0259nin Bi\u015fkekd\u0259ki s\u0259firi \u00c7ingiz F\u0131rat Q\u0131r\u011f\u0131z\u0131stan Xarici \u0130\u015fl\u0259r Nazirliyin\u0259 \u00e7a\u011f\u0131r\u0131l\u0131b.<\/p>\n<p><strong>ARANTV.AZ<\/strong>\u00a0 x\u0259b\u0259r verir ki, s\u0259firin X\u0130N-\u0259 \u00e7a\u011f\u0131r\u0131lmas\u0131na s\u0259b\u0259b onun q\u0131r\u011f\u0131zlarla ah\u0131ska t\u00fcrkl\u0259rinin dala\u015fd\u0131\u011f\u0131 Orok k\u0259ndin\u0259 getm\u0259si olub.<\/p>\n<div id=\"AdviadNativeVideo0\" class=\"AdviadNativeVideo\"><\/div>\n<p>S\u0259fir\u0259 Q\u0131r\u011f\u0131z\u0131stan\u0131n daxili i\u015fl\u0259rin\u0259 qar\u0131\u015fmamas\u0131 v\u0259 qanunlara h\u00f6rm\u0259t etm\u0259sinin vacibliyi bildirilib v\u0259 nota t\u0259qdim edilib.<\/p>\n<p>M\u0259lumat \u00fc\u00e7\u00fcn bildir\u0259k ki, iyunun 5-d\u0259 ba\u015f ver\u0259n dava zaman\u0131 \u00fc\u00e7 n\u0259f\u0259r \u00f6l\u00fcb, iki n\u0259f\u0259r yaralan\u0131b, 32 n\u0259f\u0259r saxlan\u0131l\u0131b, 15 ev\u0259 v\u0259 bir kluba z\u0259r\u0259r d\u0259yib. oxu.az<\/p>\n","protected":false},"excerpt":{"rendered":"<p>T\u00fcrkiy\u0259nin Bi\u015fkekd\u0259ki s\u0259firi \u00c7ingiz F\u0131rat Q\u0131r\u011f\u0131z\u0131stan Xarici \u0130\u015fl\u0259r Nazirliyin\u0259 \u00e7a\u011f\u0131r\u0131l\u0131b. ARANTV.AZ\u00a0 x\u0259b\u0259r verir ki, s\u0259firin X\u0130N-\u0259 \u00e7a\u011f\u0131r\u0131lmas\u0131na s\u0259b\u0259b onun q\u0131r\u011f\u0131zlarla ah\u0131ska t\u00fcrkl\u0259rinin dala\u015fd\u0131\u011f\u0131 Orok k\u0259ndin\u0259 getm\u0259si olub. S\u0259fir\u0259 Q\u0131r\u011f\u0131z\u0131stan\u0131n daxili i\u015fl\u0259rin\u0259 qar\u0131\u015fmamas\u0131 v\u0259 qanunlara h\u00f6rm\u0259t etm\u0259sinin vacibliyi bildirilib v\u0259 nota t\u0259qdim edilib. M\u0259lumat \u00fc\u00e7\u00fcn bildir\u0259k ki, iyunun 5-d\u0259 ba\u015f ver\u0259n dava zaman\u0131 \u00fc\u00e7 n\u0259f\u0259r \u00f6l\u00fcb, iki n\u0259f\u0259r yaralan\u0131b, 32 n\u0259f\u0259r saxlan\u0131l\u0131b, 15 ev\u0259 v\u0259 bir kluba z\u0259r\u0259r d\u0259yib. oxu.az<\/p>\n","protected":false},"author":2,"featured_media":64738,"comment_status":"closed","ping_status":"closed","sticky":false,"template":"","format":"standard","meta":{"om_disable_all_campaigns":false,"_monsterinsights_skip_tracking":false,"_monsterinsights_sitenote_active":false,"_monsterinsights_sitenote_note":"","_monsterinsights_sitenote_category":0},"categories":[7],"tags":[],"aioseo_notices":[],"gutentor_comment":0,"rttpg_featured_image_url":{"full":["https:\/\/arantv.az\/wp-content\/uploads\/2019\/06\/qir.jpg",620,360,false],"landscape":["https:\/\/arantv.az\/wp-content\/uploads\/2019\/06\/qir.jpg",620,360,false],"portraits":["https:\/\/arantv.az\/wp-content\/uploads\/2019\/06\/qir.jpg",620,360,false],"thumbnail":["https:\/\/arantv.az\/wp-content\/uploads\/2019\/06\/qir-150x150.jpg",150,150,true],"medium":["https:\/\/arantv.az\/wp-content\/uploads\/2019\/06\/qir-300x174.jpg",300,174,true],"large":["https:\/\/arantv.az\/wp-content\/uploads\/2019\/06\/qir.jpg",620,360,false],"1536x1536":["https:\/\/arantv.az\/wp-content\/uploads\/2019\/06\/qir.jpg",620,360,false],"2048x2048":["https:\/\/arantv.az\/wp-content\/uploads\/2019\/06\/qir.jpg",620,360,false],"post-thumbnail":["https:\/\/arantv.az\/wp-content\/uploads\/2019\/06\/qir-240x172.jpg",240,172,true],"advps-thumb-one":["https:\/\/arantv.az\/wp-content\/uploads\/2019\/06\/qir.jpg",620,360,false]},"rttpg_author":{"display_name":"V\u00fcsal Rafiqo\u011flu","author_link":"https:\/\/arantv.az\/?author=2"},"rttpg_comment":0,"rttpg_category":"<a href=\"https:\/\/arantv.az\/?cat=7\" rel=\"category\">D\u00fcnya<\/a>","rttpg_excerpt":"T\u00fcrkiy\u0259nin Bi\u015fkekd\u0259ki s\u0259firi \u00c7ingiz F\u0131rat Q\u0131r\u011f\u0131z\u0131stan Xarici \u0130\u015fl\u0259r Nazirliyin\u0259 \u00e7a\u011f\u0131r\u0131l\u0131b. ARANTV.AZ\u00a0 x\u0259b\u0259r verir ki, s\u0259firin X\u0130N-\u0259 \u00e7a\u011f\u0131r\u0131lmas\u0131na s\u0259b\u0259b onun q\u0131r\u011f\u0131zlarla ah\u0131ska t\u00fcrkl\u0259rinin dala\u015fd\u0131\u011f\u0131 Orok k\u0259ndin\u0259 getm\u0259si olub. S\u0259fir\u0259 Q\u0131r\u011f\u0131z\u0131stan\u0131n daxili i\u015fl\u0259rin\u0259 qar\u0131\u015fmamas\u0131 v\u0259 qanunlara h\u00f6rm\u0259t etm\u0259sinin vacibliyi bildirilib v\u0259 nota t\u0259qdim edilib. M\u0259lumat \u00fc\u00e7\u00fcn bildir\u0259k ki, iyunun 5-d\u0259 ba\u015f ver\u0259n dava zaman\u0131 \u00fc\u00e7 n\u0259f\u0259r \u00f6l\u00fcb,&hellip;","_links":{"self":[{"href":"https:\/\/arantv.az\/index.php?rest_route=\/wp\/v2\/posts\/64737"}],"collection":[{"href":"https:\/\/arantv.az\/index.php?rest_route=\/wp\/v2\/posts"}],"about":[{"href":"https:\/\/arantv.az\/index.php?rest_route=\/wp\/v2\/types\/post"}],"author":[{"embeddable":true,"href":"https:\/\/arantv.az\/index.php?rest_route=\/wp\/v2\/users\/2"}],"replies":[{"embeddable":true,"href":"https:\/\/arantv.az\/index.php?rest_route=%2Fwp%2Fv2%2Fcomments&post=64737"}],"version-history":[{"count":0,"href":"https:\/\/arantv.az\/index.php?rest_route=\/wp\/v2\/posts\/64737\/revisions"}],"wp:featuredmedia":[{"embeddable":true,"href":"https:\/\/arantv.az\/index.php?rest_route=\/wp\/v2\/media\/64738"}],"wp:attachment":[{"href":"https:\/\/arantv.az\/index.php?rest_route=%2Fwp%2Fv2%2Fmedia&parent=64737"}],"wp:term":[{"taxonomy":"category","embeddable":true,"href":"https:\/\/arantv.az\/index.php?rest_route=%2Fwp%2Fv2%2Fcategories&post=64737"},{"taxonomy":"post_tag","embeddable":true,"href":"https:\/\/arantv.az\/index.php?rest_route=%2Fwp%2Fv2%2Ftags&post=64737"}],"curies":[{"name":"wp","href":"https:\/\/api.w.org\/{rel}","templated":true}]}}