{"id":64740,"date":"2019-06-07T12:16:00","date_gmt":"2019-06-07T09:16:00","guid":{"rendered":"http:\/\/arantv.az\/?p=64740"},"modified":"2019-06-07T12:16:00","modified_gmt":"2019-06-07T09:16:00","slug":"ekspert-rusiyali-turistl%c9%99r-gurcustani-az%c9%99rbaycana-d%c9%99yisirl%c9%99r","status":"publish","type":"post","link":"https:\/\/arantv.az\/?p=64740","title":{"rendered":"Ekspert: Rusiyal\u0131 turistl\u0259r G\u00fcrc\u00fcstan\u0131 Az\u0259rbaycana d\u0259yi\u015firl\u0259r"},"content":{"rendered":"<p>G\u00fcrc\u00fcstanda bahala\u015fma rusiyal\u0131 turistl\u0259rin istirah\u0259t \u00fc\u00e7\u00fcn daha \u00e7ox Az\u0259rbaycan\u0131 se\u00e7m\u0259l\u0259rin\u0259 s\u0259b\u0259b olub.<\/p>\n<p>Bu bar\u0259d\u0259 \u201cRATA-news\u201d \u201cJarkov-tur\u201d \u015firk\u0259tinin ba\u015f direktoru Andrey Jukova istinad\u0259n\u00a0<a href=\"http:\/\/bizzone.info\/tourism\/2019\/1559931056.php?fbclid=IwAR1Tn1F7jUsisZ6Uo7m6NRQn_2SQ0WSCE_CiH5TUr2lRG5l1xD8pJ42LONc\" target=\"_blank\" rel=\"noopener\">m\u0259lumat<\/a>\u00a0yay\u0131b.<\/p>\n<p>Rusiya G\u00fcrc\u00fcstana s\u0259f\u0259rl\u0259rin say\u0131 \u00fczr\u0259 ilk s\u0131radad\u0131r. Bu ilin be\u015f ay\u0131 \u0259rzind\u0259 C\u0259nubi Qafqaz \u00f6lk\u0259sin\u0259 539,4 min rusiyal\u0131 turist (il \u0259rzind\u0259 14 faiz art\u0131m) s\u0259yah\u0259t edib.<\/p>\n<div id=\"AdviadNativeVideo0\" class=\"AdviadNativeVideo\"><\/div>\n<p>A.Jukov bildirib ki, ad\u0259t\u0259n, insanlar s\u0259f\u0259rin x\u0259rcl\u0259rini \u00f6yr\u0259ndikd\u0259n sonra dig\u0259r istiqam\u0259tl\u0259r\u0259, daha \u00e7ox qon\u015fu Az\u0259rbaycana \u00fcz tuturlar.<\/p>\n<p>Ekspertin s\u00f6zl\u0259rin\u0259 g\u00f6r\u0259, bu \u00f6lk\u0259d\u0259 qiym\u0259tl\u0259r \u00f6t\u0259n ill\u0259 m\u00fcqayis\u0259d\u0259, 30 faiz art\u0131b. Buna g\u00f6r\u0259 d\u0259\u00a0G\u00fcrc\u00fcstana t\u0259l\u0259bat\u0131n artaca\u011f\u0131n\u0131 g\u00f6zl\u0259m\u0259y\u0259 d\u0259ym\u0259z.<\/p>\n<p>\u015eirk\u0259t r\u0259hb\u0259ri hesab edir ki, m\u0259hz qiym\u0259t m\u0259s\u0259l\u0259si G\u00fcrc\u00fcstana turist s\u0259f\u0259rl\u0259rinin t\u0259\u015fkilinin artmas\u0131na mane olur:<\/p>\n<p>\u201cBu il G\u00fcrc\u00fcstan istiqam\u0259ti ikinci ildir ucuz ba\u015fa g\u0259l\u0259n Az\u0259rbaycana s\u0259yah\u0259t\u0259 uduzur. M\u00fc\u015ft\u0259ril\u0259r d\u0259 bunu m\u00fc\u015fahid\u0259 edirl\u0259r\u201d.<\/p>\n<p>Qeyd ed\u0259k ki, Az\u0259rbaycan D\u00f6vl\u0259t Statistika Komit\u0259sinin m\u0259lumat\u0131na \u0259sas\u0259n, 2019-cu ilin yanvar-aprel aylar\u0131nda \u00f6lk\u0259y\u0259 g\u0259l\u0259nl\u0259rin 27,3 faizi Rusiya v\u0259t\u0259nda\u015flar\u0131 olub. Cari ilin aprelind\u0259 Az\u0259rbaycana 64,5 min, ilin ilk d\u00f6rd ay\u0131 \u0259rzind\u0259 is\u0259 231 min Rusiya v\u0259t\u0259nda\u015f\u0131 s\u0259f\u0259r edib.<\/p>\n","protected":false},"excerpt":{"rendered":"<p>G\u00fcrc\u00fcstanda bahala\u015fma rusiyal\u0131 turistl\u0259rin istirah\u0259t \u00fc\u00e7\u00fcn daha \u00e7ox Az\u0259rbaycan\u0131 se\u00e7m\u0259l\u0259rin\u0259 s\u0259b\u0259b olub. Bu bar\u0259d\u0259 \u201cRATA-news\u201d \u201cJarkov-tur\u201d \u015firk\u0259tinin ba\u015f direktoru Andrey Jukova istinad\u0259n\u00a0m\u0259lumat\u00a0yay\u0131b. Rusiya G\u00fcrc\u00fcstana s\u0259f\u0259rl\u0259rin say\u0131 \u00fczr\u0259 ilk s\u0131radad\u0131r. Bu ilin be\u015f ay\u0131 \u0259rzind\u0259 C\u0259nubi Qafqaz \u00f6lk\u0259sin\u0259 539,4 min rusiyal\u0131 turist (il \u0259rzind\u0259 14 faiz art\u0131m) s\u0259yah\u0259t edib. A.Jukov bildirib ki, ad\u0259t\u0259n, insanlar s\u0259f\u0259rin x\u0259rcl\u0259rini \u00f6yr\u0259ndikd\u0259n sonra dig\u0259r istiqam\u0259tl\u0259r\u0259, daha \u00e7ox qon\u015fu Az\u0259rbaycana \u00fcz tuturlar. Ekspertin s\u00f6zl\u0259rin\u0259 g\u00f6r\u0259, bu \u00f6lk\u0259d\u0259 qiym\u0259tl\u0259r \u00f6t\u0259n ill\u0259 m\u00fcqayis\u0259d\u0259, 30 faiz art\u0131b. Buna g\u00f6r\u0259 d\u0259\u00a0G\u00fcrc\u00fcstana t\u0259l\u0259bat\u0131n artaca\u011f\u0131n\u0131 g\u00f6zl\u0259m\u0259y\u0259 d\u0259ym\u0259z. \u015eirk\u0259t r\u0259hb\u0259ri hesab edir ki, m\u0259hz&hellip;<\/p>\n","protected":false},"author":2,"featured_media":64741,"comment_status":"closed","ping_status":"closed","sticky":false,"template":"","format":"standard","meta":{"om_disable_all_campaigns":false,"_monsterinsights_skip_tracking":false,"_monsterinsights_sitenote_active":false,"_monsterinsights_sitenote_note":"","_monsterinsights_sitenote_category":0},"categories":[1],"tags":[],"aioseo_notices":[],"gutentor_comment":0,"rttpg_featured_image_url":{"full":["https:\/\/arantv.az\/wp-content\/uploads\/2019\/06\/A_99d65011-bimage_story.jpg",620,414,false],"landscape":["https:\/\/arantv.az\/wp-content\/uploads\/2019\/06\/A_99d65011-bimage_story.jpg",620,414,false],"portraits":["https:\/\/arantv.az\/wp-content\/uploads\/2019\/06\/A_99d65011-bimage_story.jpg",620,414,false],"thumbnail":["https:\/\/arantv.az\/wp-content\/uploads\/2019\/06\/A_99d65011-bimage_story-150x150.jpg",150,150,true],"medium":["https:\/\/arantv.az\/wp-content\/uploads\/2019\/06\/A_99d65011-bimage_story-300x200.jpg",300,200,true],"large":["https:\/\/arantv.az\/wp-content\/uploads\/2019\/06\/A_99d65011-bimage_story.jpg",620,414,false],"1536x1536":["https:\/\/arantv.az\/wp-content\/uploads\/2019\/06\/A_99d65011-bimage_story.jpg",620,414,false],"2048x2048":["https:\/\/arantv.az\/wp-content\/uploads\/2019\/06\/A_99d65011-bimage_story.jpg",620,414,false],"post-thumbnail":["https:\/\/arantv.az\/wp-content\/uploads\/2019\/06\/A_99d65011-bimage_story-240x172.jpg",240,172,true],"advps-thumb-one":["https:\/\/arantv.az\/wp-content\/uploads\/2019\/06\/A_99d65011-bimage_story.jpg",620,414,false]},"rttpg_author":{"display_name":"V\u00fcsal Rafiqo\u011flu","author_link":"https:\/\/arantv.az\/?author=2"},"rttpg_comment":0,"rttpg_category":"<a href=\"https:\/\/arantv.az\/?cat=1\" rel=\"category\">C\u0259miyy\u0259t<\/a>","rttpg_excerpt":"G\u00fcrc\u00fcstanda bahala\u015fma rusiyal\u0131 turistl\u0259rin istirah\u0259t \u00fc\u00e7\u00fcn daha \u00e7ox Az\u0259rbaycan\u0131 se\u00e7m\u0259l\u0259rin\u0259 s\u0259b\u0259b olub. Bu bar\u0259d\u0259 \u201cRATA-news\u201d \u201cJarkov-tur\u201d \u015firk\u0259tinin ba\u015f direktoru Andrey Jukova istinad\u0259n\u00a0m\u0259lumat\u00a0yay\u0131b. Rusiya G\u00fcrc\u00fcstana s\u0259f\u0259rl\u0259rin say\u0131 \u00fczr\u0259 ilk s\u0131radad\u0131r. Bu ilin be\u015f ay\u0131 \u0259rzind\u0259 C\u0259nubi Qafqaz \u00f6lk\u0259sin\u0259 539,4 min rusiyal\u0131 turist (il \u0259rzind\u0259 14 faiz art\u0131m) s\u0259yah\u0259t edib. A.Jukov bildirib ki, ad\u0259t\u0259n, insanlar s\u0259f\u0259rin x\u0259rcl\u0259rini&hellip;","_links":{"self":[{"href":"https:\/\/arantv.az\/index.php?rest_route=\/wp\/v2\/posts\/64740"}],"collection":[{"href":"https:\/\/arantv.az\/index.php?rest_route=\/wp\/v2\/posts"}],"about":[{"href":"https:\/\/arantv.az\/index.php?rest_route=\/wp\/v2\/types\/post"}],"author":[{"embeddable":true,"href":"https:\/\/arantv.az\/index.php?rest_route=\/wp\/v2\/users\/2"}],"replies":[{"embeddable":true,"href":"https:\/\/arantv.az\/index.php?rest_route=%2Fwp%2Fv2%2Fcomments&post=64740"}],"version-history":[{"count":0,"href":"https:\/\/arantv.az\/index.php?rest_route=\/wp\/v2\/posts\/64740\/revisions"}],"wp:featuredmedia":[{"embeddable":true,"href":"https:\/\/arantv.az\/index.php?rest_route=\/wp\/v2\/media\/64741"}],"wp:attachment":[{"href":"https:\/\/arantv.az\/index.php?rest_route=%2Fwp%2Fv2%2Fmedia&parent=64740"}],"wp:term":[{"taxonomy":"category","embeddable":true,"href":"https:\/\/arantv.az\/index.php?rest_route=%2Fwp%2Fv2%2Fcategories&post=64740"},{"taxonomy":"post_tag","embeddable":true,"href":"https:\/\/arantv.az\/index.php?rest_route=%2Fwp%2Fv2%2Ftags&post=64740"}],"curies":[{"name":"wp","href":"https:\/\/api.w.org\/{rel}","templated":true}]}}