{"id":647419,"date":"2023-10-19T15:41:21","date_gmt":"2023-10-19T11:41:21","guid":{"rendered":"https:\/\/arantv.az\/?p=647419"},"modified":"2023-10-19T15:41:21","modified_gmt":"2023-10-19T11:41:21","slug":"avropa-ittifaqi-cinin-bir-k%c9%99m%c9%99r-bir-yol-layih%c9%99si-%c9%99leyhin%c9%99-h%c9%99r%c9%99k%c9%99t%c9%99-kecdi","status":"publish","type":"post","link":"https:\/\/arantv.az\/?p=647419","title":{"rendered":"Avropa \u0130ttifaq\u0131 \u00c7inin \u201cBir k\u0259m\u0259r, bir yol\u201d layih\u0259si \u0259leyhin\u0259 h\u0259r\u0259k\u0259t\u0259 ke\u00e7di"},"content":{"rendered":"<p>Avropa \u0130ttifaq\u0131 \u00c7inin \u201cBir k\u0259m\u0259r, bir yol\u201d layih\u0259sin\u0259 r\u0259qib olaraq haz\u0131rlad\u0131\u011f\u0131 \u201cQlobal Gateway\u201d (Qlobal Ke\u00e7id Qap\u0131s\u0131) layih\u0259sini\u00a0tan\u0131tmaq \u00fc\u00e7\u00fcn g\u0259l\u0259n h\u0259ft\u0259 t\u0259xmin\u0259n 20 \u00f6lk\u0259nin r\u0259hb\u0259rl\u0259rini Br\u00fcssel\u0259 toplayacaq.<\/p>\n<p>Sammitin oktyabr\u0131n 17-d\u0259 \u00c7inin t\u0259\u015f\u0259bb\u00fcs\u00fc il\u0259 130-dan \u00e7ox \u00f6lk\u0259ni Pekin\u0259 toplay\u0131b \u201cBir k\u0259m\u0259r, bir yol\u201d layih\u0259si \u0259traf\u0131nda m\u00fczakir\u0259l\u0259ri t\u0259\u015fkil etdiyi foruma cavab olaraq t\u0259\u015fkil edildiyi bildirilir.<\/p>\n<p>Qeyd olunur ki, oktyabr\u0131n 25-26-da Br\u00fcsseld\u0259 ke\u00e7iril\u0259c\u0259k \u00a0\u201cQlobal Gateway\u201d Forumunda i\u015ftirak ed\u0259c\u0259k d\u00f6vl\u0259t v\u0259 h\u00f6kum\u0259t ba\u015f\u00e7\u0131lar\u0131 aras\u0131nda Banqlade\u015f, Seneqal, Namibiya v\u0259 Moldovan\u0131n d\u00f6vl\u0259t v\u0259 h\u00f6kum\u0259t ba\u015f\u00e7\u0131lar\u0131 da yer alacaqlar.<\/p>\n<p>M\u0259lumat \u00fc\u00e7\u00fcn \u0259lav\u0259 ed\u0259k ki, \u201cQlobal Gateway\u201d adl\u0131 layih\u0259y\u0259 300 milyard avronun x\u0259rcl\u0259nm\u0259si planla\u015fd\u0131r\u0131l\u0131r.<\/p>\n<p>Avropa \u0130ttifaq\u0131 (A\u0130) yeni investisiya proqram\u0131 il\u0259 \u00c7inin yeni \u201c\u0130p\u0259k Yolu\u201d layih\u0259sin\u0259 r\u0259qib olma\u011f\u0131 n\u0259z\u0259rd\u0259 tutub. AB Komissiyas\u0131n\u0131n s\u0259dri Ursula fon der Lyayen t\u0259r\u0259find\u0259n Br\u00fcsseld\u0259 ictimaiyy\u0259t\u0259 t\u0259qdim edil\u0259n layih\u0259 \u00e7\u0259r\u00e7iv\u0259sind\u0259 2027-ci il\u0259 q\u0259d\u0259r d\u00f6vl\u0259t v\u0259 \u00f6z\u0259l resurslardan istifad\u0259 etm\u0259kl\u0259, d\u00fcnya miqyas\u0131nda avtomobil yollar\u0131, d\u0259mir yollar\u0131 kimi n\u0259qliyyat \u0259laq\u0259l\u0259ri il\u0259 d\u0259nizin alt\u0131ndan ke\u00e7\u0259n fiber-optik internet kabell\u0259ri, elektrik \u015f\u0259b\u0259k\u0259l\u0259ri v\u0259 infrastruktur layih\u0259l\u0259ri h\u0259yata ke\u00e7iril\u0259c\u0259k, s\u0259hiyy\u0259 sistemin\u0259 investisiya qoyulacaq.<\/p>\n<p>\u201cGlobal Gateway\u201d adlanan layih\u0259 r\u0259smi olaraq bu c\u00fcr f\u0259aliyy\u0259t\u0259 ba\u015flamasa da, 2013-c\u00fc ild\u0259 T\u00fcrkiy\u0259nin d\u0259 daxil oldu\u011fu \u00c7inin h\u0259yata ke\u00e7irdiyi \u201cBir k\u0259m\u0259r, bir yol\u201d layih\u0259sin\u0259 A\u0130-nin cavab\u0131 hesab olunur.<\/p>\n<p>M\u0259nb\u0259: Bloomberg<\/p>\n","protected":false},"excerpt":{"rendered":"<p>Avropa \u0130ttifaq\u0131 \u00c7inin \u201cBir k\u0259m\u0259r, bir yol\u201d layih\u0259sin\u0259 r\u0259qib olaraq haz\u0131rlad\u0131\u011f\u0131 \u201cQlobal Gateway\u201d (Qlobal Ke\u00e7id Qap\u0131s\u0131) layih\u0259sini\u00a0tan\u0131tmaq \u00fc\u00e7\u00fcn g\u0259l\u0259n h\u0259ft\u0259 t\u0259xmin\u0259n 20 \u00f6lk\u0259nin r\u0259hb\u0259rl\u0259rini Br\u00fcssel\u0259 toplayacaq. Sammitin oktyabr\u0131n 17-d\u0259 \u00c7inin t\u0259\u015f\u0259bb\u00fcs\u00fc il\u0259 130-dan \u00e7ox \u00f6lk\u0259ni Pekin\u0259 toplay\u0131b \u201cBir k\u0259m\u0259r, bir yol\u201d layih\u0259si \u0259traf\u0131nda m\u00fczakir\u0259l\u0259ri t\u0259\u015fkil etdiyi foruma cavab olaraq t\u0259\u015fkil edildiyi bildirilir. Qeyd olunur ki, oktyabr\u0131n 25-26-da Br\u00fcsseld\u0259 ke\u00e7iril\u0259c\u0259k \u00a0\u201cQlobal Gateway\u201d Forumunda i\u015ftirak ed\u0259c\u0259k d\u00f6vl\u0259t v\u0259 h\u00f6kum\u0259t ba\u015f\u00e7\u0131lar\u0131 aras\u0131nda Banqlade\u015f, Seneqal, Namibiya v\u0259 Moldovan\u0131n d\u00f6vl\u0259t v\u0259 h\u00f6kum\u0259t ba\u015f\u00e7\u0131lar\u0131 da yer alacaqlar. M\u0259lumat \u00fc\u00e7\u00fcn \u0259lav\u0259 ed\u0259k ki, \u201cQlobal Gateway\u201d adl\u0131 layih\u0259y\u0259&hellip;<\/p>\n","protected":false},"author":2,"featured_media":647423,"comment_status":"closed","ping_status":"closed","sticky":false,"template":"","format":"standard","meta":{"om_disable_all_campaigns":false,"_monsterinsights_skip_tracking":false,"_monsterinsights_sitenote_active":false,"_monsterinsights_sitenote_note":"","_monsterinsights_sitenote_category":0},"categories":[7],"tags":[],"aioseo_notices":[],"gutentor_comment":0,"rttpg_featured_image_url":{"full":["https:\/\/arantv.az\/wp-content\/uploads\/2023\/10\/FotoJet-2023-10-19T123342.748.jpg",620,413,false],"landscape":["https:\/\/arantv.az\/wp-content\/uploads\/2023\/10\/FotoJet-2023-10-19T123342.748.jpg",620,413,false],"portraits":["https:\/\/arantv.az\/wp-content\/uploads\/2023\/10\/FotoJet-2023-10-19T123342.748.jpg",620,413,false],"thumbnail":["https:\/\/arantv.az\/wp-content\/uploads\/2023\/10\/FotoJet-2023-10-19T123342.748-500x280.jpg",500,280,true],"medium":["https:\/\/arantv.az\/wp-content\/uploads\/2023\/10\/FotoJet-2023-10-19T123342.748-548x365.jpg",548,365,true],"large":["https:\/\/arantv.az\/wp-content\/uploads\/2023\/10\/FotoJet-2023-10-19T123342.748.jpg",620,413,false],"1536x1536":["https:\/\/arantv.az\/wp-content\/uploads\/2023\/10\/FotoJet-2023-10-19T123342.748.jpg",620,413,false],"2048x2048":["https:\/\/arantv.az\/wp-content\/uploads\/2023\/10\/FotoJet-2023-10-19T123342.748.jpg",620,413,false],"post-thumbnail":["https:\/\/arantv.az\/wp-content\/uploads\/2023\/10\/FotoJet-2023-10-19T123342.748-240x172.jpg",240,172,true],"advps-thumb-one":["https:\/\/arantv.az\/wp-content\/uploads\/2023\/10\/FotoJet-2023-10-19T123342.748.jpg",620,413,false]},"rttpg_author":{"display_name":"V\u00fcsal Rafiqo\u011flu","author_link":"https:\/\/arantv.az\/?author=2"},"rttpg_comment":0,"rttpg_category":"<a href=\"https:\/\/arantv.az\/?cat=7\" rel=\"category\">D\u00fcnya<\/a>","rttpg_excerpt":"Avropa \u0130ttifaq\u0131 \u00c7inin \u201cBir k\u0259m\u0259r, bir yol\u201d layih\u0259sin\u0259 r\u0259qib olaraq haz\u0131rlad\u0131\u011f\u0131 \u201cQlobal Gateway\u201d (Qlobal Ke\u00e7id Qap\u0131s\u0131) layih\u0259sini\u00a0tan\u0131tmaq \u00fc\u00e7\u00fcn g\u0259l\u0259n h\u0259ft\u0259 t\u0259xmin\u0259n 20 \u00f6lk\u0259nin r\u0259hb\u0259rl\u0259rini Br\u00fcssel\u0259 toplayacaq. Sammitin oktyabr\u0131n 17-d\u0259 \u00c7inin t\u0259\u015f\u0259bb\u00fcs\u00fc il\u0259 130-dan \u00e7ox \u00f6lk\u0259ni Pekin\u0259 toplay\u0131b \u201cBir k\u0259m\u0259r, bir yol\u201d layih\u0259si \u0259traf\u0131nda m\u00fczakir\u0259l\u0259ri t\u0259\u015fkil etdiyi foruma cavab olaraq t\u0259\u015fkil edildiyi bildirilir. Qeyd olunur ki,&hellip;","_links":{"self":[{"href":"https:\/\/arantv.az\/index.php?rest_route=\/wp\/v2\/posts\/647419"}],"collection":[{"href":"https:\/\/arantv.az\/index.php?rest_route=\/wp\/v2\/posts"}],"about":[{"href":"https:\/\/arantv.az\/index.php?rest_route=\/wp\/v2\/types\/post"}],"author":[{"embeddable":true,"href":"https:\/\/arantv.az\/index.php?rest_route=\/wp\/v2\/users\/2"}],"replies":[{"embeddable":true,"href":"https:\/\/arantv.az\/index.php?rest_route=%2Fwp%2Fv2%2Fcomments&post=647419"}],"version-history":[{"count":0,"href":"https:\/\/arantv.az\/index.php?rest_route=\/wp\/v2\/posts\/647419\/revisions"}],"wp:featuredmedia":[{"embeddable":true,"href":"https:\/\/arantv.az\/index.php?rest_route=\/wp\/v2\/media\/647423"}],"wp:attachment":[{"href":"https:\/\/arantv.az\/index.php?rest_route=%2Fwp%2Fv2%2Fmedia&parent=647419"}],"wp:term":[{"taxonomy":"category","embeddable":true,"href":"https:\/\/arantv.az\/index.php?rest_route=%2Fwp%2Fv2%2Fcategories&post=647419"},{"taxonomy":"post_tag","embeddable":true,"href":"https:\/\/arantv.az\/index.php?rest_route=%2Fwp%2Fv2%2Ftags&post=647419"}],"curies":[{"name":"wp","href":"https:\/\/api.w.org\/{rel}","templated":true}]}}