{"id":647425,"date":"2023-10-19T15:47:31","date_gmt":"2023-10-19T11:47:31","guid":{"rendered":"https:\/\/arantv.az\/?p=647425"},"modified":"2023-10-19T15:47:31","modified_gmt":"2023-10-19T11:47:31","slug":"xirdalanin-isiq-problemi-qaranliga-q%c9%99rq-olmus-kuc%c9%99l%c9%99r-foto","status":"publish","type":"post","link":"https:\/\/arantv.az\/?p=647425","title":{"rendered":"X\u0131rdalan\u0131n i\u015f\u0131q problemi: Qaranl\u0131\u011fa q\u0259rq olmu\u015f k\u00fc\u00e7\u0259l\u0259r &#8211; FOTO"},"content":{"rendered":"<p>Ab\u015feron rayonunun X\u0131rdalan \u015f\u0259h\u0259rinin m\u0259rk\u0259zind\u0259, Heyd\u0259r \u018fliyev prospektind\u0259 gec\u0259 saatlar\u0131 olmas\u0131na baxmayaraq, k\u00fc\u00e7\u0259 lampalar\u0131 i\u015fl\u0259mir.<\/p>\n<p>X\u0131rdalan sakinl\u0259ri Bizim.media-ya prospektin i\u015f\u0131qland\u0131r\u0131lmamas\u0131n\u0131n bir s\u0131ra q\u0259zalara s\u0259b\u0259b oldu\u011funu bildiribl\u0259r. Onlar\u0131n verdiyi m\u0259lumata \u0259sas\u0259n, art\u0131q \u00fc\u00e7-d\u00f6rd ildir ki, prospektd\u0259 ax\u015famlar k\u00fc\u00e7\u0259 lampalar\u0131 yand\u0131r\u0131lm\u0131r. Bu is\u0259 sutkan\u0131n qaranl\u0131q saatlar\u0131nda sakinl\u0259rin evl\u0259rin\u0259 qay\u0131tmas\u0131na ciddi mane\u0259l\u0259r yarad\u0131r.<\/p>\n<p>Sakinl\u0259r deyirl\u0259r ki, m\u0259hz i\u015f\u0131qland\u0131rman\u0131n olmamas\u0131 s\u0259b\u0259bind\u0259n prospektd\u0259 piyadalar\u0131n vurulmas\u0131 il\u0259 n\u0259tic\u0259l\u0259n\u0259n yol-n\u0259qliyyat hadis\u0259l\u0259ri ba\u015f verib.<\/p>\n<p>B\u0259s problem n\u0259 vaxt h\u0259llini tapacaq?<\/p>\n<p>M\u0259s\u0259l\u0259 il\u0259 ba\u011fl\u0131 X\u0131rdalan \u015e\u0259h\u0259r \u0130cra Hakimiyy\u0259tinin n\u00fcmay\u0259nd\u0259si Malik M\u0259mm\u0259dov bildirib ki, art\u0131q bu g\u00fcn s\u0259h\u0259rd\u0259n problemin h\u0259lli istiqam\u0259tind\u0259 i\u015f apar\u0131l\u0131r:<\/p>\n<p>\u201cHaz\u0131rda X\u0131rdalan\u0131n \u0259sas k\u00fc\u00e7\u0259l\u0259rind\u0259 i\u015f\u0131qland\u0131rma i\u015fl\u0259ri apar\u0131l\u0131r. B\u00fct\u00fcn X\u0131rdalan \u015f\u0259h\u0259ri \u00fczr\u0259 i\u015f\u0131qland\u0131rma i\u015fi ilin sonuna kimi yekunla\u015facaq. Uzun ill\u0259rdir ki, X\u0131rdalanda bu problem var idi. Art\u0131q i\u015f\u0131qland\u0131rma i\u015finin apar\u0131lmas\u0131 il\u0259 ba\u011fl\u0131 tender elan olunub\u201d.<\/p>\n<p>\u0130cra hakimiyy\u0259tinin r\u0259smisi m\u00f6vzu il\u0259 ba\u011fl\u0131 yax\u0131n zamanda \u0259trafl\u0131 m\u0259lumat\u0131n veril\u0259c\u0259yini qeyd edib.<\/p>\n<p>&nbsp;<\/p>\n<div class=\"gallery\">\n<div class=\"gallery-i\"><img src=\"https:\/\/cdn.oxu.az\/uploads\/W1siZiIsIjIwMjMvMTAvMTkvMTQvMTIvNTkvOTEzYjMwNmYtNjQ1My00MmJkLTgzYWItNzU3NGRmNDQwNmVmLzE2OTc3MDY5MjdfcGhvdG9fNTI5ODgyMTU1NDM0OTY1OTc3Nl93LmpwZyJdLFsicCIsImVuY29kZSIsImpwZyIsIi1xdWFsaXR5IDgwIl0sWyJwIiwidGh1bWIiLCI1OTB4NTkwXHUwMDNlIl1d?sha=3579bc0b2c82e048\" alt=\"\" \/><\/p>\n<div class=\"gallery-i-caption\"><\/div>\n<\/div>\n<div class=\"gallery-i\"><img src=\"https:\/\/cdn.oxu.az\/uploads\/W1siZiIsIjIwMjMvMTAvMTkvMTQvMTIvNTkvNTk5ZDRiNWYtOWMzYi00N2M1LTk2NWItNDQ1MDJkZDJlMDdlLzE2OTc3MDY5NzZfcGhvdG9fNTI5ODgyMTU1NDM0OTY1OTc3N193LmpwZyJdLFsicCIsImVuY29kZSIsImpwZyIsIi1xdWFsaXR5IDgwIl0sWyJwIiwidGh1bWIiLCI1OTB4NTkwXHUwMDNlIl1d?sha=ba0395fb31ce56b4\" alt=\"\" \/><\/p>\n<div class=\"gallery-i-caption\"><\/div>\n<\/div>\n<div class=\"gallery-i\"><img src=\"https:\/\/cdn.oxu.az\/uploads\/W1siZiIsIjIwMjMvMTAvMTkvMTQvMTIvNTkvN2Q3MmYyYzktNzgyYy00MmE3LTk3MTEtZGJhYmI5ZDBlMjMyLzE2OTc3MDY5MzhfcGhvdG9fNTI5ODgyMTU1NDM0OTY1OTc4NF93LmpwZyJdLFsicCIsImVuY29kZSIsImpwZyIsIi1xdWFsaXR5IDgwIl0sWyJwIiwidGh1bWIiLCI1OTB4NTkwXHUwMDNlIl1d?sha=c0f0526bdf7c22ea\" alt=\"\" \/><\/div>\n<\/div>\n","protected":false},"excerpt":{"rendered":"<p>Ab\u015feron rayonunun X\u0131rdalan \u015f\u0259h\u0259rinin m\u0259rk\u0259zind\u0259, Heyd\u0259r \u018fliyev prospektind\u0259 gec\u0259 saatlar\u0131 olmas\u0131na baxmayaraq, k\u00fc\u00e7\u0259 lampalar\u0131 i\u015fl\u0259mir. X\u0131rdalan sakinl\u0259ri Bizim.media-ya prospektin i\u015f\u0131qland\u0131r\u0131lmamas\u0131n\u0131n bir s\u0131ra q\u0259zalara s\u0259b\u0259b oldu\u011funu bildiribl\u0259r. Onlar\u0131n verdiyi m\u0259lumata \u0259sas\u0259n, art\u0131q \u00fc\u00e7-d\u00f6rd ildir ki, prospektd\u0259 ax\u015famlar k\u00fc\u00e7\u0259 lampalar\u0131 yand\u0131r\u0131lm\u0131r. Bu is\u0259 sutkan\u0131n qaranl\u0131q saatlar\u0131nda sakinl\u0259rin evl\u0259rin\u0259 qay\u0131tmas\u0131na ciddi mane\u0259l\u0259r yarad\u0131r. Sakinl\u0259r deyirl\u0259r ki, m\u0259hz i\u015f\u0131qland\u0131rman\u0131n olmamas\u0131 s\u0259b\u0259bind\u0259n prospektd\u0259 piyadalar\u0131n vurulmas\u0131 il\u0259 n\u0259tic\u0259l\u0259n\u0259n yol-n\u0259qliyyat hadis\u0259l\u0259ri ba\u015f verib. B\u0259s problem n\u0259 vaxt h\u0259llini tapacaq? M\u0259s\u0259l\u0259 il\u0259 ba\u011fl\u0131 X\u0131rdalan \u015e\u0259h\u0259r \u0130cra Hakimiyy\u0259tinin n\u00fcmay\u0259nd\u0259si Malik M\u0259mm\u0259dov bildirib ki, art\u0131q bu g\u00fcn s\u0259h\u0259rd\u0259n problemin h\u0259lli&hellip;<\/p>\n","protected":false},"author":2,"featured_media":647426,"comment_status":"closed","ping_status":"closed","sticky":false,"template":"","format":"standard","meta":{"om_disable_all_campaigns":false,"_monsterinsights_skip_tracking":false,"_monsterinsights_sitenote_active":false,"_monsterinsights_sitenote_note":"","_monsterinsights_sitenote_category":0},"categories":[1],"tags":[],"aioseo_notices":[],"gutentor_comment":0,"rttpg_featured_image_url":{"full":["https:\/\/arantv.az\/wp-content\/uploads\/2023\/10\/1697706945_photo_5298821554349659783_w.jpg",620,413,false],"landscape":["https:\/\/arantv.az\/wp-content\/uploads\/2023\/10\/1697706945_photo_5298821554349659783_w.jpg",620,413,false],"portraits":["https:\/\/arantv.az\/wp-content\/uploads\/2023\/10\/1697706945_photo_5298821554349659783_w.jpg",620,413,false],"thumbnail":["https:\/\/arantv.az\/wp-content\/uploads\/2023\/10\/1697706945_photo_5298821554349659783_w-500x280.jpg",500,280,true],"medium":["https:\/\/arantv.az\/wp-content\/uploads\/2023\/10\/1697706945_photo_5298821554349659783_w-548x365.jpg",548,365,true],"large":["https:\/\/arantv.az\/wp-content\/uploads\/2023\/10\/1697706945_photo_5298821554349659783_w.jpg",620,413,false],"1536x1536":["https:\/\/arantv.az\/wp-content\/uploads\/2023\/10\/1697706945_photo_5298821554349659783_w.jpg",620,413,false],"2048x2048":["https:\/\/arantv.az\/wp-content\/uploads\/2023\/10\/1697706945_photo_5298821554349659783_w.jpg",620,413,false],"post-thumbnail":["https:\/\/arantv.az\/wp-content\/uploads\/2023\/10\/1697706945_photo_5298821554349659783_w-240x172.jpg",240,172,true],"advps-thumb-one":["https:\/\/arantv.az\/wp-content\/uploads\/2023\/10\/1697706945_photo_5298821554349659783_w.jpg",620,413,false]},"rttpg_author":{"display_name":"V\u00fcsal Rafiqo\u011flu","author_link":"https:\/\/arantv.az\/?author=2"},"rttpg_comment":0,"rttpg_category":"<a href=\"https:\/\/arantv.az\/?cat=1\" rel=\"category\">C\u0259miyy\u0259t<\/a>","rttpg_excerpt":"Ab\u015feron rayonunun X\u0131rdalan \u015f\u0259h\u0259rinin m\u0259rk\u0259zind\u0259, Heyd\u0259r \u018fliyev prospektind\u0259 gec\u0259 saatlar\u0131 olmas\u0131na baxmayaraq, k\u00fc\u00e7\u0259 lampalar\u0131 i\u015fl\u0259mir. X\u0131rdalan sakinl\u0259ri Bizim.media-ya prospektin i\u015f\u0131qland\u0131r\u0131lmamas\u0131n\u0131n bir s\u0131ra q\u0259zalara s\u0259b\u0259b oldu\u011funu bildiribl\u0259r. Onlar\u0131n verdiyi m\u0259lumata \u0259sas\u0259n, art\u0131q \u00fc\u00e7-d\u00f6rd ildir ki, prospektd\u0259 ax\u015famlar k\u00fc\u00e7\u0259 lampalar\u0131 yand\u0131r\u0131lm\u0131r. Bu is\u0259 sutkan\u0131n qaranl\u0131q saatlar\u0131nda sakinl\u0259rin evl\u0259rin\u0259 qay\u0131tmas\u0131na ciddi mane\u0259l\u0259r yarad\u0131r. Sakinl\u0259r deyirl\u0259r ki, m\u0259hz i\u015f\u0131qland\u0131rman\u0131n&hellip;","_links":{"self":[{"href":"https:\/\/arantv.az\/index.php?rest_route=\/wp\/v2\/posts\/647425"}],"collection":[{"href":"https:\/\/arantv.az\/index.php?rest_route=\/wp\/v2\/posts"}],"about":[{"href":"https:\/\/arantv.az\/index.php?rest_route=\/wp\/v2\/types\/post"}],"author":[{"embeddable":true,"href":"https:\/\/arantv.az\/index.php?rest_route=\/wp\/v2\/users\/2"}],"replies":[{"embeddable":true,"href":"https:\/\/arantv.az\/index.php?rest_route=%2Fwp%2Fv2%2Fcomments&post=647425"}],"version-history":[{"count":0,"href":"https:\/\/arantv.az\/index.php?rest_route=\/wp\/v2\/posts\/647425\/revisions"}],"wp:featuredmedia":[{"embeddable":true,"href":"https:\/\/arantv.az\/index.php?rest_route=\/wp\/v2\/media\/647426"}],"wp:attachment":[{"href":"https:\/\/arantv.az\/index.php?rest_route=%2Fwp%2Fv2%2Fmedia&parent=647425"}],"wp:term":[{"taxonomy":"category","embeddable":true,"href":"https:\/\/arantv.az\/index.php?rest_route=%2Fwp%2Fv2%2Fcategories&post=647425"},{"taxonomy":"post_tag","embeddable":true,"href":"https:\/\/arantv.az\/index.php?rest_route=%2Fwp%2Fv2%2Ftags&post=647425"}],"curies":[{"name":"wp","href":"https:\/\/api.w.org\/{rel}","templated":true}]}}