{"id":647428,"date":"2023-10-19T15:48:59","date_gmt":"2023-10-19T11:48:59","guid":{"rendered":"https:\/\/arantv.az\/?p=647428"},"modified":"2023-10-19T15:48:59","modified_gmt":"2023-10-19T11:48:59","slug":"sionist-sionist-dey%c9%99nl%c9%99rin-gozun%c9%99-veril%c9%99n-su-az%c9%99rbaycan-f%c9%99l%c9%99stini-nec%c9%99-d%c9%99st%c9%99kl%c9%99di","status":"publish","type":"post","link":"https:\/\/arantv.az\/?p=647428","title":{"rendered":"\u201cSionist-sionist\u201d dey\u0259nl\u0259rin g\u00f6z\u00fcn\u0259 veril\u0259n su \u2013 Az\u0259rbaycan F\u0259l\u0259stini nec\u0259 d\u0259st\u0259kl\u0259di\u2026"},"content":{"rendered":"<p><strong>D\u00fcn\u0259n \u0130slam \u018fm\u0259kda\u015fl\u0131q T\u0259\u015fkilat\u0131n\u0131n (\u0130\u018fT) nazirl\u0259r s\u0259viyy\u0259sind\u0259 n\u00f6vb\u0259d\u0259nk\u0259nar iclas\u0131 S\u0259udiyy\u0259 \u018fr\u0259bistan\u0131 Krall\u0131\u011f\u0131n\u0131n Cidd\u0259 \u015f\u0259h\u0259rind\u0259 ke\u00e7irilib. Toplant\u0131da Az\u0259rbaycan da t\u0259msil olunub.<\/strong><\/p>\n<p>Bu g\u00f6r\u00fc\u015f\u00fcn s\u0259b\u0259bi b\u00f6lg\u0259d\u0259 \u0130srail v\u0259 F\u0259l\u0259stin (Q\u0259zza sekoru) aras\u0131nda ba\u015f ver\u0259n toqqu\u015fmalar, insan qan\u0131n\u0131n su yerin\u0259 axmas\u0131 il\u0259 m\u00fc\u015fayi\u0259t olunan m\u00fcharib\u0259 il\u0259 ba\u011fl\u0131yd\u0131. \u018fhalisinin tam \u0259ks\u0259riyy\u0259ti m\u00fcs\u0259lman olan \u00f6lk\u0259mizin xarici i\u015fl\u0259r naziri Ceyhun Bayramov bu sammitd\u0259 i\u015ftirak v\u0259 \u00e7\u0131x\u0131\u015f edib.<\/p>\n<p>Qeyd ed\u0259k ki, toplant\u0131da \u0130\u018fT-in 57 \u00fczv\u00fcnd\u0259n yaln\u0131z 21-nin xarici i\u015fl\u0259r naziri i\u015ftirak edib. Bu, d\u00fcny\u0259vi d\u00f6vl\u0259t olan Az\u0259rbaycan\u0131n \u0130slam \u00f6lk\u0259l\u0259ri aras\u0131nda birliy\u0259 n\u0259 q\u0259d\u0259r \u00f6n\u0259m verdiyini g\u00f6st\u0259rir. X\u00fcsusil\u0259 d\u0259 bu, t\u0259\u015fkilat\u0131n \u00fczvl\u0259rinin yar\u0131dan \u00e7oxunun hans\u0131sa s\u0259b\u0259bl\u0259rd\u0259n \u00f6n\u0259mli t\u0259dbir\u0259 qat\u0131lmamalar\u0131n\u0131n fonunda daha parlaq g\u00f6r\u00fcn\u00fcr.<\/p>\n<p>Ger\u00e7\u0259kd\u0259n d\u0259 \u0130\u018fT \u00fczvl\u0259ri aras\u0131nda \u0130sraill\u0259 \u0259n yax\u015f\u0131 \u0259laq\u0259l\u0259ri olan m\u00fcs\u0259lman \u00f6lk\u0259l\u0259rind\u0259n biri m\u0259hz Az\u0259rbaycand\u0131r, ancaq bu amil \u0130srailin Q\u0259zza sektorunda h\u00fccumunun h\u0259ddini a\u015fmas\u0131n\u0131 qeyd etm\u0259y\u0259 mane olmur. Ba\u015fqa m\u00fcs\u0259lman \u00f6lk\u0259l\u0259ri is\u0259, yum\u015faq des\u0259k, susurlar.<\/p>\n<p>Az\u0259rbaycan vaxtil\u0259 h\u0259rbi aqressiyadan \u0259ziyy\u0259t \u00e7\u0259k\u0259n d\u00f6vl\u0259t olaraq, nazir Ceyhun Bayramovun simas\u0131nda \u0130srail-F\u0259l\u0259stin m\u00fcnaqi\u015f\u0259sinin haz\u0131rk\u0131 \u015fidd\u0259tli gedi\u015fin\u0259 bigan\u0259 qalma\u011f\u0131 \u00f6z\u00fcn\u0259 r\u0259va bilm\u0259yib. C.Bayramov m\u00fcnaqi\u015f\u0259 b\u00f6lg\u0259sind\u0259ki t\u0259hl\u00fck\u0259sizlik v\u0259ziyy\u0259tinin ciddi \u015f\u0259kild\u0259 pisl\u0259\u015fm\u0259si il\u0259 n\u0259tic\u0259l\u0259n\u0259n son hadis\u0259l\u0259rin narahatl\u0131q do\u011furdu\u011funu bildirib, \u00f6lk\u0259mizin ad\u0131ndan h\u0259rbi \u0259m\u0259liyyatlar\u0131n v\u0259 eskalasiyan\u0131n dayand\u0131r\u0131lmas\u0131na \u00e7a\u011f\u0131r\u0131\u015f edib.<\/p>\n<p>Nazir dinc insanlar\u0131n h\u0259yat\u0131na qar\u015f\u0131 t\u0259hl\u00fck\u0259nin qar\u015f\u0131s\u0131n\u0131n al\u0131nmas\u0131n\u0131n, m\u00fclki v\u0259 infrastruktur obyektl\u0259rinin, habel\u0259 m\u00fcq\u0259dd\u0259s yerl\u0259rin qorunmas\u0131n\u0131n vacibliyini vur\u011fulay\u0131b.<\/p>\n<p>\u018fslind\u0259 bu m\u00f6vqed\u0259 olmaq ona g\u00f6r\u0259 vacibdir ki, irqind\u0259n, dinind\u0259n, milli m\u0259nsubiyy\u0259tind\u0259n as\u0131l\u0131 olmayaraq Yax\u015f\u0131 \u015e\u0259rq b\u00f6lg\u0259sind\u0259 ged\u0259n m\u00fcharib\u0259nin \u0259sas qurbanlar\u0131 m\u00fclki insanlar, qocalar, qad\u0131nlar v\u0259 u\u015faqlard\u0131r. Onlar \u00e7ar\u0259siz durumdad\u0131rlar v\u0259 \u00f6zl\u0259rini m\u00fcdafi\u0259 etm\u0259k \u00fc\u00e7\u00fcn yet\u0259rli resurslar\u0131 yoxdur.<\/p>\n<p>H\u0259tta bu insanlar dini m\u0259nsubiyy\u0259t etibaril\u0259 m\u00fcs\u0259lman olmasalar da, Az\u0259rbaycan humanism prinsipl\u0259rin\u0259 y\u00fcks\u0259k d\u0259y\u0259r ver\u0259n, h\u0259r zaman \u0259dal\u0259t v\u0259 m\u0259rh\u0259m\u0259td\u0259n yana olan d\u00f6vl\u0259t kimi h\u0259rbi eskalasiyaya qar\u015f\u0131 \u00e7\u0131xacaqd\u0131.<\/p>\n<p>Bir \u00e7ox \u00f6lk\u0259l\u0259r is\u0259, bildiyimiz kimi, ayr\u0131-se\u00e7kilik edir, m\u0259sum insanlar\u0131 s\u0131rf dini v\u0259 milli z\u0259mind\u0259 f\u0259rql\u0259ndirirl\u0259r. \u018fg\u0259r aqressiyaya m\u0259ruz qalan xalq onlar\u0131n dinda\u015f\u0131 deyils\u0259, o zaman verdikl\u0259ri b\u0259yanatda etiraz ruhu xeyli yum\u015faq olur v\u0259 ya he\u00e7 olmur, s\u0131rf n\u00f6vb\u0259t\u00e7i b\u0259yanat s\u0259ciyy\u0259si da\u015f\u0131y\u0131r.<\/p>\n<p>Az\u0259rbaycan is\u0259 \u0130sraill\u0259 yax\u015f\u0131 m\u00fcnasib\u0259tl\u0259rin\u0259 baxmayaraq, F\u0259l\u0259stin xalq\u0131n\u0131n milli d\u00f6vl\u0259t\u00e7ilik u\u011frunda apard\u0131\u011f\u0131 m\u00fcbariz\u0259ni d\u0259st\u0259kl\u0259diyini bildirib v\u0259 beyn\u0259lxalq h\u00fcquq normalar\u0131na uy\u011fun olaraq F\u0259l\u0259stin d\u00f6vl\u0259tinin yarad\u0131lmas\u0131 ideyas\u0131n\u0131 m\u0259qbul sayd\u0131\u011f\u0131n\u0131 b\u0259yan edib. R\u0259smi Bak\u0131n\u0131n fikrinc\u0259, BMT-nin m\u00fcvafiq q\u0259tnam\u0259l\u0259rin\u0259 uy\u011fun olaraq \u015e\u0259rqi Q\u00fcds\u00fcn F\u0259l\u0259stin d\u00f6vl\u0259tinin paytaxt\u0131 olmas\u0131 \u0130srail-F\u0259l\u0259stin m\u00fcnaqi\u015f\u0259sinin h\u0259lli yolunda \u00f6n\u0259mli add\u0131m ola bil\u0259r.<\/p>\n<p>Az\u0259rbaycan 30 il\u0259 yax\u0131n d\u00f6vrd\u0259 qa\u00e7q\u0131n v\u0259 m\u0259cburi k\u00f6\u00e7k\u00fcn probleminin n\u0259 dem\u0259k oldu\u011funu, ev-e\u015fiyind\u0259n did\u0259rgin d\u00fc\u015fm\u00fc\u015f bin\u0259sib insanlar\u0131n hans\u0131 iztirablar \u00e7\u0259kdiyini bildiyi \u00fc\u00e7\u00fcn f\u0259l\u0259stinli qa\u00e7q\u0131nlara d\u0259st\u0259k m\u0259qs\u0259dil\u0259 BMT-nin Yax\u0131n \u015e\u0259rq Agentliyin\u0259 1,6 milyon dollar maliyy\u0259 v\u0259saiti k\u00f6\u00e7\u00fcr\u00fcb.<\/p>\n<p>Az\u0259rbaycan nazirinin t\u0259dbird\u0259 i\u015ftirak\u0131 v\u0259 \u00e7\u0131x\u0131\u015f\u0131, F\u0259l\u0259stin xalq\u0131n\u0131n do\u011fal haqlar\u0131n\u0131 m\u00fcdafi\u0259 etm\u0259si b\u0259zi \u00f6lk\u0259l\u0259rin r\u0259smi Bak\u0131n\u0131 ill\u0259rd\u0259n b\u0259ri \u201csionist siyas\u0259t\u201d yeritm\u0259kd\u0259 ittiham etm\u0259sinin nec\u0259 pu\u00e7 v\u0259 \u0259sass\u0131z oldu\u011funun da g\u00f6st\u0259ricisidir.<\/p>\n<p>Az\u0259rbaycan \u00f6z strateji m\u00fctt\u0259fiql\u0259rini, ticar\u0259t t\u0259r\u0259fda\u015flar\u0131n\u0131 \u00f6z\u00fc se\u00e7ir, kimins\u0259 s\u00f6z\u00fc il\u0259 ba\u015fqa bir d\u00f6vl\u0259tl\u0259 \u0259b\u0259s yer\u0259 d\u00fc\u015fm\u0259n\u00e7ilik aparm\u0131r, yeri g\u0259l\u0259nd\u0259, ehtiyac duyulanda is\u0259 obyektiv reall\u0131qlardan \u00e7\u0131x\u0131\u015f ed\u0259r\u0259k \u00f6z prinsipial m\u00f6vqeyini ortaya qoyur.<\/p>\n<p>B\u00fct\u00fcn bunlar m\u00fcasir Az\u0259rbaycan d\u00f6vl\u0259t\u00e7iliyinin t\u0259m\u0259l prinsipl\u0259ridir. Bu \u00f6lk\u0259 milli birlik, d\u00fcny\u0259vilik, m\u00fcasirlikl\u0259 yana\u015f\u0131, b\u0259\u015f\u0259ri v\u0259 dini d\u0259y\u0259rl\u0259r\u0259, el\u0259c\u0259 d\u0259, \u00f6lk\u0259mizin Prezidenti \u0130lham \u018fliyevin elan etdiyi multikulturalizm prinsipl\u0259rin\u0259 sadiqdir.<\/p>\n<p>Bizim d\u00f6vl\u0259t olaraq devizimiz budur: Qoy h\u0259r yerd\u0259 s\u00fclh olsun, he\u00e7 bir d\u00f6vl\u0259t ba\u015fqas\u0131n\u0131n \u0259razisin\u0259 t\u0259cav\u00fcz etm\u0259sin, ba\u015fqa xalqlar\u0131n m\u00f6vcudlu\u011funa son qoyma\u011fa \u00e7al\u0131\u015fmas\u0131n, b\u00fct\u00fcn co\u011frafiyalarda \u0259dal\u0259t olsun.<\/p>\n<p><strong>Musavat.com<\/strong><\/p>\n","protected":false},"excerpt":{"rendered":"<p>D\u00fcn\u0259n \u0130slam \u018fm\u0259kda\u015fl\u0131q T\u0259\u015fkilat\u0131n\u0131n (\u0130\u018fT) nazirl\u0259r s\u0259viyy\u0259sind\u0259 n\u00f6vb\u0259d\u0259nk\u0259nar iclas\u0131 S\u0259udiyy\u0259 \u018fr\u0259bistan\u0131 Krall\u0131\u011f\u0131n\u0131n Cidd\u0259 \u015f\u0259h\u0259rind\u0259 ke\u00e7irilib. Toplant\u0131da Az\u0259rbaycan da t\u0259msil olunub. Bu g\u00f6r\u00fc\u015f\u00fcn s\u0259b\u0259bi b\u00f6lg\u0259d\u0259 \u0130srail v\u0259 F\u0259l\u0259stin (Q\u0259zza sekoru) aras\u0131nda ba\u015f ver\u0259n toqqu\u015fmalar, insan qan\u0131n\u0131n su yerin\u0259 axmas\u0131 il\u0259 m\u00fc\u015fayi\u0259t olunan m\u00fcharib\u0259 il\u0259 ba\u011fl\u0131yd\u0131. \u018fhalisinin tam \u0259ks\u0259riyy\u0259ti m\u00fcs\u0259lman olan \u00f6lk\u0259mizin xarici i\u015fl\u0259r naziri Ceyhun Bayramov bu sammitd\u0259 i\u015ftirak v\u0259 \u00e7\u0131x\u0131\u015f edib. Qeyd ed\u0259k ki, toplant\u0131da \u0130\u018fT-in 57 \u00fczv\u00fcnd\u0259n yaln\u0131z 21-nin xarici i\u015fl\u0259r naziri i\u015ftirak edib. Bu, d\u00fcny\u0259vi d\u00f6vl\u0259t olan Az\u0259rbaycan\u0131n \u0130slam \u00f6lk\u0259l\u0259ri aras\u0131nda birliy\u0259 n\u0259 q\u0259d\u0259r \u00f6n\u0259m verdiyini g\u00f6st\u0259rir. X\u00fcsusil\u0259&hellip;<\/p>\n","protected":false},"author":2,"featured_media":647432,"comment_status":"closed","ping_status":"closed","sticky":false,"template":"","format":"standard","meta":{"om_disable_all_campaigns":false,"_monsterinsights_skip_tracking":false,"_monsterinsights_sitenote_active":false,"_monsterinsights_sitenote_note":"","_monsterinsights_sitenote_category":0},"categories":[7],"tags":[],"aioseo_notices":[],"gutentor_comment":0,"rttpg_featured_image_url":{"full":["https:\/\/arantv.az\/wp-content\/uploads\/2023\/10\/9b42148bd7108421e849338f070563e3.jpg",516,327,false],"landscape":["https:\/\/arantv.az\/wp-content\/uploads\/2023\/10\/9b42148bd7108421e849338f070563e3.jpg",516,327,false],"portraits":["https:\/\/arantv.az\/wp-content\/uploads\/2023\/10\/9b42148bd7108421e849338f070563e3.jpg",516,327,false],"thumbnail":["https:\/\/arantv.az\/wp-content\/uploads\/2023\/10\/9b42148bd7108421e849338f070563e3-500x280.jpg",500,280,true],"medium":["https:\/\/arantv.az\/wp-content\/uploads\/2023\/10\/9b42148bd7108421e849338f070563e3.jpg",516,327,false],"large":["https:\/\/arantv.az\/wp-content\/uploads\/2023\/10\/9b42148bd7108421e849338f070563e3.jpg",516,327,false],"1536x1536":["https:\/\/arantv.az\/wp-content\/uploads\/2023\/10\/9b42148bd7108421e849338f070563e3.jpg",516,327,false],"2048x2048":["https:\/\/arantv.az\/wp-content\/uploads\/2023\/10\/9b42148bd7108421e849338f070563e3.jpg",516,327,false],"post-thumbnail":["https:\/\/arantv.az\/wp-content\/uploads\/2023\/10\/9b42148bd7108421e849338f070563e3-240x172.jpg",240,172,true],"advps-thumb-one":["https:\/\/arantv.az\/wp-content\/uploads\/2023\/10\/9b42148bd7108421e849338f070563e3.jpg",516,327,false]},"rttpg_author":{"display_name":"V\u00fcsal Rafiqo\u011flu","author_link":"https:\/\/arantv.az\/?author=2"},"rttpg_comment":0,"rttpg_category":"<a href=\"https:\/\/arantv.az\/?cat=7\" rel=\"category\">D\u00fcnya<\/a>","rttpg_excerpt":"D\u00fcn\u0259n \u0130slam \u018fm\u0259kda\u015fl\u0131q T\u0259\u015fkilat\u0131n\u0131n (\u0130\u018fT) nazirl\u0259r s\u0259viyy\u0259sind\u0259 n\u00f6vb\u0259d\u0259nk\u0259nar iclas\u0131 S\u0259udiyy\u0259 \u018fr\u0259bistan\u0131 Krall\u0131\u011f\u0131n\u0131n Cidd\u0259 \u015f\u0259h\u0259rind\u0259 ke\u00e7irilib. Toplant\u0131da Az\u0259rbaycan da t\u0259msil olunub. Bu g\u00f6r\u00fc\u015f\u00fcn s\u0259b\u0259bi b\u00f6lg\u0259d\u0259 \u0130srail v\u0259 F\u0259l\u0259stin (Q\u0259zza sekoru) aras\u0131nda ba\u015f ver\u0259n toqqu\u015fmalar, insan qan\u0131n\u0131n su yerin\u0259 axmas\u0131 il\u0259 m\u00fc\u015fayi\u0259t olunan m\u00fcharib\u0259 il\u0259 ba\u011fl\u0131yd\u0131. \u018fhalisinin tam \u0259ks\u0259riyy\u0259ti m\u00fcs\u0259lman olan \u00f6lk\u0259mizin xarici i\u015fl\u0259r naziri Ceyhun Bayramov&hellip;","_links":{"self":[{"href":"https:\/\/arantv.az\/index.php?rest_route=\/wp\/v2\/posts\/647428"}],"collection":[{"href":"https:\/\/arantv.az\/index.php?rest_route=\/wp\/v2\/posts"}],"about":[{"href":"https:\/\/arantv.az\/index.php?rest_route=\/wp\/v2\/types\/post"}],"author":[{"embeddable":true,"href":"https:\/\/arantv.az\/index.php?rest_route=\/wp\/v2\/users\/2"}],"replies":[{"embeddable":true,"href":"https:\/\/arantv.az\/index.php?rest_route=%2Fwp%2Fv2%2Fcomments&post=647428"}],"version-history":[{"count":0,"href":"https:\/\/arantv.az\/index.php?rest_route=\/wp\/v2\/posts\/647428\/revisions"}],"wp:featuredmedia":[{"embeddable":true,"href":"https:\/\/arantv.az\/index.php?rest_route=\/wp\/v2\/media\/647432"}],"wp:attachment":[{"href":"https:\/\/arantv.az\/index.php?rest_route=%2Fwp%2Fv2%2Fmedia&parent=647428"}],"wp:term":[{"taxonomy":"category","embeddable":true,"href":"https:\/\/arantv.az\/index.php?rest_route=%2Fwp%2Fv2%2Fcategories&post=647428"},{"taxonomy":"post_tag","embeddable":true,"href":"https:\/\/arantv.az\/index.php?rest_route=%2Fwp%2Fv2%2Ftags&post=647428"}],"curies":[{"name":"wp","href":"https:\/\/api.w.org\/{rel}","templated":true}]}}