{"id":647440,"date":"2023-10-19T16:10:11","date_gmt":"2023-10-19T12:10:11","guid":{"rendered":"https:\/\/arantv.az\/?p=647440"},"modified":"2023-10-19T16:10:11","modified_gmt":"2023-10-19T12:10:11","slug":"qara-qarayev-prezidentl%c9%99-gorusu-haqda-paylasim-etdi","status":"publish","type":"post","link":"https:\/\/arantv.az\/?p=647440","title":{"rendered":"Qara Qarayev Prezidentl\u0259 g\u00f6r\u00fc\u015f\u00fc haqda payla\u015f\u0131m etdi"},"content":{"rendered":"<section>\n<div class=\"content lead font-weight-normal\">\n<p>\u201cNeft\u00e7i\u201dnin yar\u0131mm\u00fcdafi\u0259\u00e7isi Qara Qarayev Prezident \u0130lham \u018fliyevl\u0259 oktyabr\u0131n 17-d\u0259 F\u00fczulid\u0259ki g\u00f6r\u00fc\u015f\u00fc haqda payla\u015f\u0131m edib.<\/p>\n<p><strong>ARANTV.AZ\u00a0 x\u0259b\u0259r verir ki,<\/strong>\u00a0d\u00f6vl\u0259t ba\u015f\u00e7\u0131s\u0131 il\u0259 fotosunu payla\u015fan futbol\u00e7u bunlar\u0131 yaz\u0131b:<\/p>\n<p>\u201c44 g\u00fcnl\u00fck V\u0259t\u0259n m\u00fcharib\u0259sinin ard\u0131ndan i\u015f\u011faldan azad edilmi\u015f \u0259razil\u0259rimiz\u0259 \u201cB\u00f6y\u00fck Qay\u0131d\u0131\u015f\u201d\u0131n t\u0259min olunmas\u0131 c\u0259nab Prezidentin q\u0259tiyy\u0259tli, \u0259zmkar f\u0259aliyy\u0259tinin n\u0259tic\u0259sidir. \u201cB\u00f6y\u00fck Qay\u0131d\u0131\u015f\u201d proqram\u0131n\u0131n birinci m\u0259rh\u0259l\u0259sinin sonunda do\u011fma F\u00fczuli \u015f\u0259h\u0259rimizd\u0259 22 min insan ya\u015fayacaq. C\u0259nab Prezidentin d\u0259 qeyd etdiyi kimi, biz n\u0259 q\u0259d\u0259r sevins\u0259k d\u0259, \u015f\u0259hidl\u0259rimiz \u00fc\u00e7\u00fcn daim g\u00f6z ya\u015f\u0131 t\u00f6k\u0259c\u0259yik. V\u0259t\u0259n m\u00fcharib\u0259sind\u0259 q\u0259hr\u0259mancas\u0131na \u015f\u0259hid olan igidl\u0259rimizi b\u00f6y\u00fck sevgi v\u0259 f\u0259xar\u0259t hissi il\u0259 an\u0131r\u0131q v\u0259 daima da q\u00fcr\u00fcr hissi il\u0259 yad ed\u0259c\u0259yik\u201d<\/p>\n<p>Qeyd ed\u0259k ki, Q. Qarayev 1992-ci ild\u0259 F\u00fczulid\u0259 anadan olub. O, uzun ill\u0259r \u201cQaraba\u011f\u201d\u0131n oyun\u00e7usu kimi meydana \u00e7\u0131x\u0131b.<\/p>\n<div class=\"clearfix\"><\/div>\n<\/div>\n<div class=\"sharing my-2 row no-gutters d-print-none\">\n<div class=\"col-md-3\"><\/div>\n<\/div>\n<div class=\"d-none d-sm-block\"><\/div>\n<\/section>\n<section id=\"new_block_2\" class=\"mt-3 d-print-none\">\n<div class=\"row\">\n<div class=\"col-md-12\"><\/div>\n<\/div>\n<\/section>\n","protected":false},"excerpt":{"rendered":"<p>\u201cNeft\u00e7i\u201dnin yar\u0131mm\u00fcdafi\u0259\u00e7isi Qara Qarayev Prezident \u0130lham \u018fliyevl\u0259 oktyabr\u0131n 17-d\u0259 F\u00fczulid\u0259ki g\u00f6r\u00fc\u015f\u00fc haqda payla\u015f\u0131m edib. ARANTV.AZ\u00a0 x\u0259b\u0259r verir ki,\u00a0d\u00f6vl\u0259t ba\u015f\u00e7\u0131s\u0131 il\u0259 fotosunu payla\u015fan futbol\u00e7u bunlar\u0131 yaz\u0131b: \u201c44 g\u00fcnl\u00fck V\u0259t\u0259n m\u00fcharib\u0259sinin ard\u0131ndan i\u015f\u011faldan azad edilmi\u015f \u0259razil\u0259rimiz\u0259 \u201cB\u00f6y\u00fck Qay\u0131d\u0131\u015f\u201d\u0131n t\u0259min olunmas\u0131 c\u0259nab Prezidentin q\u0259tiyy\u0259tli, \u0259zmkar f\u0259aliyy\u0259tinin n\u0259tic\u0259sidir. \u201cB\u00f6y\u00fck Qay\u0131d\u0131\u015f\u201d proqram\u0131n\u0131n birinci m\u0259rh\u0259l\u0259sinin sonunda do\u011fma F\u00fczuli \u015f\u0259h\u0259rimizd\u0259 22 min insan ya\u015fayacaq. C\u0259nab Prezidentin d\u0259 qeyd etdiyi kimi, biz n\u0259 q\u0259d\u0259r sevins\u0259k d\u0259, \u015f\u0259hidl\u0259rimiz \u00fc\u00e7\u00fcn daim g\u00f6z ya\u015f\u0131 t\u00f6k\u0259c\u0259yik. V\u0259t\u0259n m\u00fcharib\u0259sind\u0259 q\u0259hr\u0259mancas\u0131na \u015f\u0259hid olan igidl\u0259rimizi b\u00f6y\u00fck sevgi v\u0259 f\u0259xar\u0259t hissi il\u0259 an\u0131r\u0131q v\u0259 daima da&hellip;<\/p>\n","protected":false},"author":2,"featured_media":647444,"comment_status":"closed","ping_status":"closed","sticky":false,"template":"","format":"standard","meta":{"om_disable_all_campaigns":false,"_monsterinsights_skip_tracking":false,"_monsterinsights_sitenote_active":false,"_monsterinsights_sitenote_note":"","_monsterinsights_sitenote_category":0},"categories":[1],"tags":[],"aioseo_notices":[],"gutentor_comment":0,"rttpg_featured_image_url":{"full":["https:\/\/arantv.az\/wp-content\/uploads\/2023\/10\/e7acfd79169771706636731446311062589.jpg",975,540,false],"landscape":["https:\/\/arantv.az\/wp-content\/uploads\/2023\/10\/e7acfd79169771706636731446311062589.jpg",975,540,false],"portraits":["https:\/\/arantv.az\/wp-content\/uploads\/2023\/10\/e7acfd79169771706636731446311062589.jpg",975,540,false],"thumbnail":["https:\/\/arantv.az\/wp-content\/uploads\/2023\/10\/e7acfd79169771706636731446311062589-500x280.jpg",500,280,true],"medium":["https:\/\/arantv.az\/wp-content\/uploads\/2023\/10\/e7acfd79169771706636731446311062589-660x365.jpg",660,365,true],"large":["https:\/\/arantv.az\/wp-content\/uploads\/2023\/10\/e7acfd79169771706636731446311062589-840x465.jpg",640,354,true],"1536x1536":["https:\/\/arantv.az\/wp-content\/uploads\/2023\/10\/e7acfd79169771706636731446311062589.jpg",975,540,false],"2048x2048":["https:\/\/arantv.az\/wp-content\/uploads\/2023\/10\/e7acfd79169771706636731446311062589.jpg",975,540,false],"post-thumbnail":["https:\/\/arantv.az\/wp-content\/uploads\/2023\/10\/e7acfd79169771706636731446311062589-240x172.jpg",240,172,true],"advps-thumb-one":["https:\/\/arantv.az\/wp-content\/uploads\/2023\/10\/e7acfd79169771706636731446311062589.jpg",975,540,false]},"rttpg_author":{"display_name":"V\u00fcsal Rafiqo\u011flu","author_link":"https:\/\/arantv.az\/?author=2"},"rttpg_comment":0,"rttpg_category":"<a href=\"https:\/\/arantv.az\/?cat=1\" rel=\"category\">C\u0259miyy\u0259t<\/a>","rttpg_excerpt":"\u201cNeft\u00e7i\u201dnin yar\u0131mm\u00fcdafi\u0259\u00e7isi Qara Qarayev Prezident \u0130lham \u018fliyevl\u0259 oktyabr\u0131n 17-d\u0259 F\u00fczulid\u0259ki g\u00f6r\u00fc\u015f\u00fc haqda payla\u015f\u0131m edib. ARANTV.AZ\u00a0 x\u0259b\u0259r verir ki,\u00a0d\u00f6vl\u0259t ba\u015f\u00e7\u0131s\u0131 il\u0259 fotosunu payla\u015fan futbol\u00e7u bunlar\u0131 yaz\u0131b: \u201c44 g\u00fcnl\u00fck V\u0259t\u0259n m\u00fcharib\u0259sinin ard\u0131ndan i\u015f\u011faldan azad edilmi\u015f \u0259razil\u0259rimiz\u0259 \u201cB\u00f6y\u00fck Qay\u0131d\u0131\u015f\u201d\u0131n t\u0259min olunmas\u0131 c\u0259nab Prezidentin q\u0259tiyy\u0259tli, \u0259zmkar f\u0259aliyy\u0259tinin n\u0259tic\u0259sidir. \u201cB\u00f6y\u00fck Qay\u0131d\u0131\u015f\u201d proqram\u0131n\u0131n birinci m\u0259rh\u0259l\u0259sinin sonunda do\u011fma F\u00fczuli \u015f\u0259h\u0259rimizd\u0259 22 min&hellip;","_links":{"self":[{"href":"https:\/\/arantv.az\/index.php?rest_route=\/wp\/v2\/posts\/647440"}],"collection":[{"href":"https:\/\/arantv.az\/index.php?rest_route=\/wp\/v2\/posts"}],"about":[{"href":"https:\/\/arantv.az\/index.php?rest_route=\/wp\/v2\/types\/post"}],"author":[{"embeddable":true,"href":"https:\/\/arantv.az\/index.php?rest_route=\/wp\/v2\/users\/2"}],"replies":[{"embeddable":true,"href":"https:\/\/arantv.az\/index.php?rest_route=%2Fwp%2Fv2%2Fcomments&post=647440"}],"version-history":[{"count":0,"href":"https:\/\/arantv.az\/index.php?rest_route=\/wp\/v2\/posts\/647440\/revisions"}],"wp:featuredmedia":[{"embeddable":true,"href":"https:\/\/arantv.az\/index.php?rest_route=\/wp\/v2\/media\/647444"}],"wp:attachment":[{"href":"https:\/\/arantv.az\/index.php?rest_route=%2Fwp%2Fv2%2Fmedia&parent=647440"}],"wp:term":[{"taxonomy":"category","embeddable":true,"href":"https:\/\/arantv.az\/index.php?rest_route=%2Fwp%2Fv2%2Fcategories&post=647440"},{"taxonomy":"post_tag","embeddable":true,"href":"https:\/\/arantv.az\/index.php?rest_route=%2Fwp%2Fv2%2Ftags&post=647440"}],"curies":[{"name":"wp","href":"https:\/\/api.w.org\/{rel}","templated":true}]}}