{"id":647448,"date":"2023-10-19T20:01:52","date_gmt":"2023-10-19T16:01:52","guid":{"rendered":"https:\/\/arantv.az\/?p=647448"},"modified":"2023-10-19T20:01:52","modified_gmt":"2023-10-19T16:01:52","slug":"israil-turkiy%c9%99d%c9%99n-butun-diplomatlarini-geri-cagirir","status":"publish","type":"post","link":"https:\/\/arantv.az\/?p=647448","title":{"rendered":"\u0130srail T\u00fcrkiy\u0259d\u0259n b\u00fct\u00fcn diplomatlar\u0131n\u0131 geri \u00e7a\u011f\u0131r\u0131r"},"content":{"rendered":"<p>\u0130srail s\u0259fir d\u0259 daxil olmaqla, T\u00fcrkiy\u0259d\u0259n b\u00fct\u00fcn diplomatlar\u0131n\u0131 geri \u00e7a\u011f\u0131rma\u011fa q\u0259rar verib.<\/p>\n<p>Bu bar\u0259d\u0259 T\u00fcrkiy\u0259 m\u0259tbuat\u0131 m\u0259lumat yay\u0131b.<\/p>\n<p>Bildirilib ki, m\u00fcvafiq q\u0259rar t\u0259hl\u00fck\u0259sizlik bax\u0131m\u0131ndan verilib.<\/p>\n<p>Qeyd ed\u0259k ki, diplomatlar\u0131n geri \u00e7a\u011f\u0131r\u0131lmas\u0131 faktiki olaraq \u0130srailin T\u00fcrkiy\u0259d\u0259ki s\u0259firliyinin \u00f6z f\u0259laiyy\u0259tini dayand\u0131rmas\u0131 il\u0259 n\u0259tic\u0259l\u0259n\u0259c\u0259k.<\/p>\n","protected":false},"excerpt":{"rendered":"<p>\u0130srail s\u0259fir d\u0259 daxil olmaqla, T\u00fcrkiy\u0259d\u0259n b\u00fct\u00fcn diplomatlar\u0131n\u0131 geri \u00e7a\u011f\u0131rma\u011fa q\u0259rar verib. Bu bar\u0259d\u0259 T\u00fcrkiy\u0259 m\u0259tbuat\u0131 m\u0259lumat yay\u0131b. Bildirilib ki, m\u00fcvafiq q\u0259rar t\u0259hl\u00fck\u0259sizlik bax\u0131m\u0131ndan verilib. Qeyd ed\u0259k ki, diplomatlar\u0131n geri \u00e7a\u011f\u0131r\u0131lmas\u0131 faktiki olaraq \u0130srailin T\u00fcrkiy\u0259d\u0259ki s\u0259firliyinin \u00f6z f\u0259laiyy\u0259tini dayand\u0131rmas\u0131 il\u0259 n\u0259tic\u0259l\u0259n\u0259c\u0259k.<\/p>\n","protected":false},"author":2,"featured_media":647450,"comment_status":"closed","ping_status":"closed","sticky":false,"template":"","format":"standard","meta":{"om_disable_all_campaigns":false,"_monsterinsights_skip_tracking":false,"_monsterinsights_sitenote_active":false,"_monsterinsights_sitenote_note":"","_monsterinsights_sitenote_category":0},"categories":[7],"tags":[],"aioseo_notices":[],"gutentor_comment":0,"rttpg_featured_image_url":{"full":["https:\/\/arantv.az\/wp-content\/uploads\/2023\/10\/Ekran-A_E_kli-2023-10-19-194852.jpg",620,413,false],"landscape":["https:\/\/arantv.az\/wp-content\/uploads\/2023\/10\/Ekran-A_E_kli-2023-10-19-194852.jpg",620,413,false],"portraits":["https:\/\/arantv.az\/wp-content\/uploads\/2023\/10\/Ekran-A_E_kli-2023-10-19-194852.jpg",620,413,false],"thumbnail":["https:\/\/arantv.az\/wp-content\/uploads\/2023\/10\/Ekran-A_E_kli-2023-10-19-194852-500x280.jpg",500,280,true],"medium":["https:\/\/arantv.az\/wp-content\/uploads\/2023\/10\/Ekran-A_E_kli-2023-10-19-194852-548x365.jpg",548,365,true],"large":["https:\/\/arantv.az\/wp-content\/uploads\/2023\/10\/Ekran-A_E_kli-2023-10-19-194852.jpg",620,413,false],"1536x1536":["https:\/\/arantv.az\/wp-content\/uploads\/2023\/10\/Ekran-A_E_kli-2023-10-19-194852.jpg",620,413,false],"2048x2048":["https:\/\/arantv.az\/wp-content\/uploads\/2023\/10\/Ekran-A_E_kli-2023-10-19-194852.jpg",620,413,false],"post-thumbnail":["https:\/\/arantv.az\/wp-content\/uploads\/2023\/10\/Ekran-A_E_kli-2023-10-19-194852-240x172.jpg",240,172,true],"advps-thumb-one":["https:\/\/arantv.az\/wp-content\/uploads\/2023\/10\/Ekran-A_E_kli-2023-10-19-194852.jpg",620,413,false]},"rttpg_author":{"display_name":"V\u00fcsal Rafiqo\u011flu","author_link":"https:\/\/arantv.az\/?author=2"},"rttpg_comment":0,"rttpg_category":"<a href=\"https:\/\/arantv.az\/?cat=7\" rel=\"category\">D\u00fcnya<\/a>","rttpg_excerpt":"\u0130srail s\u0259fir d\u0259 daxil olmaqla, T\u00fcrkiy\u0259d\u0259n b\u00fct\u00fcn diplomatlar\u0131n\u0131 geri \u00e7a\u011f\u0131rma\u011fa q\u0259rar verib. Bu bar\u0259d\u0259 T\u00fcrkiy\u0259 m\u0259tbuat\u0131 m\u0259lumat yay\u0131b. Bildirilib ki, m\u00fcvafiq q\u0259rar t\u0259hl\u00fck\u0259sizlik bax\u0131m\u0131ndan verilib. Qeyd ed\u0259k ki, diplomatlar\u0131n geri \u00e7a\u011f\u0131r\u0131lmas\u0131 faktiki olaraq \u0130srailin T\u00fcrkiy\u0259d\u0259ki s\u0259firliyinin \u00f6z f\u0259laiyy\u0259tini dayand\u0131rmas\u0131 il\u0259 n\u0259tic\u0259l\u0259n\u0259c\u0259k.","_links":{"self":[{"href":"https:\/\/arantv.az\/index.php?rest_route=\/wp\/v2\/posts\/647448"}],"collection":[{"href":"https:\/\/arantv.az\/index.php?rest_route=\/wp\/v2\/posts"}],"about":[{"href":"https:\/\/arantv.az\/index.php?rest_route=\/wp\/v2\/types\/post"}],"author":[{"embeddable":true,"href":"https:\/\/arantv.az\/index.php?rest_route=\/wp\/v2\/users\/2"}],"replies":[{"embeddable":true,"href":"https:\/\/arantv.az\/index.php?rest_route=%2Fwp%2Fv2%2Fcomments&post=647448"}],"version-history":[{"count":0,"href":"https:\/\/arantv.az\/index.php?rest_route=\/wp\/v2\/posts\/647448\/revisions"}],"wp:featuredmedia":[{"embeddable":true,"href":"https:\/\/arantv.az\/index.php?rest_route=\/wp\/v2\/media\/647450"}],"wp:attachment":[{"href":"https:\/\/arantv.az\/index.php?rest_route=%2Fwp%2Fv2%2Fmedia&parent=647448"}],"wp:term":[{"taxonomy":"category","embeddable":true,"href":"https:\/\/arantv.az\/index.php?rest_route=%2Fwp%2Fv2%2Fcategories&post=647448"},{"taxonomy":"post_tag","embeddable":true,"href":"https:\/\/arantv.az\/index.php?rest_route=%2Fwp%2Fv2%2Ftags&post=647448"}],"curies":[{"name":"wp","href":"https:\/\/api.w.org\/{rel}","templated":true}]}}