{"id":647449,"date":"2023-10-19T20:01:58","date_gmt":"2023-10-19T16:01:58","guid":{"rendered":"https:\/\/arantv.az\/?p=647449"},"modified":"2023-10-19T20:01:58","modified_gmt":"2023-10-19T16:01:58","slug":"turkiy%c9%99-boyuk-mill%c9%99t-m%c9%99clisinin-numay%c9%99nd%c9%99-hey%c9%99ti-susada-olub-foto","status":"publish","type":"post","link":"https:\/\/arantv.az\/?p=647449","title":{"rendered":"T\u00fcrkiy\u0259 B\u00f6y\u00fck Mill\u0259t M\u0259clisinin n\u00fcmay\u0259nd\u0259 hey\u0259ti \u015eu\u015fada olub &#8211; FOTO"},"content":{"rendered":"<p>T\u00fcrkiy\u0259 B\u00f6y\u00fck Mill\u0259t M\u0259clisinin Ba\u015f katibi Talip Uzunun r\u0259hb\u0259rlik etdiyi parlament n\u00fcmay\u0259nd\u0259 hey\u0259ti \u00f6lk\u0259miz\u0259 s\u0259f\u0259ri \u00e7\u0259r\u00e7iv\u0259sind\u0259 oktyabr\u0131n 19-da \u015eu\u015fa \u015f\u0259h\u0259rind\u0259 olub.<\/p>\n<p>Milli M\u0259clisin M\u0259tbuat v\u0259 ictimaiyy\u0259tl\u0259 \u0259laq\u0259l\u0259r \u015f\u00f6b\u0259sind\u0259n veril\u0259n x\u0259b\u0259r\u0259 g\u00f6r\u0259, n\u00fcmay\u0259nd\u0259 hey\u0259tini Milli M\u0259clis Aparat\u0131n\u0131n r\u0259hb\u0259ri F\u0259rid Hac\u0131yev v\u0259 dig\u0259r r\u0259smi \u015f\u0259xsl\u0259r m\u00fc\u015fayi\u0259t edibl\u0259r.<\/p>\n<p>\u015eu\u015fada qonaqlara \u015f\u0259h\u0259rin tarixi, i\u015f\u011fal d\u00f6vr\u00fcnd\u0259ki v\u0259ziyy\u0259ti v\u0259 \u015eu\u015fada c\u0259nab Prezident\u00a0<strong>\u0130lham \u018fliyevin<\/strong>\u00a0v\u0259 Birinci vitse-prezident\u00a0<strong>Mehriban xan\u0131m \u018fliyevan\u0131n<\/strong>\u00a0birba\u015fa n\u0259zar\u0259ti alt\u0131nda apar\u0131lan quruculuq i\u015fl\u0259ri, \u015f\u0259h\u0259rd\u0259ki tarixi abid\u0259l\u0259rin b\u0259rpas\u0131 v\u0259 n\u0259z\u0259rd\u0259 tutulan planlar bar\u0259d\u0259 m\u0259lumat verilib.<\/p>\n<p>Sonra TBMM-in n\u00fcmay\u0259nd\u0259 hey\u0259ti \u015eu\u015fada Ulu \u00d6nd\u0259r Heyd\u0259r \u018fliyevin 100 illik yubileyin\u0259 h\u0259sr olunmu\u015f r\u0259sm s\u0259rgisi il\u0259 tan\u0131\u015f olub.<br \/>\nQonaqlar Saatl\u0131 v\u0259 Yuxar\u0131 G\u00f6vh\u0259r a\u011fa m\u0259scidl\u0259rind\u0259, C\u0131d\u0131r d\u00fcz\u00fcnd\u0259 olmu\u015f, \u015eu\u015fan\u0131n Qala divarlar\u0131n\u0131 seyr etmi\u015fl\u0259r. C\u0131d\u0131r d\u00fcz\u00fcnd\u0259 qonaqlara m\u0259lumat verilib ki, q\u0259hr\u0259man \u0259sg\u0259rl\u0259rimiz b\u00f6y\u00fck \u015f\u00fcca\u0259t g\u00f6st\u0259r\u0259r\u0259k s\u0131ld\u0131r\u0131m qayalarla C\u0131d\u0131r d\u00fcz\u00fcn\u0259 qalxm\u0131\u015f, canlar\u0131 v\u0259 qanlar\u0131 bahas\u0131na \u015eu\u015fan\u0131 i\u015f\u011faldan azad etmi\u015fl\u0259r. Bu g\u00fcn C\u0131d\u0131r d\u00fcz\u00fc i\u015f\u011faldan \u0259vv\u0259l oldu\u011fu kimi, m\u00f6ht\u0259\u015f\u0259m t\u0259dbirl\u0259rin ke\u00e7irildiyi m\u0259kana \u00e7evrilib.<\/p>\n<p>&nbsp;<\/p>\n<div class=\"gallery\">\n<div class=\"gallery-i\"><img src=\"https:\/\/cdn.oxu.az\/uploads\/W1siZiIsIjIwMjMvMTAvMTkvMTkvMDMvMzUvMDRlMzllZmMtMmE5ZC00ODIyLWJkMTItMjg0YzI3Mjc3OTlhLzY1MzE0M2FjMWM2MWM2NTMxNDNhYzFjNjFkMTY5NzcyNzQwNDY1MzE0M2FjMWM2MWE2NTMxNDNhYzFjNjFiLmpwZWciXSxbInAiLCJlbmNvZGUiLCJqcGciLCItcXVhbGl0eSA4MCJdLFsicCIsInRodW1iIiwiNTkweDU5MFx1MDAzZSJdXQ?sha=0c3cd18574b1c017\" alt=\"\" \/><\/p>\n<div class=\"gallery-i-caption\"><\/div>\n<\/div>\n<div class=\"gallery-i\"><img src=\"https:\/\/cdn.oxu.az\/uploads\/W1siZiIsIjIwMjMvMTAvMTkvMTkvMDMvMzUvYjQ2NjE1Y2YtOTY2NC00OTExLTliOGMtNGNiNDcxYzZlYTQxLzY1MzE0M2FjNGViMWI2NTMxNDNhYzRlYjFjMTY5NzcyNzQwNDY1MzE0M2FjNGViMTk2NTMxNDNhYzRlYjFhLmpwZWciXSxbInAiLCJlbmNvZGUiLCJqcGciLCItcXVhbGl0eSA4MCJdLFsicCIsInRodW1iIiwiNTkweDU5MFx1MDAzZSJdXQ?sha=41ffc42e49aedd36\" alt=\"\" \/><\/p>\n<div class=\"gallery-i-caption\"><\/div>\n<\/div>\n<div class=\"gallery-i\"><img src=\"https:\/\/cdn.oxu.az\/uploads\/W1siZiIsIjIwMjMvMTAvMTkvMTkvMDMvMzUvMTlkNDVlMTAtMGZmOS00NDhhLWIzYTUtZDRjZGVmNDU3NzUyLzY1MzE0M2FjMzU2NTY2NTMxNDNhYzM1NjU3MTY5NzcyNzQwNDY1MzE0M2FjMzU2NTQ2NTMxNDNhYzM1NjU1LmpwZWciXSxbInAiLCJlbmNvZGUiLCJqcGciLCItcXVhbGl0eSA4MCJdLFsicCIsInRodW1iIiwiNTkweDU5MFx1MDAzZSJdXQ?sha=6487987beb106ca3\" alt=\"\" \/><\/p>\n<div class=\"gallery-i-caption\"><\/div>\n<\/div>\n<div class=\"gallery-i\"><img src=\"https:\/\/cdn.oxu.az\/uploads\/W1siZiIsIjIwMjMvMTAvMTkvMTkvMDMvMzUvYTNkZjY5YzQtYTgyNy00NjRhLWFlMTYtNzkzMDYxYTM5YWE0LzY1MzE0M2FjNjlhMDM2NTMxNDNhYzY5YTA0MTY5NzcyNzQwNDY1MzE0M2FjNjlhMDE2NTMxNDNhYzY5YTAyLmpwZWciXSxbInAiLCJlbmNvZGUiLCJqcGciLCItcXVhbGl0eSA4MCJdLFsicCIsInRodW1iIiwiNTkweDU5MFx1MDAzZSJdXQ?sha=845b33f8c98e8218\" alt=\"\" \/><\/div>\n<\/div>\n","protected":false},"excerpt":{"rendered":"<p>T\u00fcrkiy\u0259 B\u00f6y\u00fck Mill\u0259t M\u0259clisinin Ba\u015f katibi Talip Uzunun r\u0259hb\u0259rlik etdiyi parlament n\u00fcmay\u0259nd\u0259 hey\u0259ti \u00f6lk\u0259miz\u0259 s\u0259f\u0259ri \u00e7\u0259r\u00e7iv\u0259sind\u0259 oktyabr\u0131n 19-da \u015eu\u015fa \u015f\u0259h\u0259rind\u0259 olub. Milli M\u0259clisin M\u0259tbuat v\u0259 ictimaiyy\u0259tl\u0259 \u0259laq\u0259l\u0259r \u015f\u00f6b\u0259sind\u0259n veril\u0259n x\u0259b\u0259r\u0259 g\u00f6r\u0259, n\u00fcmay\u0259nd\u0259 hey\u0259tini Milli M\u0259clis Aparat\u0131n\u0131n r\u0259hb\u0259ri F\u0259rid Hac\u0131yev v\u0259 dig\u0259r r\u0259smi \u015f\u0259xsl\u0259r m\u00fc\u015fayi\u0259t edibl\u0259r. \u015eu\u015fada qonaqlara \u015f\u0259h\u0259rin tarixi, i\u015f\u011fal d\u00f6vr\u00fcnd\u0259ki v\u0259ziyy\u0259ti v\u0259 \u015eu\u015fada c\u0259nab Prezident\u00a0\u0130lham \u018fliyevin\u00a0v\u0259 Birinci vitse-prezident\u00a0Mehriban xan\u0131m \u018fliyevan\u0131n\u00a0birba\u015fa n\u0259zar\u0259ti alt\u0131nda apar\u0131lan quruculuq i\u015fl\u0259ri, \u015f\u0259h\u0259rd\u0259ki tarixi abid\u0259l\u0259rin b\u0259rpas\u0131 v\u0259 n\u0259z\u0259rd\u0259 tutulan planlar bar\u0259d\u0259 m\u0259lumat verilib. Sonra TBMM-in n\u00fcmay\u0259nd\u0259 hey\u0259ti \u015eu\u015fada Ulu \u00d6nd\u0259r Heyd\u0259r \u018fliyevin 100 illik yubileyin\u0259 h\u0259sr&hellip;<\/p>\n","protected":false},"author":2,"featured_media":647452,"comment_status":"closed","ping_status":"closed","sticky":false,"template":"","format":"standard","meta":{"om_disable_all_campaigns":false,"_monsterinsights_skip_tracking":false,"_monsterinsights_sitenote_active":false,"_monsterinsights_sitenote_note":"","_monsterinsights_sitenote_category":0},"categories":[4],"tags":[],"aioseo_notices":[],"gutentor_comment":0,"rttpg_featured_image_url":{"full":["https:\/\/arantv.az\/wp-content\/uploads\/2023\/10\/653143ac84fd0653143ac84fd11697727404653143ac84fcd653143ac84fce.jpg",620,413,false],"landscape":["https:\/\/arantv.az\/wp-content\/uploads\/2023\/10\/653143ac84fd0653143ac84fd11697727404653143ac84fcd653143ac84fce.jpg",620,413,false],"portraits":["https:\/\/arantv.az\/wp-content\/uploads\/2023\/10\/653143ac84fd0653143ac84fd11697727404653143ac84fcd653143ac84fce.jpg",620,413,false],"thumbnail":["https:\/\/arantv.az\/wp-content\/uploads\/2023\/10\/653143ac84fd0653143ac84fd11697727404653143ac84fcd653143ac84fce-500x280.jpg",500,280,true],"medium":["https:\/\/arantv.az\/wp-content\/uploads\/2023\/10\/653143ac84fd0653143ac84fd11697727404653143ac84fcd653143ac84fce-548x365.jpg",548,365,true],"large":["https:\/\/arantv.az\/wp-content\/uploads\/2023\/10\/653143ac84fd0653143ac84fd11697727404653143ac84fcd653143ac84fce.jpg",620,413,false],"1536x1536":["https:\/\/arantv.az\/wp-content\/uploads\/2023\/10\/653143ac84fd0653143ac84fd11697727404653143ac84fcd653143ac84fce.jpg",620,413,false],"2048x2048":["https:\/\/arantv.az\/wp-content\/uploads\/2023\/10\/653143ac84fd0653143ac84fd11697727404653143ac84fcd653143ac84fce.jpg",620,413,false],"post-thumbnail":["https:\/\/arantv.az\/wp-content\/uploads\/2023\/10\/653143ac84fd0653143ac84fd11697727404653143ac84fcd653143ac84fce-240x172.jpg",240,172,true],"advps-thumb-one":["https:\/\/arantv.az\/wp-content\/uploads\/2023\/10\/653143ac84fd0653143ac84fd11697727404653143ac84fcd653143ac84fce.jpg",620,413,false]},"rttpg_author":{"display_name":"V\u00fcsal Rafiqo\u011flu","author_link":"https:\/\/arantv.az\/?author=2"},"rttpg_comment":0,"rttpg_category":"<a href=\"https:\/\/arantv.az\/?cat=4\" rel=\"category\">Siyas\u0259t<\/a>","rttpg_excerpt":"T\u00fcrkiy\u0259 B\u00f6y\u00fck Mill\u0259t M\u0259clisinin Ba\u015f katibi Talip Uzunun r\u0259hb\u0259rlik etdiyi parlament n\u00fcmay\u0259nd\u0259 hey\u0259ti \u00f6lk\u0259miz\u0259 s\u0259f\u0259ri \u00e7\u0259r\u00e7iv\u0259sind\u0259 oktyabr\u0131n 19-da \u015eu\u015fa \u015f\u0259h\u0259rind\u0259 olub. Milli M\u0259clisin M\u0259tbuat v\u0259 ictimaiyy\u0259tl\u0259 \u0259laq\u0259l\u0259r \u015f\u00f6b\u0259sind\u0259n veril\u0259n x\u0259b\u0259r\u0259 g\u00f6r\u0259, n\u00fcmay\u0259nd\u0259 hey\u0259tini Milli M\u0259clis Aparat\u0131n\u0131n r\u0259hb\u0259ri F\u0259rid Hac\u0131yev v\u0259 dig\u0259r r\u0259smi \u015f\u0259xsl\u0259r m\u00fc\u015fayi\u0259t edibl\u0259r. \u015eu\u015fada qonaqlara \u015f\u0259h\u0259rin tarixi, i\u015f\u011fal d\u00f6vr\u00fcnd\u0259ki v\u0259ziyy\u0259ti v\u0259 \u015eu\u015fada c\u0259nab&hellip;","_links":{"self":[{"href":"https:\/\/arantv.az\/index.php?rest_route=\/wp\/v2\/posts\/647449"}],"collection":[{"href":"https:\/\/arantv.az\/index.php?rest_route=\/wp\/v2\/posts"}],"about":[{"href":"https:\/\/arantv.az\/index.php?rest_route=\/wp\/v2\/types\/post"}],"author":[{"embeddable":true,"href":"https:\/\/arantv.az\/index.php?rest_route=\/wp\/v2\/users\/2"}],"replies":[{"embeddable":true,"href":"https:\/\/arantv.az\/index.php?rest_route=%2Fwp%2Fv2%2Fcomments&post=647449"}],"version-history":[{"count":0,"href":"https:\/\/arantv.az\/index.php?rest_route=\/wp\/v2\/posts\/647449\/revisions"}],"wp:featuredmedia":[{"embeddable":true,"href":"https:\/\/arantv.az\/index.php?rest_route=\/wp\/v2\/media\/647452"}],"wp:attachment":[{"href":"https:\/\/arantv.az\/index.php?rest_route=%2Fwp%2Fv2%2Fmedia&parent=647449"}],"wp:term":[{"taxonomy":"category","embeddable":true,"href":"https:\/\/arantv.az\/index.php?rest_route=%2Fwp%2Fv2%2Fcategories&post=647449"},{"taxonomy":"post_tag","embeddable":true,"href":"https:\/\/arantv.az\/index.php?rest_route=%2Fwp%2Fv2%2Ftags&post=647449"}],"curies":[{"name":"wp","href":"https:\/\/api.w.org\/{rel}","templated":true}]}}