{"id":647593,"date":"2023-10-19T21:10:55","date_gmt":"2023-10-19T17:10:55","guid":{"rendered":"https:\/\/arantv.az\/?p=647593"},"modified":"2023-10-19T21:10:55","modified_gmt":"2023-10-19T17:10:55","slug":"qadin-gul%c9%99rs%c9%99-dunya-gul%c9%99r","status":"publish","type":"post","link":"https:\/\/arantv.az\/?p=647593","title":{"rendered":"Qad\u0131n g\u00fcl\u0259rs\u0259, d\u00fcnya g\u00fcl\u0259r"},"content":{"rendered":"<section>\n<div class=\"content lead font-weight-normal\">\n<p><em><strong>Bahar Muradova: Az\u0259rbaycan analar\u0131 f\u0259dakarl\u0131qlar\u0131n\u0131 V\u0259t\u0259n m\u00fcharib\u0259si d\u00f6vr\u00fcnd\u0259 b\u00fct\u00fcn d\u00fcnyaya n\u00fcmayi\u015f etdirdil\u0259r<\/strong><\/em><\/p>\n<p>Oktyabr\u0131n 19-da Bak\u0131da Az\u0259rbaycan Qad\u0131nlar\u0131n\u0131n VI Qurultay\u0131 ke\u00e7irilib. Qurultay \u00f6lk\u0259mizd\u0259 qad\u0131n h\u0259r\u0259kat\u0131n\u0131n \u0259sas\u0131n\u0131 qoymu\u015f \u00dcmummilli Lider Heyd\u0259r \u018fliyevin 100 illik yubileyi, eyni zamanda, m\u00fcst\u0259qil Az\u0259rbaycan\u0131n ilk Qad\u0131n Qurultay\u0131n\u0131n 25 illiyi m\u00fcnasib\u0259til\u0259 t\u0259\u015fkil edilib. T\u0259dbird\u0259 paytaxt v\u0259 b\u00f6lg\u0259l\u0259rd\u0259n 600-\u0259 yax\u0131n qad\u0131n \u00a0n\u00fcmay\u0259nd\u0259 i\u015ftirak edib.<\/p>\n<p>Az\u0259rbaycan Qad\u0131nlar\u0131n\u0131n VI Qurultay\u0131n\u0131n i\u015ftirak\u00e7\u0131lar\u0131 F\u0259xri xiyabana g\u0259l\u0259r\u0259k, Az\u0259rbaycan xalq\u0131n\u0131n \u00dcmummilli Lideri, m\u00fcasir m\u00fcst\u0259qil Az\u0259rbaycan d\u00f6vl\u0259tinin memar\u0131 v\u0259 qurucusu Heyd\u0259r \u018fliyevin xatir\u0259sini ehtiramla yad ed\u0259r\u0259k m\u0259zar\u0131 \u00f6n\u00fcn\u0259 \u0259klil qoyub, g\u00fcl d\u0259st\u0259l\u0259ri d\u00fcz\u00fcbl\u0259r. H\u0259m\u00e7inin \u00dcmummilli Liderin \u00f6m\u00fcr-g\u00fcn yolda\u015f\u0131, g\u00f6rk\u0259mli oftalmoloq-alim, akademik Z\u0259rif\u0259 \u018fliyevan\u0131n xatir\u0259si d\u0259 yad edilib, m\u0259zar\u0131 \u00fcz\u0259rin\u0259 t\u0259r \u00e7i\u00e7\u0259kl\u0259r d\u00fcz\u00fcl\u00fcb.<\/p>\n<p>Az\u0259rbaycan Respublikas\u0131n\u0131n D\u00f6vl\u0259t Himninin s\u0259sl\u0259ndirilm\u0259si il\u0259 ba\u015flayan t\u0259dbird\u0259 \u00f6lk\u0259mizin \u0259razi b\u00fct\u00f6vl\u00fcy\u00fc v\u0259 suverenliyi u\u011frunda m\u00fcbariz\u0259d\u0259 canlar\u0131ndan ke\u00e7mi\u015f \u015f\u0259hidl\u0259rimizin xatir\u0259si bir d\u0259qiq\u0259lik s\u00fckutla yad olunub.<\/p>\n<p>&#8220;Heyd\u0259r \u018fliyev v\u0259 d\u00f6vl\u0259t qad\u0131n siyas\u0259ti &#8221; adl\u0131 film n\u00fcmayi\u015f etdirilib.<\/p>\n<p>Az\u0259rbaycan Respublikas\u0131 Prezidentinin Administrasiyas\u0131n\u0131n Humanitar siyas\u0259t, diaspor, multikulturalizm v\u0259 dini m\u0259s\u0259l\u0259l\u0259r \u015f\u00f6b\u0259sinin m\u00fcdiri F\u0259r\u0259h \u018fliyeva Prezident \u0130lham \u018fliyevin Qurultay i\u015ftirak\u00e7\u0131lar\u0131na t\u0259brik m\u0259ktubunu oxuyub.<\/p>\n<p>Ail\u0259, Qad\u0131n v\u0259 U\u015faq Probleml\u0259ri\u00a0 \u00fczr\u0259 D\u00f6vl\u0259t Komit\u0259sinin\u00a0 s\u0259dri\u00a0 Bahar Muradova\u00a0 bildirib ki, qurultay\u0131n 200 illik m\u00fcnaqi\u015f\u0259nin sona \u00e7atd\u0131r\u0131ld\u0131\u011f\u0131 bir d\u00f6vrd\u0259 ke\u00e7irilm\u0259si biz\u0259 b\u00f6y\u00fck bir q\u00fcrur hissi ya\u015fad\u0131r. Az\u0259rbaycan anas\u0131 nec\u0259 b\u00f6y\u00fck \u00fcr\u0259y\u0259 malik v\u0259 V\u0259t\u0259n \u00fc\u00e7\u00fcn f\u0259dakar oldu\u011funu V\u0259t\u0259n m\u00fcharib\u0259si d\u00f6vr\u00fcnd\u0259 b\u00fct\u00fcn d\u00fcnyaya n\u00fcmayi\u015f etdirdi.<\/p>\n<p>B.Muradova Ulu \u00d6nd\u0259r Heyd\u0259r \u018fliyevin Az\u0259rbaycanda qad\u0131n siyas\u0259tin\u0259 b\u00f6y\u00fck \u00f6n\u0259m verdiyini v\u0259 diqq\u0259t yetirdiyini diqq\u0259t\u0259 \u00e7atd\u0131r\u0131b. Bildirib ki, \u00f6lk\u0259mizd\u0259 m\u00fct\u0259\u015f\u0259kkil qad\u0131n h\u0259r\u0259kat\u0131n\u0131n \u0259sas\u0131n\u0131 qoyan \u00dcmummilli Liderin diqq\u0259t v\u0259 qay\u011f\u0131s\u0131 sah\u0259sind\u0259 Az\u0259rbaycanda savadl\u0131, ictimai h\u0259yatda f\u0259al i\u015ftirak ed\u0259n qad\u0131nlar yeti\u015fib.<\/p>\n<p>\u201cUlu \u00d6nd\u0259r t\u0259r\u0259find\u0259n \u0259sas\u0131 qoyulan qad\u0131n siyas\u0259ti bu g\u00fcn u\u011furla davam etdirilir. Haz\u0131rda \u00f6lk\u0259mizd\u0259 qad\u0131nlar\u0131n h\u00fcquqlar\u0131 y\u00fcks\u0259k s\u0259viyy\u0259d\u0259 qorunur v\u0259 bu sah\u0259d\u0259 qanunvericiliyin t\u0259kmill\u0259dirilm\u0259si istiqam\u0259tind\u0259 m\u00fcvafiq t\u0259dbirl\u0259r g\u00f6r\u00fcl\u00fcr\u201d, &#8211; dey\u0259 Bahar Muradova qeyd edib.<\/p>\n<p>Bahar Muradova bildirib ki, Prezident \u0130lham \u018fliyev d\u0259 qad\u0131nlar\u0131n d\u00f6vl\u0259t idar\u0259\u00e7iliyind\u0259 v\u0259 c\u0259miyy\u0259td\u0259 rolunu y\u00fcks\u0259k qiym\u0259tl\u0259ndirir, onlar\u0131n rolunun art\u0131r\u0131lmas\u0131 istiqam\u0259tind\u0259 m\u00fcvafiq D\u00f6vl\u0259t proqramlar\u0131 q\u0259bul olunur.<\/p>\n<p>\u00c7\u0131x\u0131\u015f ed\u0259n Ba\u015f nazirin m\u00fcavini\u00a0 \u018fli \u018fhm\u0259dov qeyd edib ki,\u00a0 Az\u0259rbaycan Qad\u0131nlar\u0131n\u0131n VI Qurultay\u0131 iki ba\u015fl\u0131ca x\u00fcsusiyy\u0259ti il\u0259 diqq\u0259t \u00e7\u0259kir. Qurultay\u0131n Ulu \u00d6nd\u0259r Heyd\u0259r \u018fliyev\u0259 h\u0259sr olunmas\u0131 v\u0259 Az\u0259rbaycan\u0131n \u0259razi b\u00fct\u00f6vl\u00fcy\u00fcn\u00fcn tam b\u0259rpa edildiyi vaxtda ke\u00e7irilm\u0259si. Bunlar m\u00fch\u00fcm tarixi hadis\u0259dir.<\/p>\n<p>\u201cQad\u0131nlar\u0131m\u0131z h\u0259yat\u0131n b\u00fct\u00fcn sah\u0259l\u0259rind\u0259 i\u015ftirak edirl\u0259r. Onlar\u0131n rolunun v\u0259 i\u015ftirak\u00e7\u0131l\u0131\u011f\u0131n\u0131n art\u0131r\u0131lmas\u0131 d\u00f6vl\u0259timizin prioritet istiqam\u0259tl\u0259rind\u0259ndir. Haz\u0131rda qad\u0131nlar\u0131m\u0131z \u00e7ox inki\u015faf edibl\u0259r v\u0259 Az\u0259rbaycan c\u0259miyy\u0259tind\u0259 qad\u0131nlar\u0131m\u0131z\u0131n i\u015ftirak\u00e7\u0131l\u0131\u011f\u0131n\u0131n art\u0131r\u0131lmas\u0131 istiqam\u0259tind\u0259 m\u0259qs\u0259dy\u00f6nl\u00fc siyas\u0259t apar\u0131l\u0131r. D\u00f6vl\u0259timiz qad\u0131nlar\u0131n i\u015ftirak\u00e7\u0131l\u0131\u011f\u0131n\u0131 t\u0259min etm\u0259kl\u0259 b\u0259rab\u0259r, onlar\u0131n potensial\u0131ndan d\u00fczg\u00fcn istifad\u0259ni d\u0259 diqq\u0259td\u0259 saxlay\u0131r\u201d, &#8211; dey\u0259 \u018fli \u018fhm\u0259dov bildirib.<\/p>\n<p>T\u00fcrkiy\u0259nin ail\u0259 v\u0259 sosial\u00a0 xidm\u0259tl\u0259r naziri Mahinur \u00d6zd\u0259mir G\u00f6kta\u015f \u00e7\u0131x\u0131\u015f\u0131nda deyib: \u201cCan Az\u0259rbaycan\u0131 M\u00fcst\u0259qilliyinin B\u0259rpas\u0131 G\u00fcn\u00fc v\u0259 suverenliyinin tam t\u0259min edilm\u0259si m\u00fcnasib\u0259til\u0259 t\u0259brik edirik. 2023-c\u00fc ild\u0259 Ulu \u00d6nd\u0259r Heyd\u0259r \u018fliyevin 100 illiyi qeyd olunur, h\u0259m\u00e7inin \u00f6lk\u0259nin \u0259razi b\u00fct\u00f6vl\u00fcy\u00fc tam b\u0259rpa edilib. Az\u0259rbaycan Qad\u0131nlar\u0131n\u0131n VI Qurultay\u0131n\u0131n m\u0259hz bu ild\u0259 t\u0259\u015fkil edilm\u0259si \u0259lam\u0259tdar hadis\u0259dir.\u201d<\/p>\n<p>M.\u00d6.G\u00f6kta\u015f qarda\u015f xalqlar\u0131m\u0131z\u0131 birl\u0259\u015fdir\u0259n \u0259n m\u00fch\u00fcm amill\u0259rd\u0259n biri kimi ail\u0259 d\u0259y\u0259rl\u0259rinin \u0259h\u0259miyy\u0259ti, c\u0259miyy\u0259tl\u0259rimizd\u0259 ail\u0259 institutuna, qad\u0131nlar\u0131n roluna g\u00f6st\u0259ril\u0259n m\u00fcnasib\u0259ti x\u00fcsusi vur\u011fulay\u0131b, m\u00fcasir qloballa\u015fma \u015f\u0259raitind\u0259 bu d\u0259y\u0259rl\u0259rin qorunmas\u0131n\u0131n vacibliyini s\u00f6yl\u0259yib. Eyni zamanda, Az\u0259rbaycan v\u0259 T\u00fcrkiy\u0259nin m\u00fcvafiq d\u00f6vl\u0259t qurumlar\u0131n\u0131n ail\u0259 v\u0259 u\u015faqlara qay\u011f\u0131, qad\u0131nlar\u0131n c\u0259miyy\u0259td\u0259 m\u00f6vqeyinin m\u00f6hk\u0259ml\u0259ndirilm\u0259si, ail\u0259 d\u0259y\u0259rl\u0259rimizin beyn\u0259lxalq s\u0259viyy\u0259d\u0259 t\u0259bli\u011fi istiqam\u0259tind\u0259 qar\u015f\u0131l\u0131ql\u0131 f\u0259aliyy\u0259tin v\u0259 t\u0259cr\u00fcb\u0259 m\u00fcbadil\u0259sin \u0259h\u0259miyy\u0259tind\u0259n b\u0259hs edib.<\/p>\n<p>Milli M\u0259clisin s\u0259drinin m\u00fcavini, Parlamentin G\u0259ncl\u0259r\u00a0 v\u0259 idman komit\u0259sinin s\u0259dri\u00a0\u00a0 Adil \u018fliyev\u00a0 \u00e7\u0131x\u0131\u015f\u0131n\u0131n \u0259vv\u0259lind\u0259 Milli M\u0259clisin s\u0259dri Sahib\u0259 Qafarovan\u0131n salamlar\u0131n\u0131 v\u0259 xo\u015f arzular\u0131n\u0131 t\u0259brik i\u015ftirak\u00e7\u0131lar\u0131na \u00e7atd\u0131r\u0131b.\u00a0 Daha sonra \u0259lav\u0259 edib ki, Az\u0259rbaycan qad\u0131n\u0131ndan b\u0259hs ed\u0259rk\u0259n, \u0259lb\u0259tt\u0259 ki, ba\u015f\u0131m\u0131z\u0131n tac\u0131 olan \u015f\u0259hid v\u0259 qazi analar\u0131n\u0131n rolunu x\u00fcsusi vur\u011fulamal\u0131y\u0131q v\u0259 h\u0259r zaman onlara sonsuz minn\u0259tdarl\u0131\u011f\u0131m\u0131z\u0131 ifad\u0259 etm\u0259liyik. Prezident, M\u00fcz\u0259ff\u0259r Ali Ba\u015f Komandan \u0130lham \u018fliyevin Xank\u0259ndi \u015f\u0259h\u0259rind\u0259 D\u00f6vl\u0259t Bayra\u011f\u0131n\u0131 ucaldark\u0259n, el\u0259c\u0259 d\u0259 F\u00fczuli \u015f\u0259h\u0259rind\u0259 sakinl\u0259rl\u0259 g\u00f6r\u00fc\u015f\u00fcnd\u0259 vur\u011fulad\u0131\u011f\u0131 kimi, h\u0259rbi \u0259m\u0259liyyatlar n\u0259 q\u0259d\u0259r d\u00fcr\u00fcst haz\u0131rlansa da, q\u0259l\u0259b\u0259ni \u0259ld\u0259 ed\u0259n Az\u0259rbaycan \u00f6vladlar\u0131, \u0259sg\u0259r v\u0259 zabitl\u0259rdir. \u00c7\u00fcnki ilk n\u00f6vb\u0259d\u0259 onlar sin\u0259l\u0259rini ir\u0259li verib V\u0259t\u0259nin azadl\u0131\u011f\u0131 u\u011frunda canlar\u0131n\u0131 f\u0259da etmi\u015fl\u0259r. Bu c\u00fcr v\u0259t\u0259np\u0259rv\u0259r v\u0259 qorxmaz g\u0259ncliyimizin formala\u015fmas\u0131nda ail\u0259 v\u0259 m\u0259kt\u0259b t\u0259rbiy\u0259si son d\u0259r\u0259c\u0259 b\u00f6y\u00fck \u0259h\u0259miyy\u0259t\u0259 malikdir. Az\u0259rbaycan qad\u0131nlar\u0131 h\u0259m ana olaraq ail\u0259d\u0259, h\u0259m d\u0259 m\u00fc\u0259llim, t\u0259rbiy\u0259\u00e7i olaraq t\u0259hsil ocaqlar\u0131nda \u00f6vladlar\u0131m\u0131z\u0131n xalqa v\u0259 torpa\u011fa m\u0259h\u0259bb\u0259t ruhunda yeti\u015fm\u0259si namin\u0259 f\u0259dakarcas\u0131na \u00e7al\u0131\u015fm\u0131\u015flar v\u0259 bu g\u00fcn d\u0259 \u00e7al\u0131\u015f\u0131rlar.<\/p>\n<p>BMT-nin Az\u0259rbaycandak\u0131 rezident-\u0259laq\u0259l\u0259ndiricisi Vladanka Andreyeva bildirib ki, Az\u0259rbaycan Qad\u0131nlar\u0131n\u0131n VI Qurultay\u0131 \u0259m\u0259kda\u015fl\u0131q \u00fc\u00e7\u00fcn g\u00f6z\u0259l platformad\u0131r: \u201cD\u00fc\u015f\u00fcn\u00fcr\u0259m ki, bu toplant\u0131 \u0259m\u0259kda\u015fl\u0131\u011fa t\u00f6hf\u0259 ver\u0259c\u0259k.\u201d<\/p>\n<p>BMT-nin Dayan\u0131ql\u0131 \u0130nki\u015faf M\u0259qs\u0259dl\u0259rind\u0259n dan\u0131\u015fan Vladanka Andreyeva Az\u0259rbaycanda bu istiqam\u0259td\u0259 m\u00fcvafiq i\u015fl\u0259rin g\u00f6r\u00fcld\u00fcy\u00fcn\u00fc diqq\u0259t\u0259 \u00e7atd\u0131r\u0131b: \u201cAz\u0259rbaycanda qad\u0131n h\u00fcquqlar\u0131n\u0131n qorunmas\u0131, gender \u0259sasl\u0131 zorak\u0131l\u0131qla m\u00fcbariz\u0259, erk\u0259n nikahlar\u0131n qar\u015f\u0131s\u0131n\u0131n al\u0131nmas\u0131 il\u0259 ba\u011fl\u0131 QHT-l\u0259rl\u0259 d\u0259 s\u0131x \u0259m\u0259kda\u015fl\u0131q edirik. Qad\u0131nlar\u0131n ictimai h\u0259yatda f\u0259al i\u015ftirak\u0131n\u0131n t\u0259min olunmas\u0131 vacibdir\u201d.<\/p>\n<p>Az\u0259rbaycan qad\u0131nlar\u0131n\u0131n q\u0259rar q\u0259buletm\u0259 prosesind\u0259 f\u0259all\u0131\u011f\u0131n\u0131n art\u0131r\u0131lmas\u0131n\u0131n \u00f6n\u0259mini vur\u011fulayan BMT-nin rezident \u0259laq\u0259l\u0259ndiricisi onlar\u0131n \u00f6z h\u00fcquqlar\u0131n\u0131n qorunmas\u0131nda q\u0259tiyy\u0259tli olduqlar\u0131n\u0131 diqq\u0259t\u0259 \u00e7atd\u0131r\u0131b. Onun s\u00f6zl\u0259rin\u0259 g\u00f6r\u0259, g\u0259nc q\u0131zlar\u0131n t\u0259hsili v\u0259 m\u0259\u015f\u011fullu\u011funun art\u0131r\u0131lmas\u0131 vacib m\u0259s\u0259l\u0259l\u0259rd\u0259ndir.<\/p>\n<p>Az\u0259rbaycan Respublikas\u0131n\u0131n \u0130nsan H\u00fcquqlar\u0131 \u00fczr\u0259\u00a0 M\u00fcv\u0259kkili (Ombudsman) S\u0259bin\u0259\u00a0 \u018fliyeva diqq\u0259t\u0259 \u00e7atd\u0131r\u0131b ki , Birinci Qaraba\u011f m\u00fcharib\u0259si n\u0259tic\u0259sind\u0259 qa\u00e7q\u0131n v\u0259 m\u0259cburi k\u00f6\u00e7k\u00fcn d\u00fc\u015fm\u00fc\u015f bir milyona yax\u0131n soyda\u015f\u0131m\u0131z\u0131n 52 faizini qad\u0131nlar t\u0259\u015fkil edib. M\u00fcharib\u0259 d\u00f6vr\u00fcnd\u0259 itkin d\u00fc\u015fm\u00fc\u015f 4 min\u0259 yax\u0131n soyda\u015f\u0131m\u0131zdan 267 n\u0259f\u0259ri qad\u0131nd\u0131r. Z\u0259f\u0259rimizin qazan\u0131lmas\u0131nda \u015f\u0259hid olan V\u0259t\u0259n \u00f6vladlar\u0131n\u0131n analar\u0131na borclu oldu\u011fumuzu bildir\u0259n ombudsman qad\u0131nlar\u0131n h\u0259ssas t\u0259b\u0259q\u0259d\u0259n olan qrup kimi m\u00fcharib\u0259d\u0259 a\u011f\u0131r i\u015fg\u0259nc\u0259l\u0259r\u0259 m\u0259ruz qald\u0131\u011f\u0131n\u0131 deyib.<\/p>\n<p>\u201cBu bir h\u0259qiq\u0259tdir ki, ba\u015f ver\u0259n b\u00fct\u00fcn silahl\u0131 m\u00fcnaqi\u015f\u0259l\u0259r, m\u00fcharib\u0259l\u0259r, t\u0259bii f\u0259lak\u0259tl\u0259r zaman\u0131 \u0259n b\u00f6y\u00fck \u00e7\u0259tinlik m\u0259hz h\u0259ssas t\u0259b\u0259q\u0259l\u0259r kimi qad\u0131n v\u0259 u\u015faqlar\u0131n \u00fcz\u0259rin\u0259 d\u00fc\u015f\u00fcr. Bu m\u0259nada h\u0259m Birinci v\u0259 \u0130kinci Qaraba\u011f m\u00fcharib\u0259l\u0259ri ill\u0259rind\u0259, h\u0259m 30 illik i\u015f\u011fal d\u00f6vr\u00fcnd\u0259, haz\u0131rda is\u0259 azad olunmu\u015f \u0259razil\u0259rimizd\u0259 apar\u0131lan geni\u015f b\u0259rpa-quruculuq prosesind\u0259 Az\u0259rbaycan qad\u0131nlar\u0131 \u00f6z missiyas\u0131n\u0131 layiqinc\u0259 yerin\u0259 yetiribl\u0259r v\u0259 yetirirl\u0259r. T\u0259bii ki, qad\u0131nlar\u0131m\u0131z bu i\u015fl\u0259rin h\u0259yata ke\u00e7irilm\u0259sind\u0259 Prezident \u0130lham \u018fliyevin v\u0259 Birinci vitse-prezident Mehriban xan\u0131m \u018fliyevan\u0131n m\u0259n\u0259vi d\u0259st\u0259yini h\u0259r zaman hiss edibl\u0259r\u201d, &#8211; dey\u0259 S\u0259bin\u0259 \u018fliyeva bildirib.<\/p>\n<p>Ombudsman \u0259lav\u0259 edib ki, Az\u0259rbaycan Prezidentinin r\u0259hb\u0259rliyi il\u0259 u\u011furla h\u0259yata ke\u00e7iril\u0259n d\u00f6vl\u0259t qad\u0131n siyas\u0259tinin realla\u015fmas\u0131na v\u0259 gender b\u0259rab\u0259rliyinin t\u0259min olunmas\u0131na birinci xan\u0131m Mehriban xan\u0131m \u018fliyeva t\u0259r\u0259find\u0259n davaml\u0131 \u015f\u0259kild\u0259 d\u0259st\u0259k verilm\u0259si Az\u0259rbaycan qad\u0131nlar\u0131n\u0131n ictimai-siyasi h\u0259yatda rolunun daha da art\u0131r\u0131lmas\u0131na \u00f6z m\u00fcsb\u0259t t\u0259sirini g\u00f6st\u0259rir.<\/p>\n<p>Tacikistan\u00a0 Respublikas\u0131n\u0131n\u00a0 \u0259m\u0259k, miqrasiya v\u0259 m\u0259\u015f\u011fulluq nazirinin m\u00fcavini\u00a0 Nodiri \u015eaxnoza Anvar, Beyn\u0259lxalq\u00a0 T\u00fcrk M\u0259d\u0259niyy\u0259ti v\u0259 \u0130rsi Fondunun prezidenti G\u00fcnay\u00a0 \u018ff\u0259ndiyeva \u00e7\u0131x\u0131\u015flar\u0131nda,\u00a0 el\u0259c\u0259 d\u0259 BMT-nin Qad\u0131nlara\u00a0 qar\u015f\u0131\u00a0 ayr\u0131-se\u00e7kiliyin l\u0259\u011fv olunmas\u0131 \u00fczr\u0259 Komit\u0259sinin s\u0259dri Ana Pelaez Narvas video-t\u0259brikind\u0259 qurultay\u0131n i\u015fin\u0259 u\u011furlar arzulay\u0131b, onun \u0259h\u0259miyy\u0259tind\u0259n s\u00f6z a\u00e7\u0131blar. \u00c7\u0131x\u0131\u015f\u00e7\u0131lar \u00a0c\u0259miyy\u0259td\u0259 qad\u0131n h\u0259mr\u0259yliyin\u0259 h\u0259r zaman ehtiyac oldu\u011funu dey\u0259r\u0259k Az\u0259rbaycanda qad\u0131nlar\u0131n d\u00f6vl\u0259t strukturlar\u0131nda i\u015ftirak\u0131na geni\u015f imkanlar\u0131n yarad\u0131ld\u0131\u011f\u0131n\u0131 bildirib v\u0259 ulu \u00f6nd\u0259r Heyd\u0259r \u018fliyevin t\u0259m\u0259lini qoydu\u011fu bu siyas\u0259ti haz\u0131rda Prezident \u0130lham \u018fliyevin davam etdirdiyini diqq\u0259t\u0259 \u00e7atd\u0131r\u0131blar.<\/p>\n<p>Qurultay \u201cUlu \u00d6nd\u0259r Heyd\u0259r \u018fliyevin \u0259sas missiyas\u0131: B\u00f6y\u00fck Qay\u0131d\u0131\u015f\u201d, \u201cGender m\u0259s\u0259l\u0259l\u0259ri h\u00fcquqi m\u00fcst\u0259vid\u0259: \u201cM\u00f6vcud v\u0259ziyy\u0259t, qar\u015f\u0131da duran m\u0259s\u0259l\u0259l\u0259r\u201d, \u201cSosial-iqtisadi islahatlar\u0131n gender aspektl\u0259ri. Formal v\u0259 qeyri-formal m\u0259\u015f\u011fulluqda qad\u0131n t\u0259msil\u00e7iliyi\u201d, \u201cQad\u0131n h\u00fcquqlar\u0131n\u0131n h\u0259yata ke\u00e7irilm\u0259sind\u0259 \u00e7a\u011f\u0131r\u0131\u015flar v\u0259 qlobal tendensiyalar\u201d m\u00f6vzular\u0131 \u00fczr\u0259 4 paneld\u0259 i\u015fini davam etdirib.<\/p>\n<p>T\u00fcrkiy\u0259, \u00d6zb\u0259kistan v\u0259 Tacikistan Respublikalar\u0131n\u0131n d\u00f6vl\u0259t r\u0259smil\u0259rinin d\u0259 qat\u0131ld\u0131qlar\u0131 qurultayda mill\u0259t v\u0259kill\u0259ri, d\u00f6vl\u0259t v\u0259 qeyri-h\u00f6kum\u0259t, el\u0259c\u0259 d\u0259 beyn\u0259lxalq t\u0259\u015fkilatlar\u0131n v\u0259 xarici d\u00f6vl\u0259tl\u0259rin \u00f6lk\u0259mizd\u0259ki s\u0259firlikl\u0259rinin, o c\u00fcml\u0259d\u0259n respublikan\u0131n b\u00fct\u00fcn regionlar\u0131ndan n\u00fcmay\u0259nd\u0259l\u0259r, g\u00f6rk\u0259mli ictimai-siyasi xadiml\u0259r i\u015ftirak ed\u0259c\u0259k, qeyd edil\u0259n m\u0259s\u0259l\u0259l\u0259ri m\u00fczakir\u0259 ed\u0259r\u0259k, t\u0259klifl\u0259rini diqq\u0259t\u0259 \u00e7atd\u0131r\u0131blar.<\/p>\n<p>Yekunda m\u00fczakir\u0259 v\u0259 t\u0259klifl\u0259r \u0259sas\u0131nda q\u0259tnam\u0259 q\u0259bul olunub v\u0259 Az\u0259rbaycan qad\u0131nlar\u0131n\u0131n Prezident\u0259 m\u00fcraci\u0259ti s\u0259sl\u0259ndirilib.<\/p>\n<p>Ail\u0259, Qad\u0131n v\u0259 U\u015faq Probleml\u0259ri \u00fczr\u0259 D\u00f6vl\u0259t Komit\u0259sinin s\u0259dri\u00a0 Bahar Muradova qurultaya yekun vurub .<\/p>\n<p>B\u0259dii proqramdan sonra qurultay \u00f6z i\u015fini ba\u015fa \u00e7atd\u0131r\u0131b.<\/p>\n<p><strong>Yaqut A\u011fa\u015fahq\u0131z\u0131,<\/strong>\u00a0<em>\u201c\u0130ki sahil\u201d<\/em><\/p>\n<div class=\"clearfix\"><\/div>\n<\/div>\n<div id=\"galleryList\" class=\"fotorama\" data-nav=\"thumbs\" data-width=\"100%\" data-thumbwidth=\"90\" data-thumbheight=\"60\" data-allowfullscreen=\"true\" data-autoplay=\"3000\" data-ratio=\"1.5\" data-keyboard=\"true\" data-fit=\"contain\"><img src=\"https:\/\/ikisahil.az\/photo\/0x0_2\/upload\/gallery\/2023\/10\/19\/-8ab70731169772727945184542710677590.jpg\" alt=\"\" data-thumb=\"\/photo\/150x100_2\/upload\/gallery\/2023\/10\/19\/-8ab70731169772727945184542710677590.jpg\" \/><\/div>\n<div class=\"sharing my-2 row no-gutters d-print-none\"><\/div>\n<div class=\"d-none d-sm-block\"><\/div>\n<\/section>\n<section id=\"new_block_2\" class=\"mt-3 d-print-none\">\n<div class=\"row\">\n<div class=\"col-md-12\"><\/div>\n<\/div>\n<\/section>\n","protected":false},"excerpt":{"rendered":"<p>Bahar Muradova: Az\u0259rbaycan analar\u0131 f\u0259dakarl\u0131qlar\u0131n\u0131 V\u0259t\u0259n m\u00fcharib\u0259si d\u00f6vr\u00fcnd\u0259 b\u00fct\u00fcn d\u00fcnyaya n\u00fcmayi\u015f etdirdil\u0259r Oktyabr\u0131n 19-da Bak\u0131da Az\u0259rbaycan Qad\u0131nlar\u0131n\u0131n VI Qurultay\u0131 ke\u00e7irilib. Qurultay \u00f6lk\u0259mizd\u0259 qad\u0131n h\u0259r\u0259kat\u0131n\u0131n \u0259sas\u0131n\u0131 qoymu\u015f \u00dcmummilli Lider Heyd\u0259r \u018fliyevin 100 illik yubileyi, eyni zamanda, m\u00fcst\u0259qil Az\u0259rbaycan\u0131n ilk Qad\u0131n Qurultay\u0131n\u0131n 25 illiyi m\u00fcnasib\u0259til\u0259 t\u0259\u015fkil edilib. T\u0259dbird\u0259 paytaxt v\u0259 b\u00f6lg\u0259l\u0259rd\u0259n 600-\u0259 yax\u0131n qad\u0131n \u00a0n\u00fcmay\u0259nd\u0259 i\u015ftirak edib. Az\u0259rbaycan Qad\u0131nlar\u0131n\u0131n VI Qurultay\u0131n\u0131n i\u015ftirak\u00e7\u0131lar\u0131 F\u0259xri xiyabana g\u0259l\u0259r\u0259k, Az\u0259rbaycan xalq\u0131n\u0131n \u00dcmummilli Lideri, m\u00fcasir m\u00fcst\u0259qil Az\u0259rbaycan d\u00f6vl\u0259tinin memar\u0131 v\u0259 qurucusu Heyd\u0259r \u018fliyevin xatir\u0259sini ehtiramla yad ed\u0259r\u0259k m\u0259zar\u0131 \u00f6n\u00fcn\u0259 \u0259klil qoyub, g\u00fcl d\u0259st\u0259l\u0259ri d\u00fcz\u00fcbl\u0259r. H\u0259m\u00e7inin \u00dcmummilli Liderin&hellip;<\/p>\n","protected":false},"author":2,"featured_media":647594,"comment_status":"closed","ping_status":"closed","sticky":false,"template":"","format":"standard","meta":{"om_disable_all_campaigns":false,"_monsterinsights_skip_tracking":false,"_monsterinsights_sitenote_active":false,"_monsterinsights_sitenote_note":"","_monsterinsights_sitenote_category":0},"categories":[26],"tags":[],"aioseo_notices":[],"gutentor_comment":0,"rttpg_featured_image_url":{"full":["https:\/\/arantv.az\/wp-content\/uploads\/2023\/10\/a2ce8f17169772722412767953410406013.jpg",975,540,false],"landscape":["https:\/\/arantv.az\/wp-content\/uploads\/2023\/10\/a2ce8f17169772722412767953410406013.jpg",975,540,false],"portraits":["https:\/\/arantv.az\/wp-content\/uploads\/2023\/10\/a2ce8f17169772722412767953410406013.jpg",975,540,false],"thumbnail":["https:\/\/arantv.az\/wp-content\/uploads\/2023\/10\/a2ce8f17169772722412767953410406013-500x280.jpg",500,280,true],"medium":["https:\/\/arantv.az\/wp-content\/uploads\/2023\/10\/a2ce8f17169772722412767953410406013-660x365.jpg",660,365,true],"large":["https:\/\/arantv.az\/wp-content\/uploads\/2023\/10\/a2ce8f17169772722412767953410406013-840x465.jpg",640,354,true],"1536x1536":["https:\/\/arantv.az\/wp-content\/uploads\/2023\/10\/a2ce8f17169772722412767953410406013.jpg",975,540,false],"2048x2048":["https:\/\/arantv.az\/wp-content\/uploads\/2023\/10\/a2ce8f17169772722412767953410406013.jpg",975,540,false],"post-thumbnail":["https:\/\/arantv.az\/wp-content\/uploads\/2023\/10\/a2ce8f17169772722412767953410406013-240x172.jpg",240,172,true],"advps-thumb-one":["https:\/\/arantv.az\/wp-content\/uploads\/2023\/10\/a2ce8f17169772722412767953410406013.jpg",975,540,false]},"rttpg_author":{"display_name":"V\u00fcsal Rafiqo\u011flu","author_link":"https:\/\/arantv.az\/?author=2"},"rttpg_comment":0,"rttpg_category":"<a href=\"https:\/\/arantv.az\/?cat=26\" rel=\"category\">Sosial<\/a>","rttpg_excerpt":"Bahar Muradova: Az\u0259rbaycan analar\u0131 f\u0259dakarl\u0131qlar\u0131n\u0131 V\u0259t\u0259n m\u00fcharib\u0259si d\u00f6vr\u00fcnd\u0259 b\u00fct\u00fcn d\u00fcnyaya n\u00fcmayi\u015f etdirdil\u0259r Oktyabr\u0131n 19-da Bak\u0131da Az\u0259rbaycan Qad\u0131nlar\u0131n\u0131n VI Qurultay\u0131 ke\u00e7irilib. Qurultay \u00f6lk\u0259mizd\u0259 qad\u0131n h\u0259r\u0259kat\u0131n\u0131n \u0259sas\u0131n\u0131 qoymu\u015f \u00dcmummilli Lider Heyd\u0259r \u018fliyevin 100 illik yubileyi, eyni zamanda, m\u00fcst\u0259qil Az\u0259rbaycan\u0131n ilk Qad\u0131n Qurultay\u0131n\u0131n 25 illiyi m\u00fcnasib\u0259til\u0259 t\u0259\u015fkil edilib. T\u0259dbird\u0259 paytaxt v\u0259 b\u00f6lg\u0259l\u0259rd\u0259n 600-\u0259 yax\u0131n qad\u0131n \u00a0n\u00fcmay\u0259nd\u0259 i\u015ftirak edib.&hellip;","_links":{"self":[{"href":"https:\/\/arantv.az\/index.php?rest_route=\/wp\/v2\/posts\/647593"}],"collection":[{"href":"https:\/\/arantv.az\/index.php?rest_route=\/wp\/v2\/posts"}],"about":[{"href":"https:\/\/arantv.az\/index.php?rest_route=\/wp\/v2\/types\/post"}],"author":[{"embeddable":true,"href":"https:\/\/arantv.az\/index.php?rest_route=\/wp\/v2\/users\/2"}],"replies":[{"embeddable":true,"href":"https:\/\/arantv.az\/index.php?rest_route=%2Fwp%2Fv2%2Fcomments&post=647593"}],"version-history":[{"count":0,"href":"https:\/\/arantv.az\/index.php?rest_route=\/wp\/v2\/posts\/647593\/revisions"}],"wp:featuredmedia":[{"embeddable":true,"href":"https:\/\/arantv.az\/index.php?rest_route=\/wp\/v2\/media\/647594"}],"wp:attachment":[{"href":"https:\/\/arantv.az\/index.php?rest_route=%2Fwp%2Fv2%2Fmedia&parent=647593"}],"wp:term":[{"taxonomy":"category","embeddable":true,"href":"https:\/\/arantv.az\/index.php?rest_route=%2Fwp%2Fv2%2Fcategories&post=647593"},{"taxonomy":"post_tag","embeddable":true,"href":"https:\/\/arantv.az\/index.php?rest_route=%2Fwp%2Fv2%2Ftags&post=647593"}],"curies":[{"name":"wp","href":"https:\/\/api.w.org\/{rel}","templated":true}]}}