{"id":647599,"date":"2023-10-19T21:12:56","date_gmt":"2023-10-19T17:12:56","guid":{"rendered":"https:\/\/arantv.az\/?p=647599"},"modified":"2023-10-19T21:12:56","modified_gmt":"2023-10-19T17:12:56","slug":"mastagada-50-il%c9%99-tikil%c9%99n-erm%c9%99nil%c9%99rin-d%c9%99-paylasdigi-evd%c9%99n-reportaj-video","status":"publish","type":"post","link":"https:\/\/arantv.az\/?p=647599","title":{"rendered":"Ma\u015fta\u011fada 50 il\u0259 tikil\u0259n, erm\u0259nil\u0259rin d\u0259 payla\u015fd\u0131\u011f\u0131 evd\u0259n REPORTAJ &#8211; V\u0130DEO"},"content":{"rendered":"<article class=\"news\">\n<div class=\"news-inner\">\n<p>Baku TV-d\u0259 yay\u0131mlanan \u201cArzunun vaxt\u0131\u201d verili\u015finin yeni burax\u0131l\u0131\u015f\u0131 efir\u0259 gedib.<\/p>\n<p>Verili\u015fin apar\u0131c\u0131s\u0131 Arzu K\u0259lbi Ma\u015fta\u011fa k\u0259ndind\u0259ki m\u0259\u015fhur evin sahibi Eldar Qas\u0131movun qona\u011f\u0131 olub.<\/p>\n<p>Qala formas\u0131nda tikil\u0259n evin v\u0259 h\u0259y\u0259tin \u0259rs\u0259y\u0259 g\u0259lm\u0259si \u00fc\u00e7\u00fcn 50 il\u0259 yax\u0131n vaxt s\u0259rf etdiyini dey\u0259n E.Qas\u0131movun s\u00f6zl\u0259rin\u0259 g\u00f6r\u0259, bunun \u00fc\u00e7\u00fcn \u00f6lk\u0259nin m\u00fcxt\u0259lif yerl\u0259rind\u0259n da\u015flar toplay\u0131b.<\/p>\n<p>\u201cM\u0259n\u0259 \u201cDa\u015f adam\u201d deyirl\u0259r. Hans\u0131 rayona getmi\u015f\u0259ms\u0259, oradan da\u015f g\u0259tirmi\u015f\u0259m. He\u00e7 birin\u0259 pul verm\u0259mi\u015f\u0259m\u201d, &#8211;\u00a0o s\u00f6yl\u0259yib.<\/p>\n<p>O, \u015eu\u015fa qalas\u0131na b\u0259nz\u0259rliyi il\u0259 se\u00e7il\u0259n evd\u0259 dal\u011falanan Az\u0259rbaycan v\u0259 T\u00fcrkiy\u0259 bayraqlar\u0131n\u0131n V\u0259t\u0259n m\u00fcharib\u0259si zaman\u0131 erm\u0259nil\u0259ri \u00e7a\u015fd\u0131rmas\u0131ndan da b\u0259hs edib:<\/p>\n<p>\u201cBu bayraqlar erm\u0259nil\u0259r\u0259 g\u00f6zda\u011f\u0131 oldu. \u015eu\u015fa i\u015f\u011faldan azad olunan g\u00fcn erm\u0259nil\u0259r bu qalan\u0131 g\u00f6st\u0259rdil\u0259r\u201d.<\/p>\n<p>\u018ftrafl\u0131 s\u00fcjetd\u0259:<\/p>\n<div><iframe loading=\"lazy\" title=\"YouTube video player\" src=\"https:\/\/www.youtube.com\/embed\/tBDl96rPsPA?si=WEjz-2DXeP5kw7hp\" width=\"560\" height=\"315\" frameborder=\"0\" allowfullscreen=\"allowfullscreen\" data-mce-fragment=\"1\"><\/iframe><\/div>\n<\/div>\n<\/article>\n","protected":false},"excerpt":{"rendered":"<p>Baku TV-d\u0259 yay\u0131mlanan \u201cArzunun vaxt\u0131\u201d verili\u015finin yeni burax\u0131l\u0131\u015f\u0131 efir\u0259 gedib. Verili\u015fin apar\u0131c\u0131s\u0131 Arzu K\u0259lbi Ma\u015fta\u011fa k\u0259ndind\u0259ki m\u0259\u015fhur evin sahibi Eldar Qas\u0131movun qona\u011f\u0131 olub. Qala formas\u0131nda tikil\u0259n evin v\u0259 h\u0259y\u0259tin \u0259rs\u0259y\u0259 g\u0259lm\u0259si \u00fc\u00e7\u00fcn 50 il\u0259 yax\u0131n vaxt s\u0259rf etdiyini dey\u0259n E.Qas\u0131movun s\u00f6zl\u0259rin\u0259 g\u00f6r\u0259, bunun \u00fc\u00e7\u00fcn \u00f6lk\u0259nin m\u00fcxt\u0259lif yerl\u0259rind\u0259n da\u015flar toplay\u0131b. \u201cM\u0259n\u0259 \u201cDa\u015f adam\u201d deyirl\u0259r. Hans\u0131 rayona getmi\u015f\u0259ms\u0259, oradan da\u015f g\u0259tirmi\u015f\u0259m. He\u00e7 birin\u0259 pul verm\u0259mi\u015f\u0259m\u201d, &#8211;\u00a0o s\u00f6yl\u0259yib. O, \u015eu\u015fa qalas\u0131na b\u0259nz\u0259rliyi il\u0259 se\u00e7il\u0259n evd\u0259 dal\u011falanan Az\u0259rbaycan v\u0259 T\u00fcrkiy\u0259 bayraqlar\u0131n\u0131n V\u0259t\u0259n m\u00fcharib\u0259si zaman\u0131 erm\u0259nil\u0259ri \u00e7a\u015fd\u0131rmas\u0131ndan da b\u0259hs edib: \u201cBu bayraqlar erm\u0259nil\u0259r\u0259 g\u00f6zda\u011f\u0131 oldu.&hellip;<\/p>\n","protected":false},"author":2,"featured_media":647603,"comment_status":"closed","ping_status":"closed","sticky":false,"template":"","format":"standard","meta":{"om_disable_all_campaigns":false,"_monsterinsights_skip_tracking":false,"_monsterinsights_sitenote_active":false,"_monsterinsights_sitenote_note":"","_monsterinsights_sitenote_category":0},"categories":[1],"tags":[],"aioseo_notices":[],"gutentor_comment":0,"rttpg_featured_image_url":{"full":["https:\/\/arantv.az\/wp-content\/uploads\/2023\/10\/Screenshot-2023-10-19-204224.jpg",620,413,false],"landscape":["https:\/\/arantv.az\/wp-content\/uploads\/2023\/10\/Screenshot-2023-10-19-204224.jpg",620,413,false],"portraits":["https:\/\/arantv.az\/wp-content\/uploads\/2023\/10\/Screenshot-2023-10-19-204224.jpg",620,413,false],"thumbnail":["https:\/\/arantv.az\/wp-content\/uploads\/2023\/10\/Screenshot-2023-10-19-204224-500x280.jpg",500,280,true],"medium":["https:\/\/arantv.az\/wp-content\/uploads\/2023\/10\/Screenshot-2023-10-19-204224-548x365.jpg",548,365,true],"large":["https:\/\/arantv.az\/wp-content\/uploads\/2023\/10\/Screenshot-2023-10-19-204224.jpg",620,413,false],"1536x1536":["https:\/\/arantv.az\/wp-content\/uploads\/2023\/10\/Screenshot-2023-10-19-204224.jpg",620,413,false],"2048x2048":["https:\/\/arantv.az\/wp-content\/uploads\/2023\/10\/Screenshot-2023-10-19-204224.jpg",620,413,false],"post-thumbnail":["https:\/\/arantv.az\/wp-content\/uploads\/2023\/10\/Screenshot-2023-10-19-204224-240x172.jpg",240,172,true],"advps-thumb-one":["https:\/\/arantv.az\/wp-content\/uploads\/2023\/10\/Screenshot-2023-10-19-204224.jpg",620,413,false]},"rttpg_author":{"display_name":"V\u00fcsal Rafiqo\u011flu","author_link":"https:\/\/arantv.az\/?author=2"},"rttpg_comment":0,"rttpg_category":"<a href=\"https:\/\/arantv.az\/?cat=1\" rel=\"category\">C\u0259miyy\u0259t<\/a>","rttpg_excerpt":"Baku TV-d\u0259 yay\u0131mlanan \u201cArzunun vaxt\u0131\u201d verili\u015finin yeni burax\u0131l\u0131\u015f\u0131 efir\u0259 gedib. Verili\u015fin apar\u0131c\u0131s\u0131 Arzu K\u0259lbi Ma\u015fta\u011fa k\u0259ndind\u0259ki m\u0259\u015fhur evin sahibi Eldar Qas\u0131movun qona\u011f\u0131 olub. Qala formas\u0131nda tikil\u0259n evin v\u0259 h\u0259y\u0259tin \u0259rs\u0259y\u0259 g\u0259lm\u0259si \u00fc\u00e7\u00fcn 50 il\u0259 yax\u0131n vaxt s\u0259rf etdiyini dey\u0259n E.Qas\u0131movun s\u00f6zl\u0259rin\u0259 g\u00f6r\u0259, bunun \u00fc\u00e7\u00fcn \u00f6lk\u0259nin m\u00fcxt\u0259lif yerl\u0259rind\u0259n da\u015flar toplay\u0131b. \u201cM\u0259n\u0259 \u201cDa\u015f adam\u201d deyirl\u0259r. Hans\u0131 rayona&hellip;","_links":{"self":[{"href":"https:\/\/arantv.az\/index.php?rest_route=\/wp\/v2\/posts\/647599"}],"collection":[{"href":"https:\/\/arantv.az\/index.php?rest_route=\/wp\/v2\/posts"}],"about":[{"href":"https:\/\/arantv.az\/index.php?rest_route=\/wp\/v2\/types\/post"}],"author":[{"embeddable":true,"href":"https:\/\/arantv.az\/index.php?rest_route=\/wp\/v2\/users\/2"}],"replies":[{"embeddable":true,"href":"https:\/\/arantv.az\/index.php?rest_route=%2Fwp%2Fv2%2Fcomments&post=647599"}],"version-history":[{"count":0,"href":"https:\/\/arantv.az\/index.php?rest_route=\/wp\/v2\/posts\/647599\/revisions"}],"wp:featuredmedia":[{"embeddable":true,"href":"https:\/\/arantv.az\/index.php?rest_route=\/wp\/v2\/media\/647603"}],"wp:attachment":[{"href":"https:\/\/arantv.az\/index.php?rest_route=%2Fwp%2Fv2%2Fmedia&parent=647599"}],"wp:term":[{"taxonomy":"category","embeddable":true,"href":"https:\/\/arantv.az\/index.php?rest_route=%2Fwp%2Fv2%2Fcategories&post=647599"},{"taxonomy":"post_tag","embeddable":true,"href":"https:\/\/arantv.az\/index.php?rest_route=%2Fwp%2Fv2%2Ftags&post=647599"}],"curies":[{"name":"wp","href":"https:\/\/api.w.org\/{rel}","templated":true}]}}