{"id":647609,"date":"2023-10-20T09:11:23","date_gmt":"2023-10-20T05:11:23","guid":{"rendered":"https:\/\/arantv.az\/?p=647609"},"modified":"2023-10-20T09:11:23","modified_gmt":"2023-10-20T05:11:23","slug":"lacin-sakini-yurduma-qayitdigima-gor%c9%99-cox-h%c9%99y%c9%99canliyam","status":"publish","type":"post","link":"https:\/\/arantv.az\/?p=647609","title":{"rendered":"La\u00e7\u0131n sakini: \u201cYurduma qay\u0131td\u0131\u011f\u0131ma g\u00f6r\u0259 \u00e7ox h\u0259y\u0259canl\u0131yam\u201d"},"content":{"rendered":"<p>\u201cYurduma qay\u0131td\u0131\u011f\u0131ma g\u00f6r\u0259 \u00e7ox h\u0259y\u0259canl\u0131yam\u201d.<\/p>\n<p>Bu s\u00f6zl\u0259ri \u201cReport\u201da 31 ild\u0259n sonra La\u00e7\u0131na qay\u0131dan ke\u00e7mi\u015f m\u0259cburi k\u00f6\u00e7k\u00fcn \u018fli \u018fliyev deyib.<\/p>\n<p>\u201cLa\u00e7\u0131n rayonunu 1992-ci il may\u0131n 5-d\u0259 t\u0259rk etm\u0259y\u0259 m\u0259cbur oldum. La\u00e7\u0131n\u0131 m\u0259cburi t\u0259rk ed\u0259nd\u0259 g\u0259ldiyim insanlar\u0131n b\u0259zil\u0259ri d\u00fcnyadan k\u00f6\u00e7\u00fcb, ata-anam v\u0259fat edibl\u0259r. Ail\u0259mi itirmi\u015f\u0259m.<\/p>\n<p>Otuz bir il sonra, 76 ya\u015f\u0131mda La\u00e7\u0131na qay\u0131d\u0131ram. Xo\u015f h\u0259y\u0259can hissi ke\u00e7irir\u0259m. \u015e\u0259h\u0259ri x\u0259yal\u0131mdan ke\u00e7irir\u0259m. Otuz il bundan \u0259vv\u0259lki La\u00e7\u0131n hara, indiki La\u00e7\u0131n hara!<\/p>\n<p>Bu g\u00fcn\u00fc biz\u0259 ya\u015fatd\u0131\u011f\u0131na g\u00f6r\u0259 m\u00f6ht\u0259r\u0259m Prezidentimiz\u00a0<strong>\u0130lham \u018fliyev\u0259\u00a0<\/strong>t\u0259\u015f\u0259kk\u00fcr edir\u0259m. \u00c7ox sa\u011f olsun ki, biz\u0259 bu \u015f\u0259raiti yarad\u0131b. Yurdumuza qay\u0131d\u0131r\u0131q. Xo\u015f h\u0259y\u0259can hissi ke\u00e7irir\u0259m\u201d.<\/p>\n<p>Qeyd ed\u0259k ki, Az\u0259rbaycan Respublikas\u0131n\u0131n Prezidenti \u0130lham \u018fliyevin tap\u015f\u0131r\u0131\u011f\u0131na uy\u011fun olaraq, yenid\u0259n qurulan La\u00e7\u0131n \u015f\u0259h\u0259rin\u0259 ke\u00e7mi\u015f m\u0259cburi k\u00f6\u00e7k\u00fcnl\u0259rin qay\u0131d\u0131\u015f\u0131 davam edir. Oktyabr\u0131n 20-d\u0259 n\u00f6vb\u0259ti k\u00f6\u00e7 karvan\u0131 Bak\u0131 \u015f\u0259h\u0259rinin Qarada\u011f rayonundak\u0131 \u201cQobu Park-3\u201d ya\u015fay\u0131\u015f kompleksind\u0259n yola sal\u0131n\u0131b. Bu m\u0259rh\u0259l\u0259d\u0259 La\u00e7\u0131n \u015f\u0259h\u0259rin\u0259 daha 23 ail\u0259 &#8211; 83 n\u0259f\u0259r k\u00f6\u00e7\u00fcr\u00fcl\u00fcb.<\/p>\n<p>K\u00f6\u00e7\u00fcr\u00fcl\u0259n ail\u0259l\u0259r La\u00e7\u0131n \u015f\u0259h\u0259rind\u0259 vaxtil\u0259 ya\u015fad\u0131qlar\u0131, i\u015f\u011fala son qoyulduqdan sonra d\u00f6vl\u0259timizin ba\u015f\u00e7\u0131s\u0131n\u0131n g\u00f6st\u0259ri\u015fi \u0259sas\u0131nda b\u0259rpa edil\u0259n v\u0259 ya yenid\u0259n tikil\u0259n evl\u0259rd\u0259 m\u0259skunla\u015facaqlar.<\/p>\n<p>Bununla da La\u00e7\u0131n \u015f\u0259h\u0259rind\u0259 295 ail\u0259, y\u0259ni 1 135 n\u0259f\u0259rin daimi m\u0259skunla\u015fmas\u0131 t\u0259min edilib.<\/p>\n","protected":false},"excerpt":{"rendered":"<p>\u201cYurduma qay\u0131td\u0131\u011f\u0131ma g\u00f6r\u0259 \u00e7ox h\u0259y\u0259canl\u0131yam\u201d. Bu s\u00f6zl\u0259ri \u201cReport\u201da 31 ild\u0259n sonra La\u00e7\u0131na qay\u0131dan ke\u00e7mi\u015f m\u0259cburi k\u00f6\u00e7k\u00fcn \u018fli \u018fliyev deyib. \u201cLa\u00e7\u0131n rayonunu 1992-ci il may\u0131n 5-d\u0259 t\u0259rk etm\u0259y\u0259 m\u0259cbur oldum. La\u00e7\u0131n\u0131 m\u0259cburi t\u0259rk ed\u0259nd\u0259 g\u0259ldiyim insanlar\u0131n b\u0259zil\u0259ri d\u00fcnyadan k\u00f6\u00e7\u00fcb, ata-anam v\u0259fat edibl\u0259r. Ail\u0259mi itirmi\u015f\u0259m. Otuz bir il sonra, 76 ya\u015f\u0131mda La\u00e7\u0131na qay\u0131d\u0131ram. Xo\u015f h\u0259y\u0259can hissi ke\u00e7irir\u0259m. \u015e\u0259h\u0259ri x\u0259yal\u0131mdan ke\u00e7irir\u0259m. Otuz il bundan \u0259vv\u0259lki La\u00e7\u0131n hara, indiki La\u00e7\u0131n hara! Bu g\u00fcn\u00fc biz\u0259 ya\u015fatd\u0131\u011f\u0131na g\u00f6r\u0259 m\u00f6ht\u0259r\u0259m Prezidentimiz\u00a0\u0130lham \u018fliyev\u0259\u00a0t\u0259\u015f\u0259kk\u00fcr edir\u0259m. \u00c7ox sa\u011f olsun ki, biz\u0259 bu \u015f\u0259raiti yarad\u0131b. Yurdumuza qay\u0131d\u0131r\u0131q. Xo\u015f h\u0259y\u0259can hissi ke\u00e7irir\u0259m\u201d.&hellip;<\/p>\n","protected":false},"author":2,"featured_media":647614,"comment_status":"closed","ping_status":"closed","sticky":false,"template":"","format":"standard","meta":{"om_disable_all_campaigns":false,"_monsterinsights_skip_tracking":false,"_monsterinsights_sitenote_active":false,"_monsterinsights_sitenote_note":"","_monsterinsights_sitenote_category":0},"categories":[1],"tags":[],"aioseo_notices":[],"gutentor_comment":0,"rttpg_featured_image_url":{"full":["https:\/\/arantv.az\/wp-content\/uploads\/2023\/10\/FotoJet-1-15.jpg",620,413,false],"landscape":["https:\/\/arantv.az\/wp-content\/uploads\/2023\/10\/FotoJet-1-15.jpg",620,413,false],"portraits":["https:\/\/arantv.az\/wp-content\/uploads\/2023\/10\/FotoJet-1-15.jpg",620,413,false],"thumbnail":["https:\/\/arantv.az\/wp-content\/uploads\/2023\/10\/FotoJet-1-15-500x280.jpg",500,280,true],"medium":["https:\/\/arantv.az\/wp-content\/uploads\/2023\/10\/FotoJet-1-15-548x365.jpg",548,365,true],"large":["https:\/\/arantv.az\/wp-content\/uploads\/2023\/10\/FotoJet-1-15.jpg",620,413,false],"1536x1536":["https:\/\/arantv.az\/wp-content\/uploads\/2023\/10\/FotoJet-1-15.jpg",620,413,false],"2048x2048":["https:\/\/arantv.az\/wp-content\/uploads\/2023\/10\/FotoJet-1-15.jpg",620,413,false],"post-thumbnail":["https:\/\/arantv.az\/wp-content\/uploads\/2023\/10\/FotoJet-1-15-240x172.jpg",240,172,true],"advps-thumb-one":["https:\/\/arantv.az\/wp-content\/uploads\/2023\/10\/FotoJet-1-15.jpg",620,413,false]},"rttpg_author":{"display_name":"V\u00fcsal Rafiqo\u011flu","author_link":"https:\/\/arantv.az\/?author=2"},"rttpg_comment":0,"rttpg_category":"<a href=\"https:\/\/arantv.az\/?cat=1\" rel=\"category\">C\u0259miyy\u0259t<\/a>","rttpg_excerpt":"\u201cYurduma qay\u0131td\u0131\u011f\u0131ma g\u00f6r\u0259 \u00e7ox h\u0259y\u0259canl\u0131yam\u201d. Bu s\u00f6zl\u0259ri \u201cReport\u201da 31 ild\u0259n sonra La\u00e7\u0131na qay\u0131dan ke\u00e7mi\u015f m\u0259cburi k\u00f6\u00e7k\u00fcn \u018fli \u018fliyev deyib. \u201cLa\u00e7\u0131n rayonunu 1992-ci il may\u0131n 5-d\u0259 t\u0259rk etm\u0259y\u0259 m\u0259cbur oldum. La\u00e7\u0131n\u0131 m\u0259cburi t\u0259rk ed\u0259nd\u0259 g\u0259ldiyim insanlar\u0131n b\u0259zil\u0259ri d\u00fcnyadan k\u00f6\u00e7\u00fcb, ata-anam v\u0259fat edibl\u0259r. Ail\u0259mi itirmi\u015f\u0259m. Otuz bir il sonra, 76 ya\u015f\u0131mda La\u00e7\u0131na qay\u0131d\u0131ram. Xo\u015f h\u0259y\u0259can hissi ke\u00e7irir\u0259m.&hellip;","_links":{"self":[{"href":"https:\/\/arantv.az\/index.php?rest_route=\/wp\/v2\/posts\/647609"}],"collection":[{"href":"https:\/\/arantv.az\/index.php?rest_route=\/wp\/v2\/posts"}],"about":[{"href":"https:\/\/arantv.az\/index.php?rest_route=\/wp\/v2\/types\/post"}],"author":[{"embeddable":true,"href":"https:\/\/arantv.az\/index.php?rest_route=\/wp\/v2\/users\/2"}],"replies":[{"embeddable":true,"href":"https:\/\/arantv.az\/index.php?rest_route=%2Fwp%2Fv2%2Fcomments&post=647609"}],"version-history":[{"count":0,"href":"https:\/\/arantv.az\/index.php?rest_route=\/wp\/v2\/posts\/647609\/revisions"}],"wp:featuredmedia":[{"embeddable":true,"href":"https:\/\/arantv.az\/index.php?rest_route=\/wp\/v2\/media\/647614"}],"wp:attachment":[{"href":"https:\/\/arantv.az\/index.php?rest_route=%2Fwp%2Fv2%2Fmedia&parent=647609"}],"wp:term":[{"taxonomy":"category","embeddable":true,"href":"https:\/\/arantv.az\/index.php?rest_route=%2Fwp%2Fv2%2Fcategories&post=647609"},{"taxonomy":"post_tag","embeddable":true,"href":"https:\/\/arantv.az\/index.php?rest_route=%2Fwp%2Fv2%2Ftags&post=647609"}],"curies":[{"name":"wp","href":"https:\/\/api.w.org\/{rel}","templated":true}]}}