{"id":647610,"date":"2023-10-20T09:10:38","date_gmt":"2023-10-20T05:10:38","guid":{"rendered":"https:\/\/arantv.az\/?p=647610"},"modified":"2023-10-20T09:10:38","modified_gmt":"2023-10-20T05:10:38","slug":"lacinin-92-yasli-sakini-gedib-yurdumda-%c9%99kinl%c9%99-m%c9%99sgul-olacagam","status":"publish","type":"post","link":"https:\/\/arantv.az\/?p=647610","title":{"rendered":"La\u00e7\u0131n\u0131n 92 ya\u015fl\u0131 sakini: \u201cGedib yurdumda \u0259kinl\u0259 m\u0259\u015f\u011ful olaca\u011fam\u201d"},"content":{"rendered":"<p>Ya\u015f\u0131m\u0131n \u00e7ox olmas\u0131na baxmayaraq, gedib La\u00e7\u0131nda \u0259kin-s\u0259pin i\u015fl\u0259ri il\u0259 m\u0259\u015f\u011ful olaca\u011fam\u201d.<\/p>\n<p>Bu s\u00f6zl\u0259ri \u201cReport\u201da ke\u00e7mi\u015f m\u0259cburi k\u00f6\u015fk\u00fcn, La\u00e7\u0131n\u0131n 92 ya\u015fl\u0131 sakini Mahiz\u0259r \u0130brahimova deyib.<\/p>\n<p>\u201cDoxsan iki ya\u015f\u0131m var. La\u00e7\u0131na qay\u0131tma\u011f\u0131ma h\u0259dsiz \u015fadam. Ya\u015f\u0131m\u0131n \u00e7ox olmas\u0131na baxmayaraq, gedib La\u00e7\u0131nda \u0259kin-s\u0259pin i\u015fl\u0259ri il\u0259 m\u0259\u015f\u011ful olaca\u011fam, mal-qara saxlayaca\u011fam\u201d.<\/p>\n<p>Ke\u00e7mi\u015f m\u0259cburi k\u00f6\u00e7k\u00fcn do\u011fma yurduna qay\u0131td\u0131\u011f\u0131na g\u00f6r\u0259 M\u00fcz\u0259ff\u0259r Ali Ba\u015f Komandan, Prezident\u00a0<strong>\u0130lham \u018fliyev\u0259\u00a0<\/strong>sonsuz t\u0259\u015f\u0259kk\u00fcr\u00fcn\u00fc bildirib.<\/p>\n<p>O, qeyd edib ki, h\u0259yat yolda\u015f\u0131 La\u00e7\u0131n\u0131 yenid\u0259n g\u00f6rm\u0259d\u0259n d\u00fcnyadan k\u00f6\u00e7\u00fcb:<\/p>\n<p>\u201cLa\u00e7\u0131n\u0131 h\u0259yat yolda\u015f\u0131m, \u00f6vladlar\u0131mla t\u0259rk etm\u0259y\u0259 m\u0259cbur olduq. H\u0259yat yolda\u015f\u0131m m\u00fcharib\u0259 \u0259lili idi. T\u0259\u0259ss\u00fcf ki, bu g\u00fcn\u00fc g\u00f6rm\u0259di\u201d.<\/p>\n<p>\u201c\u00c7ox h\u0259y\u0259canl\u0131yam. Doqquz \u00f6vlad\u0131m var. B\u0259zil\u0259ri ali t\u0259hsil al\u0131blar, m\u00fcxt\u0259lif v\u0259zif\u0259l\u0259rd\u0259 i\u015fl\u0259yirl\u0259r\u201d, &#8211; dey\u0259 Mahiz\u0259r \u0130brahimova qeyd edib.<\/p>\n","protected":false},"excerpt":{"rendered":"<p>Ya\u015f\u0131m\u0131n \u00e7ox olmas\u0131na baxmayaraq, gedib La\u00e7\u0131nda \u0259kin-s\u0259pin i\u015fl\u0259ri il\u0259 m\u0259\u015f\u011ful olaca\u011fam\u201d. Bu s\u00f6zl\u0259ri \u201cReport\u201da ke\u00e7mi\u015f m\u0259cburi k\u00f6\u015fk\u00fcn, La\u00e7\u0131n\u0131n 92 ya\u015fl\u0131 sakini Mahiz\u0259r \u0130brahimova deyib. \u201cDoxsan iki ya\u015f\u0131m var. La\u00e7\u0131na qay\u0131tma\u011f\u0131ma h\u0259dsiz \u015fadam. Ya\u015f\u0131m\u0131n \u00e7ox olmas\u0131na baxmayaraq, gedib La\u00e7\u0131nda \u0259kin-s\u0259pin i\u015fl\u0259ri il\u0259 m\u0259\u015f\u011ful olaca\u011fam, mal-qara saxlayaca\u011fam\u201d. Ke\u00e7mi\u015f m\u0259cburi k\u00f6\u00e7k\u00fcn do\u011fma yurduna qay\u0131td\u0131\u011f\u0131na g\u00f6r\u0259 M\u00fcz\u0259ff\u0259r Ali Ba\u015f Komandan, Prezident\u00a0\u0130lham \u018fliyev\u0259\u00a0sonsuz t\u0259\u015f\u0259kk\u00fcr\u00fcn\u00fc bildirib. O, qeyd edib ki, h\u0259yat yolda\u015f\u0131 La\u00e7\u0131n\u0131 yenid\u0259n g\u00f6rm\u0259d\u0259n d\u00fcnyadan k\u00f6\u00e7\u00fcb: \u201cLa\u00e7\u0131n\u0131 h\u0259yat yolda\u015f\u0131m, \u00f6vladlar\u0131mla t\u0259rk etm\u0259y\u0259 m\u0259cbur olduq. H\u0259yat yolda\u015f\u0131m m\u00fcharib\u0259 \u0259lili idi. T\u0259\u0259ss\u00fcf ki, bu g\u00fcn\u00fc g\u00f6rm\u0259di\u201d. \u201c\u00c7ox&hellip;<\/p>\n","protected":false},"author":2,"featured_media":647611,"comment_status":"closed","ping_status":"closed","sticky":false,"template":"","format":"standard","meta":{"om_disable_all_campaigns":false,"_monsterinsights_skip_tracking":false,"_monsterinsights_sitenote_active":false,"_monsterinsights_sitenote_note":"","_monsterinsights_sitenote_category":0},"categories":[1],"tags":[],"aioseo_notices":[],"gutentor_comment":0,"rttpg_featured_image_url":{"full":["https:\/\/arantv.az\/wp-content\/uploads\/2023\/10\/d3d9821f-8220-3e65-b755-b244ef18302c_850.jpg",620,413,false],"landscape":["https:\/\/arantv.az\/wp-content\/uploads\/2023\/10\/d3d9821f-8220-3e65-b755-b244ef18302c_850.jpg",620,413,false],"portraits":["https:\/\/arantv.az\/wp-content\/uploads\/2023\/10\/d3d9821f-8220-3e65-b755-b244ef18302c_850.jpg",620,413,false],"thumbnail":["https:\/\/arantv.az\/wp-content\/uploads\/2023\/10\/d3d9821f-8220-3e65-b755-b244ef18302c_850-500x280.jpg",500,280,true],"medium":["https:\/\/arantv.az\/wp-content\/uploads\/2023\/10\/d3d9821f-8220-3e65-b755-b244ef18302c_850-548x365.jpg",548,365,true],"large":["https:\/\/arantv.az\/wp-content\/uploads\/2023\/10\/d3d9821f-8220-3e65-b755-b244ef18302c_850.jpg",620,413,false],"1536x1536":["https:\/\/arantv.az\/wp-content\/uploads\/2023\/10\/d3d9821f-8220-3e65-b755-b244ef18302c_850.jpg",620,413,false],"2048x2048":["https:\/\/arantv.az\/wp-content\/uploads\/2023\/10\/d3d9821f-8220-3e65-b755-b244ef18302c_850.jpg",620,413,false],"post-thumbnail":["https:\/\/arantv.az\/wp-content\/uploads\/2023\/10\/d3d9821f-8220-3e65-b755-b244ef18302c_850-240x172.jpg",240,172,true],"advps-thumb-one":["https:\/\/arantv.az\/wp-content\/uploads\/2023\/10\/d3d9821f-8220-3e65-b755-b244ef18302c_850.jpg",620,413,false]},"rttpg_author":{"display_name":"V\u00fcsal Rafiqo\u011flu","author_link":"https:\/\/arantv.az\/?author=2"},"rttpg_comment":0,"rttpg_category":"<a href=\"https:\/\/arantv.az\/?cat=1\" rel=\"category\">C\u0259miyy\u0259t<\/a>","rttpg_excerpt":"Ya\u015f\u0131m\u0131n \u00e7ox olmas\u0131na baxmayaraq, gedib La\u00e7\u0131nda \u0259kin-s\u0259pin i\u015fl\u0259ri il\u0259 m\u0259\u015f\u011ful olaca\u011fam\u201d. Bu s\u00f6zl\u0259ri \u201cReport\u201da ke\u00e7mi\u015f m\u0259cburi k\u00f6\u015fk\u00fcn, La\u00e7\u0131n\u0131n 92 ya\u015fl\u0131 sakini Mahiz\u0259r \u0130brahimova deyib. \u201cDoxsan iki ya\u015f\u0131m var. La\u00e7\u0131na qay\u0131tma\u011f\u0131ma h\u0259dsiz \u015fadam. Ya\u015f\u0131m\u0131n \u00e7ox olmas\u0131na baxmayaraq, gedib La\u00e7\u0131nda \u0259kin-s\u0259pin i\u015fl\u0259ri il\u0259 m\u0259\u015f\u011ful olaca\u011fam, mal-qara saxlayaca\u011fam\u201d. Ke\u00e7mi\u015f m\u0259cburi k\u00f6\u00e7k\u00fcn do\u011fma yurduna qay\u0131td\u0131\u011f\u0131na g\u00f6r\u0259 M\u00fcz\u0259ff\u0259r Ali Ba\u015f&hellip;","_links":{"self":[{"href":"https:\/\/arantv.az\/index.php?rest_route=\/wp\/v2\/posts\/647610"}],"collection":[{"href":"https:\/\/arantv.az\/index.php?rest_route=\/wp\/v2\/posts"}],"about":[{"href":"https:\/\/arantv.az\/index.php?rest_route=\/wp\/v2\/types\/post"}],"author":[{"embeddable":true,"href":"https:\/\/arantv.az\/index.php?rest_route=\/wp\/v2\/users\/2"}],"replies":[{"embeddable":true,"href":"https:\/\/arantv.az\/index.php?rest_route=%2Fwp%2Fv2%2Fcomments&post=647610"}],"version-history":[{"count":0,"href":"https:\/\/arantv.az\/index.php?rest_route=\/wp\/v2\/posts\/647610\/revisions"}],"wp:featuredmedia":[{"embeddable":true,"href":"https:\/\/arantv.az\/index.php?rest_route=\/wp\/v2\/media\/647611"}],"wp:attachment":[{"href":"https:\/\/arantv.az\/index.php?rest_route=%2Fwp%2Fv2%2Fmedia&parent=647610"}],"wp:term":[{"taxonomy":"category","embeddable":true,"href":"https:\/\/arantv.az\/index.php?rest_route=%2Fwp%2Fv2%2Fcategories&post=647610"},{"taxonomy":"post_tag","embeddable":true,"href":"https:\/\/arantv.az\/index.php?rest_route=%2Fwp%2Fv2%2Ftags&post=647610"}],"curies":[{"name":"wp","href":"https:\/\/api.w.org\/{rel}","templated":true}]}}