{"id":647699,"date":"2023-10-20T10:50:44","date_gmt":"2023-10-20T06:50:44","guid":{"rendered":"https:\/\/arantv.az\/?p=647699"},"modified":"2023-10-20T10:50:44","modified_gmt":"2023-10-20T06:50:44","slug":"az%c9%99rbaycan-mdb-nin-bir-cox-olk%c9%99l%c9%99ri-ucun-tranzit-n%c9%99qliyyat-sah%c9%99sind%c9%99-etibarli-t%c9%99r%c9%99fdasdir","status":"publish","type":"post","link":"https:\/\/arantv.az\/?p=647699","title":{"rendered":"Az\u0259rbaycan MDB-nin bir \u00e7ox \u00f6lk\u0259l\u0259ri \u00fc\u00e7\u00fcn tranzit-n\u0259qliyyat sah\u0259sind\u0259 etibarl\u0131 t\u0259r\u0259fda\u015fd\u0131r"},"content":{"rendered":"<p>M\u00fcst\u0259qil D\u00f6vl\u0259tl\u0259r Birliyin\u0259 (MDB) daxil olan \u00f6lk\u0259l\u0259r aras\u0131nda \u0259m\u0259kda\u015fl\u0131q \u0259laq\u0259l\u0259rinin m\u00f6hk\u0259ml\u0259nm\u0259sind\u0259 MDB D\u00f6vl\u0259t Ba\u015f\u00e7\u0131lar\u0131 \u015euras\u0131 \u00f6n\u0259mli \u0259h\u0259miyy\u0259t\u0259 malikdir.<\/p>\n<p>Qeyd ed\u0259k ki, 12-13 oktyabr 2023-c\u00fc il tarixl\u0259rind\u0259 Prezident \u0130lham \u018fliyevin qarda\u015f Q\u0131r\u011f\u0131z\u0131stana r\u0259smi s\u0259f\u0259ri, orada Rusiya Federasiyas\u0131n\u0131n Prezidenti Vladimir Putinl\u0259 ikit\u0259r\u0259fli g\u00f6r\u00fc\u015f\u00fcn ba\u015f tutmas\u0131, daha sonra c\u0259nab Putinin \u015f\u0259xsi d\u0259v\u0259ti il\u0259 Bi\u015fkekd\u0259 M\u00fcst\u0259qil D\u00f6vl\u0259tl\u0259r Birliyi (MDB) D\u00f6vl\u0259t Ba\u015f\u00e7\u0131lar\u0131 \u015euras\u0131n\u0131n iclas\u0131nda i\u015ftirak\u0131 Az\u0259rbaycan\u0131n b\u00fct\u00fcn beyn\u0259lxalq prinsipl\u0259r\u0259 h\u00f6rm\u0259tinin v\u0259 qlobal t\u0259hl\u00fck\u0259sizliyin t\u0259min olunmas\u0131 istiqam\u0259tind\u0259 \u00fcz\u0259rin\u0259 d\u00fc\u015f\u0259n g\u00f6rd\u00fcy\u00fc ard\u0131c\u0131l i\u015fl\u0259rin m\u0259ntiqi n\u0259tic\u0259sidir. MDB D\u00f6vl\u0259t Ba\u015f\u00e7\u0131lar\u0131 \u015euras\u0131n\u0131n iclas\u0131nda diqq\u0259t yetiril\u0259n \u0259sas m\u0259s\u0259l\u0259l\u0259rd\u0259n biri d\u0259 Birliyin m\u0259kan\u0131nda t\u0259hl\u00fck\u0259sizliyin t\u0259min olunmas\u0131 m\u00f6vzusu oldu.<\/p>\n<p>Prezident \u0130lham \u018fliyevin h\u0259min iclasdak\u0131 \u00e7\u0131x\u0131\u015f\u0131 Az\u0259rbaycan xalq\u0131n\u0131n n\u00f6vb\u0259ti nailiyy\u0259ti olmaqla, ist\u0259yimizi v\u0259 g\u0259l\u0259c\u0259y\u0259 bax\u0131\u015f\u0131m\u0131z\u0131 \u00f6z\u00fcnd\u0259 ehtiva etdi. Az\u0259rbaycan Prezidenti etdiyi m\u0259zmunlu \u00e7\u0131x\u0131\u015f\u0131nda bir daha Birliy\u0259 \u00fczv d\u00f6vl\u0259tl\u0259rl\u0259 ikit\u0259r\u0259fli dostluq v\u0259 qarda\u015fl\u0131q m\u00fcnasib\u0259tl\u0259rinin u\u011furla inki\u015faf etdiyini vur\u011fulayaraq, humanitar v\u0259 iqtisadi sah\u0259l\u0259rd\u0259 g\u00f6r\u00fcl\u0259n qar\u015f\u0131l\u0131ql\u0131 i\u015fl\u0259ri, \u0259ld\u0259 olunmu\u015f raz\u0131la\u015fmalar\u0131n yerin\u0259 yetirildiyini, el\u0259c\u0259 d\u0259 artan \u0259mt\u0259\u0259 d\u00f6vriyy\u0259sinin h\u0259cmini x\u00fcsusi qeyd etdi. D\u00f6vl\u0259t ba\u015f\u00e7\u0131s\u0131 eyni zamanda Az\u0259rbaycan\u0131n MDB-nin bir \u00e7ox \u00f6lk\u0259l\u0259ri \u00fc\u00e7\u00fcn tranzit-n\u0259qliyyat sah\u0259sind\u0259 etibarl\u0131 t\u0259r\u0259fda\u015fa \u00e7evrildiyini bildir\u0259r\u0259k, \u015e\u0259rq-Q\u0259rb v\u0259 \u015eimal-C\u0259nub n\u0259qliyyat d\u0259hlizl\u0259ri il\u0259 ba\u011fl\u0131 \u00f6t\u00fcrm\u0259 qabiliyy\u0259tinin geni\u015fl\u0259ndirilm\u0259si \u00fczr\u0259 perspektivli layih\u0259l\u0259rin h\u0259yata ke\u00e7irilm\u0259sinin MDB m\u0259kan\u0131n\u0131n n\u0259qliyyat t\u0259hl\u00fck\u0259sizliyinin m\u00f6hk\u0259ml\u0259nm\u0259si \u00fc\u00e7\u00fcn n\u0259 d\u0259r\u0259c\u0259d\u0259 faydal\u0131 oldu\u011funu diqq\u0259t\u0259 \u00e7atd\u0131rd\u0131. S\u0259f\u0259r \u00e7\u0259r\u00e7iv\u0259sind\u0259 Prezident \u0130lham \u018fliyev \u00d6zb\u0259kistan Prezidenti \u015eavkat Mirziyoyevin MDB-nin F\u0259xri Ni\u015fan\u0131 il\u0259 t\u0259ltif olunmas\u0131 m\u0259rasimind\u0259 i\u015ftirak etdi. Qeyd ed\u0259k ki, qarda\u015f \u00d6zb\u0259kistan\u0131n S\u0259m\u0259rq\u0259nd \u015f\u0259h\u0259ri 2024-c\u00fc ild\u0259 \u201cBirliyin m\u0259d\u0259niyy\u0259t paytaxt\u0131\u201d elan edildi. Bel\u0259likl\u0259, Az\u0259rbaycan son ill\u0259rd\u0259 Avrasiyan\u0131n \u0259sas, etibarl\u0131 n\u0259qliyyat v\u0259 logistika m\u0259rk\u0259zl\u0259rind\u0259n biri kimi \u00f6z\u00fcn\u00fc s\u00fcbut etmi\u015fdir. Yaln\u0131z iki \u00f6lk\u0259y\u0259 deyil, eyni zamanda C\u0259nubi Qafqaz regionuna s\u00fclh v\u0259 rifah g\u0259tir\u0259r\u0259k beyn\u0259lxalq birliyin maraqlar\u0131na xidm\u0259t ed\u0259c\u0259k Z\u0259ng\u0259zur d\u0259hlizinin a\u00e7\u0131lmas\u0131 regionun n\u0259qliyyat sektorunda yeni imkanlar yaradacaq.<\/p>\n<p><strong>Elm\u0259ddin \u018fsg\u0259rxanov YAP B\u0259rd\u0259 rayon t\u0259\u015fkilat\u0131n\u0131n s\u0259dr m\u00fcavini<\/strong><\/p>\n","protected":false},"excerpt":{"rendered":"<p>M\u00fcst\u0259qil D\u00f6vl\u0259tl\u0259r Birliyin\u0259 (MDB) daxil olan \u00f6lk\u0259l\u0259r aras\u0131nda \u0259m\u0259kda\u015fl\u0131q \u0259laq\u0259l\u0259rinin m\u00f6hk\u0259ml\u0259nm\u0259sind\u0259 MDB D\u00f6vl\u0259t Ba\u015f\u00e7\u0131lar\u0131 \u015euras\u0131 \u00f6n\u0259mli \u0259h\u0259miyy\u0259t\u0259 malikdir. Qeyd ed\u0259k ki, 12-13 oktyabr 2023-c\u00fc il tarixl\u0259rind\u0259 Prezident \u0130lham \u018fliyevin qarda\u015f Q\u0131r\u011f\u0131z\u0131stana r\u0259smi s\u0259f\u0259ri, orada Rusiya Federasiyas\u0131n\u0131n Prezidenti Vladimir Putinl\u0259 ikit\u0259r\u0259fli g\u00f6r\u00fc\u015f\u00fcn ba\u015f tutmas\u0131, daha sonra c\u0259nab Putinin \u015f\u0259xsi d\u0259v\u0259ti il\u0259 Bi\u015fkekd\u0259 M\u00fcst\u0259qil D\u00f6vl\u0259tl\u0259r Birliyi (MDB) D\u00f6vl\u0259t Ba\u015f\u00e7\u0131lar\u0131 \u015euras\u0131n\u0131n iclas\u0131nda i\u015ftirak\u0131 Az\u0259rbaycan\u0131n b\u00fct\u00fcn beyn\u0259lxalq prinsipl\u0259r\u0259 h\u00f6rm\u0259tinin v\u0259 qlobal t\u0259hl\u00fck\u0259sizliyin t\u0259min olunmas\u0131 istiqam\u0259tind\u0259 \u00fcz\u0259rin\u0259 d\u00fc\u015f\u0259n g\u00f6rd\u00fcy\u00fc ard\u0131c\u0131l i\u015fl\u0259rin m\u0259ntiqi n\u0259tic\u0259sidir. MDB D\u00f6vl\u0259t Ba\u015f\u00e7\u0131lar\u0131 \u015euras\u0131n\u0131n iclas\u0131nda diqq\u0259t yetiril\u0259n \u0259sas m\u0259s\u0259l\u0259l\u0259rd\u0259n biri d\u0259 Birliyin&hellip;<\/p>\n","protected":false},"author":2,"featured_media":647701,"comment_status":"closed","ping_status":"closed","sticky":false,"template":"","format":"standard","meta":{"om_disable_all_campaigns":false,"_monsterinsights_skip_tracking":false,"_monsterinsights_sitenote_active":false,"_monsterinsights_sitenote_note":"","_monsterinsights_sitenote_category":0},"categories":[2],"tags":[],"aioseo_notices":[],"gutentor_comment":0,"rttpg_featured_image_url":{"full":["https:\/\/arantv.az\/wp-content\/uploads\/2023\/10\/377561633_1945016949208990_8943957026580790221_n-1.jpg",885,885,false],"landscape":["https:\/\/arantv.az\/wp-content\/uploads\/2023\/10\/377561633_1945016949208990_8943957026580790221_n-1.jpg",885,885,false],"portraits":["https:\/\/arantv.az\/wp-content\/uploads\/2023\/10\/377561633_1945016949208990_8943957026580790221_n-1.jpg",885,885,false],"thumbnail":["https:\/\/arantv.az\/wp-content\/uploads\/2023\/10\/377561633_1945016949208990_8943957026580790221_n-1-500x280.jpg",500,280,true],"medium":["https:\/\/arantv.az\/wp-content\/uploads\/2023\/10\/377561633_1945016949208990_8943957026580790221_n-1-365x365.jpg",365,365,true],"large":["https:\/\/arantv.az\/wp-content\/uploads\/2023\/10\/377561633_1945016949208990_8943957026580790221_n-1-840x840.jpg",640,640,true],"1536x1536":["https:\/\/arantv.az\/wp-content\/uploads\/2023\/10\/377561633_1945016949208990_8943957026580790221_n-1.jpg",885,885,false],"2048x2048":["https:\/\/arantv.az\/wp-content\/uploads\/2023\/10\/377561633_1945016949208990_8943957026580790221_n-1.jpg",885,885,false],"post-thumbnail":["https:\/\/arantv.az\/wp-content\/uploads\/2023\/10\/377561633_1945016949208990_8943957026580790221_n-1-240x172.jpg",240,172,true],"advps-thumb-one":["https:\/\/arantv.az\/wp-content\/uploads\/2023\/10\/377561633_1945016949208990_8943957026580790221_n-1-885x620.jpg",885,620,true]},"rttpg_author":{"display_name":"V\u00fcsal Rafiqo\u011flu","author_link":"https:\/\/arantv.az\/?author=2"},"rttpg_comment":0,"rttpg_category":"<a href=\"https:\/\/arantv.az\/?cat=2\" rel=\"category\">Region X\u0259b\u0259rl\u0259ri<\/a>","rttpg_excerpt":"M\u00fcst\u0259qil D\u00f6vl\u0259tl\u0259r Birliyin\u0259 (MDB) daxil olan \u00f6lk\u0259l\u0259r aras\u0131nda \u0259m\u0259kda\u015fl\u0131q \u0259laq\u0259l\u0259rinin m\u00f6hk\u0259ml\u0259nm\u0259sind\u0259 MDB D\u00f6vl\u0259t Ba\u015f\u00e7\u0131lar\u0131 \u015euras\u0131 \u00f6n\u0259mli \u0259h\u0259miyy\u0259t\u0259 malikdir. Qeyd ed\u0259k ki, 12-13 oktyabr 2023-c\u00fc il tarixl\u0259rind\u0259 Prezident \u0130lham \u018fliyevin qarda\u015f Q\u0131r\u011f\u0131z\u0131stana r\u0259smi s\u0259f\u0259ri, orada Rusiya Federasiyas\u0131n\u0131n Prezidenti Vladimir Putinl\u0259 ikit\u0259r\u0259fli g\u00f6r\u00fc\u015f\u00fcn ba\u015f tutmas\u0131, daha sonra c\u0259nab Putinin \u015f\u0259xsi d\u0259v\u0259ti il\u0259 Bi\u015fkekd\u0259 M\u00fcst\u0259qil D\u00f6vl\u0259tl\u0259r Birliyi (MDB)&hellip;","_links":{"self":[{"href":"https:\/\/arantv.az\/index.php?rest_route=\/wp\/v2\/posts\/647699"}],"collection":[{"href":"https:\/\/arantv.az\/index.php?rest_route=\/wp\/v2\/posts"}],"about":[{"href":"https:\/\/arantv.az\/index.php?rest_route=\/wp\/v2\/types\/post"}],"author":[{"embeddable":true,"href":"https:\/\/arantv.az\/index.php?rest_route=\/wp\/v2\/users\/2"}],"replies":[{"embeddable":true,"href":"https:\/\/arantv.az\/index.php?rest_route=%2Fwp%2Fv2%2Fcomments&post=647699"}],"version-history":[{"count":0,"href":"https:\/\/arantv.az\/index.php?rest_route=\/wp\/v2\/posts\/647699\/revisions"}],"wp:featuredmedia":[{"embeddable":true,"href":"https:\/\/arantv.az\/index.php?rest_route=\/wp\/v2\/media\/647701"}],"wp:attachment":[{"href":"https:\/\/arantv.az\/index.php?rest_route=%2Fwp%2Fv2%2Fmedia&parent=647699"}],"wp:term":[{"taxonomy":"category","embeddable":true,"href":"https:\/\/arantv.az\/index.php?rest_route=%2Fwp%2Fv2%2Fcategories&post=647699"},{"taxonomy":"post_tag","embeddable":true,"href":"https:\/\/arantv.az\/index.php?rest_route=%2Fwp%2Fv2%2Ftags&post=647699"}],"curies":[{"name":"wp","href":"https:\/\/api.w.org\/{rel}","templated":true}]}}