{"id":64770,"date":"2019-06-07T13:44:23","date_gmt":"2019-06-07T10:44:23","guid":{"rendered":"http:\/\/arantv.az\/?p=64770"},"modified":"2019-06-07T13:44:23","modified_gmt":"2019-06-07T10:44:23","slug":"z%c9%99hrani-ogurlayan-qadin-ifad%c9%99-verdi","status":"publish","type":"post","link":"https:\/\/arantv.az\/?p=64770","title":{"rendered":"Z\u0259hran\u0131 o\u011furlayan qad\u0131n ifad\u0259 verdi"},"content":{"rendered":"<p><strong>Bak\u0131n\u0131n Sabun\u00e7u q\u0259s\u0259b\u0259sind\u0259 \u00fc\u00e7 ya\u015fl\u0131 Z\u0259hra Ba\u011f\u0131rzad\u0259ni o\u011furlamaqda ittiham olunan 39 ya\u015fl\u0131 Masall\u0131 rayon sakini T\u0259z\u0259g\u00fcl N\u0259z\u0259rova istintaqa ifad\u0259 verib.<\/strong><\/p>\n<p><strong>ARANTV.AZ\u00a0\u00a0<\/strong>x\u0259b\u0259r verir ki, bu bar\u0259d\u0259 Oxu.Az-a Sabun\u00e7u Rayon Polis \u0130dar\u0259sind\u0259n bildiribl\u0259r.<\/p>\n<p>O, ifad\u0259sind\u0259 u\u015fa\u011f\u0131 o\u011furlamad\u0131\u011f\u0131n\u0131, bunu ayr\u0131 adam\u0131n etdiyini deyib.<\/p>\n<p>Bak\u0131 \u015f\u0259h\u0259r Ba\u015f Polis \u0130dar\u0259si, Sabun\u00e7u Rayon Polis \u0130dar\u0259si v\u0259 12-ci Polis \u015e\u00f6b\u0259si \u0259m\u0259kda\u015flar\u0131n\u0131n birg\u0259 h\u0259yata ke\u00e7irdikl\u0259ri intensiv axtar\u0131\u015f t\u0259dbirl\u0259ri n\u0259tic\u0259sind\u0259 itkin d\u00fc\u015fm\u00fc\u015f Z.Ba\u011f\u0131rzad\u0259 iyunun 6-da paytaxt\u0131n Nizami rayonu \u0259razisind\u0259 tap\u0131l\u0131b.<\/p>\n<p>Qeyd ed\u0259k ki, Z\u0259hran\u0131n valideyni R\u0259sul Ba\u011f\u0131rzad\u0259 hadis\u0259 g\u00fcn\u00fc h\u0259yat yolda\u015f\u0131 il\u0259 birlikd\u0259 Z\u0259hran\u0131 evin b\u00f6y\u00fck \u00f6vlad\u0131n\u0131n yan\u0131nda qoyaraq i\u015f\u0259 getdikl\u0259rini bildirib. Azya\u015fl\u0131 n\u0259zar\u0259tsiz qalaraq evd\u0259n \u00e7\u0131x\u0131b itkin d\u00fc\u015f\u0259nd\u0259n sonra valideynl\u0259ri bu bar\u0259d\u0259 polis\u0259 m\u0259lumat veribl\u0259r.<\/p>\n<p>U\u015faq tap\u0131lan zaman onun yan\u0131nda olan Masall\u0131 rayon sakini, 1980-ci il t\u0259v\u0259ll\u00fcdl\u00fc N\u0259z\u0259rova T\u0259z\u0259g\u00fcl \u015e\u00fck\u00fcr q\u0131z\u0131 \u015f\u00fcbh\u0259li \u015f\u0259xs qismind\u0259 saxlan\u0131laraq Sabun\u00e7u Rayon Polis \u0130dar\u0259sin\u0259 g\u0259tirilib.<\/p>\n<p>Hadis\u0259nin t\u0259f\u0259rr\u00fcat\u0131 v\u0259 Z\u0259hran\u0131n hans\u0131 \u015f\u0259raitd\u0259 itkin d\u00fc\u015fd\u00fcy\u00fcn\u00fc m\u00fc\u0259yy\u0259n etm\u0259k istiqam\u0259tind\u0259 m\u00fcvafiq olaraq istintaq-\u0259m\u0259liyyat t\u0259dbirl\u0259ri davam etdirilir.<\/p>\n","protected":false},"excerpt":{"rendered":"<p>Bak\u0131n\u0131n Sabun\u00e7u q\u0259s\u0259b\u0259sind\u0259 \u00fc\u00e7 ya\u015fl\u0131 Z\u0259hra Ba\u011f\u0131rzad\u0259ni o\u011furlamaqda ittiham olunan 39 ya\u015fl\u0131 Masall\u0131 rayon sakini T\u0259z\u0259g\u00fcl N\u0259z\u0259rova istintaqa ifad\u0259 verib. ARANTV.AZ\u00a0\u00a0x\u0259b\u0259r verir ki, bu bar\u0259d\u0259 Oxu.Az-a Sabun\u00e7u Rayon Polis \u0130dar\u0259sind\u0259n bildiribl\u0259r. O, ifad\u0259sind\u0259 u\u015fa\u011f\u0131 o\u011furlamad\u0131\u011f\u0131n\u0131, bunu ayr\u0131 adam\u0131n etdiyini deyib. Bak\u0131 \u015f\u0259h\u0259r Ba\u015f Polis \u0130dar\u0259si, Sabun\u00e7u Rayon Polis \u0130dar\u0259si v\u0259 12-ci Polis \u015e\u00f6b\u0259si \u0259m\u0259kda\u015flar\u0131n\u0131n birg\u0259 h\u0259yata ke\u00e7irdikl\u0259ri intensiv axtar\u0131\u015f t\u0259dbirl\u0259ri n\u0259tic\u0259sind\u0259 itkin d\u00fc\u015fm\u00fc\u015f Z.Ba\u011f\u0131rzad\u0259 iyunun 6-da paytaxt\u0131n Nizami rayonu \u0259razisind\u0259 tap\u0131l\u0131b. Qeyd ed\u0259k ki, Z\u0259hran\u0131n valideyni R\u0259sul Ba\u011f\u0131rzad\u0259 hadis\u0259 g\u00fcn\u00fc h\u0259yat yolda\u015f\u0131 il\u0259 birlikd\u0259 Z\u0259hran\u0131 evin b\u00f6y\u00fck \u00f6vlad\u0131n\u0131n yan\u0131nda qoyaraq&hellip;<\/p>\n","protected":false},"author":2,"featured_media":64771,"comment_status":"closed","ping_status":"closed","sticky":false,"template":"","format":"standard","meta":{"om_disable_all_campaigns":false,"_monsterinsights_skip_tracking":false,"_monsterinsights_sitenote_active":false,"_monsterinsights_sitenote_note":"","_monsterinsights_sitenote_category":0},"categories":[1],"tags":[],"aioseo_notices":[],"gutentor_comment":0,"rttpg_featured_image_url":{"full":["https:\/\/arantv.az\/wp-content\/uploads\/2019\/06\/1559902418.1559883565_gagag.jpg",600,400,false],"landscape":["https:\/\/arantv.az\/wp-content\/uploads\/2019\/06\/1559902418.1559883565_gagag.jpg",600,400,false],"portraits":["https:\/\/arantv.az\/wp-content\/uploads\/2019\/06\/1559902418.1559883565_gagag.jpg",600,400,false],"thumbnail":["https:\/\/arantv.az\/wp-content\/uploads\/2019\/06\/1559902418.1559883565_gagag-150x150.jpg",150,150,true],"medium":["https:\/\/arantv.az\/wp-content\/uploads\/2019\/06\/1559902418.1559883565_gagag-300x200.jpg",300,200,true],"large":["https:\/\/arantv.az\/wp-content\/uploads\/2019\/06\/1559902418.1559883565_gagag.jpg",600,400,false],"1536x1536":["https:\/\/arantv.az\/wp-content\/uploads\/2019\/06\/1559902418.1559883565_gagag.jpg",600,400,false],"2048x2048":["https:\/\/arantv.az\/wp-content\/uploads\/2019\/06\/1559902418.1559883565_gagag.jpg",600,400,false],"post-thumbnail":["https:\/\/arantv.az\/wp-content\/uploads\/2019\/06\/1559902418.1559883565_gagag-240x172.jpg",240,172,true],"advps-thumb-one":["https:\/\/arantv.az\/wp-content\/uploads\/2019\/06\/1559902418.1559883565_gagag.jpg",600,400,false]},"rttpg_author":{"display_name":"V\u00fcsal Rafiqo\u011flu","author_link":"https:\/\/arantv.az\/?author=2"},"rttpg_comment":0,"rttpg_category":"<a href=\"https:\/\/arantv.az\/?cat=1\" rel=\"category\">C\u0259miyy\u0259t<\/a>","rttpg_excerpt":"Bak\u0131n\u0131n Sabun\u00e7u q\u0259s\u0259b\u0259sind\u0259 \u00fc\u00e7 ya\u015fl\u0131 Z\u0259hra Ba\u011f\u0131rzad\u0259ni o\u011furlamaqda ittiham olunan 39 ya\u015fl\u0131 Masall\u0131 rayon sakini T\u0259z\u0259g\u00fcl N\u0259z\u0259rova istintaqa ifad\u0259 verib. ARANTV.AZ\u00a0\u00a0x\u0259b\u0259r verir ki, bu bar\u0259d\u0259 Oxu.Az-a Sabun\u00e7u Rayon Polis \u0130dar\u0259sind\u0259n bildiribl\u0259r. O, ifad\u0259sind\u0259 u\u015fa\u011f\u0131 o\u011furlamad\u0131\u011f\u0131n\u0131, bunu ayr\u0131 adam\u0131n etdiyini deyib. Bak\u0131 \u015f\u0259h\u0259r Ba\u015f Polis \u0130dar\u0259si, Sabun\u00e7u Rayon Polis \u0130dar\u0259si v\u0259 12-ci Polis \u015e\u00f6b\u0259si \u0259m\u0259kda\u015flar\u0131n\u0131n birg\u0259&hellip;","_links":{"self":[{"href":"https:\/\/arantv.az\/index.php?rest_route=\/wp\/v2\/posts\/64770"}],"collection":[{"href":"https:\/\/arantv.az\/index.php?rest_route=\/wp\/v2\/posts"}],"about":[{"href":"https:\/\/arantv.az\/index.php?rest_route=\/wp\/v2\/types\/post"}],"author":[{"embeddable":true,"href":"https:\/\/arantv.az\/index.php?rest_route=\/wp\/v2\/users\/2"}],"replies":[{"embeddable":true,"href":"https:\/\/arantv.az\/index.php?rest_route=%2Fwp%2Fv2%2Fcomments&post=64770"}],"version-history":[{"count":0,"href":"https:\/\/arantv.az\/index.php?rest_route=\/wp\/v2\/posts\/64770\/revisions"}],"wp:featuredmedia":[{"embeddable":true,"href":"https:\/\/arantv.az\/index.php?rest_route=\/wp\/v2\/media\/64771"}],"wp:attachment":[{"href":"https:\/\/arantv.az\/index.php?rest_route=%2Fwp%2Fv2%2Fmedia&parent=64770"}],"wp:term":[{"taxonomy":"category","embeddable":true,"href":"https:\/\/arantv.az\/index.php?rest_route=%2Fwp%2Fv2%2Fcategories&post=64770"},{"taxonomy":"post_tag","embeddable":true,"href":"https:\/\/arantv.az\/index.php?rest_route=%2Fwp%2Fv2%2Ftags&post=64770"}],"curies":[{"name":"wp","href":"https:\/\/api.w.org\/{rel}","templated":true}]}}