{"id":64780,"date":"2019-06-07T14:02:05","date_gmt":"2019-06-07T11:02:05","guid":{"rendered":"http:\/\/arantv.az\/?p=64780"},"modified":"2019-06-07T14:02:05","modified_gmt":"2019-06-07T11:02:05","slug":"putinl%c9%99-pasinyan-gorusdu-n%c9%99d%c9%99n-danisdilar","status":"publish","type":"post","link":"https:\/\/arantv.az\/?p=64780","title":{"rendered":"Putinl\u0259 Pa\u015finyan g\u00f6r\u00fc\u015fd\u00fc &#8211; N\u0259d\u0259n dan\u0131\u015fd\u0131lar?"},"content":{"rendered":"<p><strong>Rusiya Prezidenti Vladimir Putinl\u0259 Erm\u0259nistan\u0131n ba\u015f naziri Nikol Pa\u015finyan aras\u0131nda g\u00f6r\u00fc\u015f ke\u00e7irilib.<\/strong><\/p>\n<p><strong>ARANTV.AZ<\/strong> trend-\u0259 istinad\u0259n x\u0259b\u0259r verir ki, g\u00f6r\u00fc\u015f zaman\u0131 ikit\u0259r\u0259fli m\u00fcnasib\u0259tl\u0259rl\u0259 ba\u011fl\u0131 m\u0259s\u0259l\u0259l\u0259r m\u00fczakir\u0259 olunub.<\/p>\n<p>Rusiya Prezidentinin m\u0259tbuat katibi Dmitri Peskov bildirib ki, t\u0259r\u0259fl\u0259r aras\u0131nda Da\u011fl\u0131q Qaraba\u011f m\u00fcnaqi\u015f\u0259si m\u00fczakir\u0259 olunmay\u0131b:<\/p>\n<p>&#8220;Da\u011fl\u0131q Qaraba\u011f m\u0259s\u0259l\u0259sin\u0259 toxunulmay\u0131b. \u0130kit\u0259r\u0259fli m\u00fcnasib\u0259tl\u0259rl\u0259 v\u0259 ticari-iqtisadi \u0259m\u0259kda\u015fl\u0131\u011f\u0131n m\u00fcxt\u0259lif aspektl\u0259ri il\u0259 ba\u011fl\u0131 \u0259trafl\u0131 dan\u0131\u015f\u0131qlar ba\u015f tutub&#8221;.<\/p>\n","protected":false},"excerpt":{"rendered":"<p>Rusiya Prezidenti Vladimir Putinl\u0259 Erm\u0259nistan\u0131n ba\u015f naziri Nikol Pa\u015finyan aras\u0131nda g\u00f6r\u00fc\u015f ke\u00e7irilib. ARANTV.AZ trend-\u0259 istinad\u0259n x\u0259b\u0259r verir ki, g\u00f6r\u00fc\u015f zaman\u0131 ikit\u0259r\u0259fli m\u00fcnasib\u0259tl\u0259rl\u0259 ba\u011fl\u0131 m\u0259s\u0259l\u0259l\u0259r m\u00fczakir\u0259 olunub. Rusiya Prezidentinin m\u0259tbuat katibi Dmitri Peskov bildirib ki, t\u0259r\u0259fl\u0259r aras\u0131nda Da\u011fl\u0131q Qaraba\u011f m\u00fcnaqi\u015f\u0259si m\u00fczakir\u0259 olunmay\u0131b: &#8220;Da\u011fl\u0131q Qaraba\u011f m\u0259s\u0259l\u0259sin\u0259 toxunulmay\u0131b. \u0130kit\u0259r\u0259fli m\u00fcnasib\u0259tl\u0259rl\u0259 v\u0259 ticari-iqtisadi \u0259m\u0259kda\u015fl\u0131\u011f\u0131n m\u00fcxt\u0259lif aspektl\u0259ri il\u0259 ba\u011fl\u0131 \u0259trafl\u0131 dan\u0131\u015f\u0131qlar ba\u015f tutub&#8221;.<\/p>\n","protected":false},"author":2,"featured_media":64781,"comment_status":"closed","ping_status":"closed","sticky":false,"template":"","format":"standard","meta":{"om_disable_all_campaigns":false,"_monsterinsights_skip_tracking":false,"_monsterinsights_sitenote_active":false,"_monsterinsights_sitenote_note":"","_monsterinsights_sitenote_category":0},"categories":[7],"tags":[],"aioseo_notices":[],"gutentor_comment":0,"rttpg_featured_image_url":{"full":["https:\/\/arantv.az\/wp-content\/uploads\/2019\/06\/709932.jpg",800,600,false],"landscape":["https:\/\/arantv.az\/wp-content\/uploads\/2019\/06\/709932.jpg",800,600,false],"portraits":["https:\/\/arantv.az\/wp-content\/uploads\/2019\/06\/709932.jpg",800,600,false],"thumbnail":["https:\/\/arantv.az\/wp-content\/uploads\/2019\/06\/709932-150x150.jpg",150,150,true],"medium":["https:\/\/arantv.az\/wp-content\/uploads\/2019\/06\/709932-300x225.jpg",300,225,true],"large":["https:\/\/arantv.az\/wp-content\/uploads\/2019\/06\/709932.jpg",640,480,false],"1536x1536":["https:\/\/arantv.az\/wp-content\/uploads\/2019\/06\/709932.jpg",800,600,false],"2048x2048":["https:\/\/arantv.az\/wp-content\/uploads\/2019\/06\/709932.jpg",800,600,false],"post-thumbnail":["https:\/\/arantv.az\/wp-content\/uploads\/2019\/06\/709932-240x172.jpg",240,172,true],"advps-thumb-one":["https:\/\/arantv.az\/wp-content\/uploads\/2019\/06\/709932.jpg",800,600,false]},"rttpg_author":{"display_name":"V\u00fcsal Rafiqo\u011flu","author_link":"https:\/\/arantv.az\/?author=2"},"rttpg_comment":0,"rttpg_category":"<a href=\"https:\/\/arantv.az\/?cat=7\" rel=\"category\">D\u00fcnya<\/a>","rttpg_excerpt":"Rusiya Prezidenti Vladimir Putinl\u0259 Erm\u0259nistan\u0131n ba\u015f naziri Nikol Pa\u015finyan aras\u0131nda g\u00f6r\u00fc\u015f ke\u00e7irilib. ARANTV.AZ trend-\u0259 istinad\u0259n x\u0259b\u0259r verir ki, g\u00f6r\u00fc\u015f zaman\u0131 ikit\u0259r\u0259fli m\u00fcnasib\u0259tl\u0259rl\u0259 ba\u011fl\u0131 m\u0259s\u0259l\u0259l\u0259r m\u00fczakir\u0259 olunub. Rusiya Prezidentinin m\u0259tbuat katibi Dmitri Peskov bildirib ki, t\u0259r\u0259fl\u0259r aras\u0131nda Da\u011fl\u0131q Qaraba\u011f m\u00fcnaqi\u015f\u0259si m\u00fczakir\u0259 olunmay\u0131b: &#8220;Da\u011fl\u0131q Qaraba\u011f m\u0259s\u0259l\u0259sin\u0259 toxunulmay\u0131b. \u0130kit\u0259r\u0259fli m\u00fcnasib\u0259tl\u0259rl\u0259 v\u0259 ticari-iqtisadi \u0259m\u0259kda\u015fl\u0131\u011f\u0131n m\u00fcxt\u0259lif aspektl\u0259ri il\u0259 ba\u011fl\u0131 \u0259trafl\u0131&hellip;","_links":{"self":[{"href":"https:\/\/arantv.az\/index.php?rest_route=\/wp\/v2\/posts\/64780"}],"collection":[{"href":"https:\/\/arantv.az\/index.php?rest_route=\/wp\/v2\/posts"}],"about":[{"href":"https:\/\/arantv.az\/index.php?rest_route=\/wp\/v2\/types\/post"}],"author":[{"embeddable":true,"href":"https:\/\/arantv.az\/index.php?rest_route=\/wp\/v2\/users\/2"}],"replies":[{"embeddable":true,"href":"https:\/\/arantv.az\/index.php?rest_route=%2Fwp%2Fv2%2Fcomments&post=64780"}],"version-history":[{"count":0,"href":"https:\/\/arantv.az\/index.php?rest_route=\/wp\/v2\/posts\/64780\/revisions"}],"wp:featuredmedia":[{"embeddable":true,"href":"https:\/\/arantv.az\/index.php?rest_route=\/wp\/v2\/media\/64781"}],"wp:attachment":[{"href":"https:\/\/arantv.az\/index.php?rest_route=%2Fwp%2Fv2%2Fmedia&parent=64780"}],"wp:term":[{"taxonomy":"category","embeddable":true,"href":"https:\/\/arantv.az\/index.php?rest_route=%2Fwp%2Fv2%2Fcategories&post=64780"},{"taxonomy":"post_tag","embeddable":true,"href":"https:\/\/arantv.az\/index.php?rest_route=%2Fwp%2Fv2%2Ftags&post=64780"}],"curies":[{"name":"wp","href":"https:\/\/api.w.org\/{rel}","templated":true}]}}