{"id":647819,"date":"2023-10-20T13:01:47","date_gmt":"2023-10-20T09:01:47","guid":{"rendered":"https:\/\/arantv.az\/?p=647819"},"modified":"2023-10-20T13:01:47","modified_gmt":"2023-10-20T09:01:47","slug":"ust-d%c9%99n-v%c9%99ba-il%c9%99-bagli-h%c9%99y%c9%99can-t%c9%99bili-30-dan-cox-olk%c9%99d%c9%99-askar-edilib","status":"publish","type":"post","link":"https:\/\/arantv.az\/?p=647819","title":{"rendered":"\u00dcST-d\u0259n v\u0259ba il\u0259 ba\u011fl\u0131 h\u0259y\u0259can t\u0259bili: \u201c30-dan \u00e7ox \u00f6lk\u0259d\u0259 a\u015fkar edilib\u201d"},"content":{"rendered":"<p>\u201cBu il az\u0131 31 \u00f6lk\u0259d\u0259 v\u0259ba epidemiyas\u0131 qeyd\u0259 al\u0131n\u0131b. Bu, d\u00fcnyada t\u0259xmin\u0259n bir\u00a0milyard insan\u0131n x\u0259st\u0259l\u0259nm\u0259k riski il\u0259 \u00fcz-\u00fcz\u0259 qalmas\u0131 dem\u0259kdir\u201d.<\/p>\n<p>Bunu \u00dcmumd\u00fcnya S\u0259hiyy\u0259 T\u0259\u015fkilat\u0131n\u0131n (\u00dcST) ba\u015f direktoru Tedros Adhanom Qebreyesus Cenevr\u0259d\u0259ki diplomatik missiyalar\u0131n n\u00fcmay\u0259nd\u0259l\u0259ri qar\u015f\u0131s\u0131nda \u00e7\u0131x\u0131\u015f\u0131nda b\u0259yan edib.<\/p>\n<p>O, 2022-ci ild\u0259 v\u0259ba x\u0259b\u0259rl\u0259rinin say\u0131n\u0131n 2021-ci il\u0259 nisb\u0259t\u0259n iki d\u0259f\u0259 artd\u0131\u011f\u0131n\u0131, bu il is\u0259 daha da pis oldu\u011funu vur\u011fulay\u0131b:<\/p>\n<p>\u201cBiz bu x\u0259st\u0259liyi \u00e7oxdan m\u0259\u011flub etm\u0259liydik, o is\u0259 faktiki\u00a0 olaraq b\u00f6y\u00fcy\u00fcr\u201d, &#8211; dey\u0259 \u00dcST r\u0259hb\u0259ri bildirib.<\/p>\n<p>Qebreyesus haz\u0131rda \u0259n \u00e7ox narahatl\u0131q do\u011furan hadis\u0259l\u0259rin Burundi, Kamerun, Konqo Demokratik Respublikas\u0131, Efiopiya, Tanzaniya, Sudan, Suriya v\u0259 Zimbabved\u0259 oldu\u011funu qeyd edib. Onun s\u00f6zl\u0259rin\u0259 g\u00f6r\u0259, Afrikan\u0131n c\u0259nubunda x\u0259st\u0259liy\u0259 n\u0259zar\u0259td\u0259 \u0259h\u0259miyy\u0259tli ir\u0259lil\u0259yi\u015f \u0259ld\u0259 edilib, lakin ya\u011f\u0131\u015fl\u0131 m\u00f6vs\u00fcm ciddi epidemiyalar\u0131n ba\u015f verm\u0259 riskini art\u0131r\u0131r.<\/p>\n<p>\u201cUzun ill\u0259r \u0259vv\u0259l v\u0259ba x\u0259st\u0259liyini aradan qald\u0131ran \u00f6lk\u0259l\u0259rin bu il bu x\u0259st\u0259liyin yenid\u0259n t\u0259krarlanmas\u0131 il\u0259 \u00fczl\u0259\u015fm\u0259si x\u00fcsusil\u0259 narahatedicidir\u201d, &#8211; dey\u0259n \u00dcST r\u0259hb\u0259ri v\u0259ba peyv\u0259ndi d\u0259 daxil olmaqla h\u0259yati vacib ehtiyatlar\u0131n ciddi \u00e7at\u0131\u015fmazl\u0131\u011f\u0131na da diqq\u0259t \u00e7\u0259kib.<\/p>\n<p>O, d\u00fcnya ictimaiyy\u0259tini v\u0259ba il\u0259 m\u00fcbariz\u0259 \u00fc\u00e7\u00fcn 160 milyon dollar t\u0259l\u0259bin\u0259 cavab verm\u0259y\u0259 \u00e7a\u011f\u0131r\u0131b.<\/p>\n<p>Oktyabr\u0131n \u0259vv\u0259lind\u0259 Cenevr\u0259d\u0259 d\u0259rc olunan \u00dcST x\u0259b\u0259r b\u00fclletenin\u0259 g\u00f6r\u0259, ilin \u0259vv\u0259lind\u0259n v\u0259baya yoluxma hallar\u0131n\u0131n say\u0131 582 mini ke\u00e7ib, 4,5 mind\u0259n \u00e7ox insan d\u00fcnyas\u0131n\u0131 d\u0259yi\u015fib.<\/p>\n<p>V\u0259ba &#8211;\u00a0v\u0259ba vibrionlar\u0131 t\u0259r\u0259find\u0259n t\u00f6r\u0259dil\u0259n x\u00fcsusil\u0259 t\u0259hl\u00fck\u0259li yoluxucu x\u0259st\u0259likdir. Patogen orqanizm\u0259 \u00e7irkl\u0259nmi\u015f qida v\u0259 ya su il\u0259 daxil olduqda ba\u015f verir.<\/p>\n<p>M\u0259nb\u0259: TASS<\/p>\n","protected":false},"excerpt":{"rendered":"<p>\u201cBu il az\u0131 31 \u00f6lk\u0259d\u0259 v\u0259ba epidemiyas\u0131 qeyd\u0259 al\u0131n\u0131b. Bu, d\u00fcnyada t\u0259xmin\u0259n bir\u00a0milyard insan\u0131n x\u0259st\u0259l\u0259nm\u0259k riski il\u0259 \u00fcz-\u00fcz\u0259 qalmas\u0131 dem\u0259kdir\u201d. Bunu \u00dcmumd\u00fcnya S\u0259hiyy\u0259 T\u0259\u015fkilat\u0131n\u0131n (\u00dcST) ba\u015f direktoru Tedros Adhanom Qebreyesus Cenevr\u0259d\u0259ki diplomatik missiyalar\u0131n n\u00fcmay\u0259nd\u0259l\u0259ri qar\u015f\u0131s\u0131nda \u00e7\u0131x\u0131\u015f\u0131nda b\u0259yan edib. O, 2022-ci ild\u0259 v\u0259ba x\u0259b\u0259rl\u0259rinin say\u0131n\u0131n 2021-ci il\u0259 nisb\u0259t\u0259n iki d\u0259f\u0259 artd\u0131\u011f\u0131n\u0131, bu il is\u0259 daha da pis oldu\u011funu vur\u011fulay\u0131b: \u201cBiz bu x\u0259st\u0259liyi \u00e7oxdan m\u0259\u011flub etm\u0259liydik, o is\u0259 faktiki\u00a0 olaraq b\u00f6y\u00fcy\u00fcr\u201d, &#8211; dey\u0259 \u00dcST r\u0259hb\u0259ri bildirib. Qebreyesus haz\u0131rda \u0259n \u00e7ox narahatl\u0131q do\u011furan hadis\u0259l\u0259rin Burundi, Kamerun, Konqo Demokratik Respublikas\u0131, Efiopiya, Tanzaniya, Sudan, Suriya&hellip;<\/p>\n","protected":false},"author":2,"featured_media":647822,"comment_status":"closed","ping_status":"closed","sticky":false,"template":"","format":"standard","meta":{"om_disable_all_campaigns":false,"_monsterinsights_skip_tracking":false,"_monsterinsights_sitenote_active":false,"_monsterinsights_sitenote_note":"","_monsterinsights_sitenote_category":0},"categories":[7],"tags":[],"aioseo_notices":[],"gutentor_comment":0,"rttpg_featured_image_url":{"full":["https:\/\/arantv.az\/wp-content\/uploads\/2023\/10\/4-1.jpg",620,413,false],"landscape":["https:\/\/arantv.az\/wp-content\/uploads\/2023\/10\/4-1.jpg",620,413,false],"portraits":["https:\/\/arantv.az\/wp-content\/uploads\/2023\/10\/4-1.jpg",620,413,false],"thumbnail":["https:\/\/arantv.az\/wp-content\/uploads\/2023\/10\/4-1-500x280.jpg",500,280,true],"medium":["https:\/\/arantv.az\/wp-content\/uploads\/2023\/10\/4-1-548x365.jpg",548,365,true],"large":["https:\/\/arantv.az\/wp-content\/uploads\/2023\/10\/4-1.jpg",620,413,false],"1536x1536":["https:\/\/arantv.az\/wp-content\/uploads\/2023\/10\/4-1.jpg",620,413,false],"2048x2048":["https:\/\/arantv.az\/wp-content\/uploads\/2023\/10\/4-1.jpg",620,413,false],"post-thumbnail":["https:\/\/arantv.az\/wp-content\/uploads\/2023\/10\/4-1-240x172.jpg",240,172,true],"advps-thumb-one":["https:\/\/arantv.az\/wp-content\/uploads\/2023\/10\/4-1.jpg",620,413,false]},"rttpg_author":{"display_name":"V\u00fcsal Rafiqo\u011flu","author_link":"https:\/\/arantv.az\/?author=2"},"rttpg_comment":0,"rttpg_category":"<a href=\"https:\/\/arantv.az\/?cat=7\" rel=\"category\">D\u00fcnya<\/a>","rttpg_excerpt":"\u201cBu il az\u0131 31 \u00f6lk\u0259d\u0259 v\u0259ba epidemiyas\u0131 qeyd\u0259 al\u0131n\u0131b. Bu, d\u00fcnyada t\u0259xmin\u0259n bir\u00a0milyard insan\u0131n x\u0259st\u0259l\u0259nm\u0259k riski il\u0259 \u00fcz-\u00fcz\u0259 qalmas\u0131 dem\u0259kdir\u201d. Bunu \u00dcmumd\u00fcnya S\u0259hiyy\u0259 T\u0259\u015fkilat\u0131n\u0131n (\u00dcST) ba\u015f direktoru Tedros Adhanom Qebreyesus Cenevr\u0259d\u0259ki diplomatik missiyalar\u0131n n\u00fcmay\u0259nd\u0259l\u0259ri qar\u015f\u0131s\u0131nda \u00e7\u0131x\u0131\u015f\u0131nda b\u0259yan edib. O, 2022-ci ild\u0259 v\u0259ba x\u0259b\u0259rl\u0259rinin say\u0131n\u0131n 2021-ci il\u0259 nisb\u0259t\u0259n iki d\u0259f\u0259 artd\u0131\u011f\u0131n\u0131, bu il is\u0259 daha da&hellip;","_links":{"self":[{"href":"https:\/\/arantv.az\/index.php?rest_route=\/wp\/v2\/posts\/647819"}],"collection":[{"href":"https:\/\/arantv.az\/index.php?rest_route=\/wp\/v2\/posts"}],"about":[{"href":"https:\/\/arantv.az\/index.php?rest_route=\/wp\/v2\/types\/post"}],"author":[{"embeddable":true,"href":"https:\/\/arantv.az\/index.php?rest_route=\/wp\/v2\/users\/2"}],"replies":[{"embeddable":true,"href":"https:\/\/arantv.az\/index.php?rest_route=%2Fwp%2Fv2%2Fcomments&post=647819"}],"version-history":[{"count":0,"href":"https:\/\/arantv.az\/index.php?rest_route=\/wp\/v2\/posts\/647819\/revisions"}],"wp:featuredmedia":[{"embeddable":true,"href":"https:\/\/arantv.az\/index.php?rest_route=\/wp\/v2\/media\/647822"}],"wp:attachment":[{"href":"https:\/\/arantv.az\/index.php?rest_route=%2Fwp%2Fv2%2Fmedia&parent=647819"}],"wp:term":[{"taxonomy":"category","embeddable":true,"href":"https:\/\/arantv.az\/index.php?rest_route=%2Fwp%2Fv2%2Fcategories&post=647819"},{"taxonomy":"post_tag","embeddable":true,"href":"https:\/\/arantv.az\/index.php?rest_route=%2Fwp%2Fv2%2Ftags&post=647819"}],"curies":[{"name":"wp","href":"https:\/\/api.w.org\/{rel}","templated":true}]}}