{"id":647928,"date":"2023-10-20T15:26:20","date_gmt":"2023-10-20T11:26:20","guid":{"rendered":"https:\/\/arantv.az\/?p=647928"},"modified":"2023-10-20T15:26:20","modified_gmt":"2023-10-20T11:26:20","slug":"sensasiya-az%c9%99rbaycan-niy%c9%99-nato-ya-uzv-olmalidir-turkiy%c9%99-bufer-zonasi-yarada-bil%c9%99r","status":"publish","type":"post","link":"https:\/\/arantv.az\/?p=647928","title":{"rendered":"SENSAS\u0130YA! \u201cAz\u0259rbaycan niy\u0259 NATO-ya \u00fczv olmal\u0131d\u0131r?\u201d -T\u00fcrkiy\u0259 bufer zonas\u0131 yarada bil\u0259r"},"content":{"rendered":"<p><strong>Bug\u00fcnl\u0259rd\u0259 qaba\u011f\u0131ma bir Q\u0259rb analitikinin yaz\u0131s\u0131 \u00e7\u0131xd\u0131. \u201cWhy Azerbaijan should join NATO\u201d (Az\u0259rbaycan niy\u0259 NATO-ya \u00fczv olmal\u0131d\u0131r?) adl\u0131 m\u0259qal\u0259d\u0259 Az\u0259rbaycan oxucusu \u00fc\u00e7\u00fcn maraql\u0131 ola bil\u0259c\u0259k xeyli m\u0259qamlar var. Kanadan\u0131n Toronto \u015f\u0259h\u0259rind\u0259n yay\u0131mlanan \u201cgeopoliticalmonitor.com\u201d sayt\u0131nda \u00e7\u0131x\u0131\u015f ed\u0259n h\u00fcquq, tarix v\u0259 siyasi elml\u0259r \u00fczr\u0259 m\u00fct\u0259x\u0259ssis olan George Monastiriakos yaz\u0131r ki, Rusiyan\u0131n Ukraynada apard\u0131\u011f\u0131 m\u00fcharib\u0259 fonunda Va\u015finqton v\u0259 Br\u00fcsselin NATO-nu daha da g\u00fccl\u0259ndirm\u0259si laz\u0131m g\u0259lir. Finlandiyan\u0131n NATO-ya q\u0259bulu, \u0130sve\u00e7in is\u0259 q\u0259bul \u0259r\u0259f\u0259sind\u0259 olmas\u0131 bu t\u0259l\u0259batdan ir\u0259li g\u0259lir: \u201c2023-c\u00fc ilin sentyabr\u0131nda Bak\u0131 Az\u0259rbaycan\u0131n Qaraba\u011f b\u00f6lg\u0259sind\u0259 beyn\u0259lxalq s\u0259viyy\u0259d\u0259 tan\u0131nmam\u0131\u015f \u201cartsax\u201d aradan g\u00f6t\u00fcrd\u00fc v\u0259 30 illik erm\u0259ni h\u0259rbi i\u015f\u011fal\u0131ndan sonra \u00f6z \u0259razi b\u00fct\u00f6vl\u00fcy\u00fcn\u00fc b\u0259rpa etdi. Az\u0259rbaycan v\u0259 Erm\u0259nistan aras\u0131nda s\u00fclh m\u00fcqavil\u0259si imzaland\u0131qdan sonra Bak\u0131 Alyans\u0131n a\u00e7\u0131q qap\u0131 siyas\u0259ti vasit\u0259sil\u0259 NATO-ya \u00fczvl\u00fck \u00fc\u00e7\u00fcn m\u00fcraci\u0259t etm\u0259kd\u0259 s\u0259rb\u0259st olacaq. Va\u015finqton v\u0259 Br\u00fcsselin bu m\u00fcraci\u0259t\u0259 m\u00fcsb\u0259t yana\u015fmas\u0131 m\u00fcdrik add\u0131m olard\u0131\u201d.<\/strong><\/p>\n<p>M\u0259qal\u0259nin bu yerind\u0259 m\u00fc\u0259llif Az\u0259rbaycan\u0131n yaral\u0131 yerin\u0259 toxunur, y\u0259ni sar\u0131 sim\u0259 vurur: \u201cQ\u0259rb siyas\u0259t\u00e7il\u0259ri erm\u0259ni diasporundak\u0131 se\u00e7icil\u0259r v\u0259 donorlar qar\u015f\u0131s\u0131nda sadiqlik n\u00fcmayi\u015f etdirirl\u0259r. Onlar diaspor se\u00e7icil\u0259rini raz\u0131 salmaq \u00fc\u00e7\u00fcn Az\u0259rbaycan\u0131n Qaraba\u011f b\u00f6lg\u0259sind\u0259 erm\u0259ni separat\u00e7\u0131lar\u0131na ard\u0131c\u0131l \u015f\u0259kild\u0259 h\u0259mr\u0259ylik g\u00f6st\u0259rirl\u0259r. \u00d6z milli maraqlar\u0131na arxa \u00e7evir\u0259r\u0259k, Q\u0259rb ittifaq\u0131n\u0131 qoruyub saxlamaq v\u0259 g\u00fccl\u0259nm\u0259sin\u0259 ziyan vurmaq hesab\u0131na erm\u0259nil\u0259r\u0259 d\u0259st\u0259k verirl\u0259r.\u00a0 M\u0259s\u0259l\u0259n: Fransa iki h\u0259ft\u0259 \u0259vv\u0259l Qranadada Bak\u0131 v\u0259 \u0130r\u0259van aras\u0131nda s\u00fclh dan\u0131\u015f\u0131qlar\u0131n\u0131 sabotaj etdi. Halbuki g\u00fcnahs\u0131z v\u0259 m\u00fcdafi\u0259siz Ukrayna v\u0259t\u0259nda\u015flar\u0131n\u0131 \u00f6ld\u00fcr\u0259n \u0130ran istehsal\u0131 silahlar Erm\u0259nistan \u00fcz\u0259rind\u0259n Rusiyaya da\u015f\u0131n\u0131r. Fransa is\u0259 Kollektiv T\u0259hl\u00fck\u0259sizlik M\u00fcqavil\u0259si T\u0259\u015fkilat\u0131 (KTMT) \u00fczv\u00fc olan Erm\u0259nistana silah sataca\u011f\u0131n\u0131 b\u0259yan etdi\u201d&#8230;<\/p>\n<p><img loading=\"lazy\" src=\"https:\/\/cdn.musavat.com\/news\/thumbnails\/a6afba4c425bff9568802d63ef19db78.jpg\" alt=\"fransa.jpg (67 KB)\" width=\"653\" height=\"368\" \/><\/p>\n<p>M\u00fc\u0259llif birm\u0259nal\u0131 \u015f\u0259kild\u0259 deyir ki, Q\u0259rbin bir \u00e7ox siyas\u0259t\u00e7il\u0259ri erm\u0259ni diasporunu t\u0259msil ed\u0259n se\u00e7icil\u0259rin s\u0259sini v\u0259 diaspor t\u0259\u015fkilat\u0131n\u0131n maliyy\u0259 d\u0259st\u0259yini almaq \u00fc\u00e7\u00fcn \u00f6z milli v\u0259 d\u00f6vl\u0259t maraqlar\u0131na x\u0259yan\u0259t edirl\u0259r. Konkret olaraq Fransa, AB\u015e (\u0259vv\u0259ll\u0259r Rusiya da bu siyah\u0131da yer al\u0131rd\u0131) v\u0259 Kanadada biz bu tendensiyan\u0131 ayd\u0131n \u015f\u0259kild\u0259 g\u00f6r\u00fcr\u00fck. George Monastiriakos hesab edir ki, bu, yanl\u0131\u015f yoldur:\u201cArtsax\u201d\u0131n \u0259n g\u00fccl\u00fc dayaq bazas\u0131 olan diaspora z\u0259ngin v\u0259 n\u00fcfuzludur. Onlar rahat \u015f\u0259kild\u0259 Q\u0259rbd\u0259 t\u0259hl\u00fck\u0259d\u0259n uzaqdad\u0131rlar. Erm\u0259nistan\u0131n \u00f6z\u00fc is\u0259 kas\u0131b, z\u0259ifdir v\u0259 qorxulu Qafqazda t\u0259hl\u00fck\u0259 il\u0259 \u0259hat\u0259 olunub. Niy\u0259? \u00d6lk\u0259 \u00fc\u00e7 onillikdir ki, q\u0259rbd\u0259n T\u00fcrkiy\u0259, \u015f\u0259rqd\u0259n is\u0259 Az\u0259rbaycan t\u0259r\u0259find\u0259n blokadadad\u0131r. Ona g\u00f6r\u0259 d\u0259 Erm\u0259nistan\u0131n iqtisadiyyat\u0131 \u015fimalda Rusiyan\u0131n i\u015f\u011fal\u0131 alt\u0131nda olan G\u00fcrc\u00fcstana, c\u0259nubda is\u0259 \u0130ranla bir s\u0259rh\u0259d ke\u00e7idin\u0259 \u0259saslan\u0131r. Status-kvo 30 il \u0259rzind\u0259 Az\u0259rbaycanda separat\u00e7\u0131 qurumu saxlama\u011f\u0131n h\u0259dsiz insani, iqtisadi, diplomatik v\u0259 geosiyasi x\u0259rcl\u0259rini \u00f6d\u0259mi\u015f Erm\u0259nistan\u0131 yaman g\u00fcn\u0259 qoyurdu. Ancaq Q\u0259rb siyas\u0259t\u00e7il\u0259ri ard\u0131c\u0131l olaraq erm\u0259ni diasporundan g\u0259l\u0259n s\u0259sl\u0259r m\u00fcqabilind\u0259 \u201cartsax\u201d m\u00fcdafi\u0259si \u00fc\u00e7\u00fcn can qoyurdular\u201d&#8230;<\/p>\n<p><strong>M\u0259qal\u0259d\u0259 daha sonra vur\u011fulan\u0131r ki, Rusiya il\u0259 i\u015fg\u00fczar m\u00fcnasib\u0259tl\u0259ri saxlamas\u0131na baxmayaraq, Az\u0259rbaycan h\u0259mi\u015f\u0259 Q\u0259rb \u00fc\u00e7\u00fcn \u0259v\u0259zolunmaz strateji t\u0259r\u0259fda\u015f olub:<\/strong><\/p>\n<p>\u201cBak\u0131 Avropa \u0130ttifaq\u0131na (A\u0130) neft v\u0259 qaz ixrac edir. Br\u00fcssel Bak\u0131 olmadan Rusiyadan enerji m\u00fcst\u0259qilliyin\u0259 nail olmaqda \u00e7\u0259tinlik \u00e7\u0259k\u0259c\u0259k. Br\u00fcssel h\u0259m d\u0259 Az\u0259rbaycan\u0131n \u0259n b\u00f6y\u00fck ticar\u0259t t\u0259r\u0259fda\u015f\u0131d\u0131r. Bak\u0131 bu yax\u0131nlarda Rusiyan\u0131 bir n\u00f6mr\u0259li silah t\u0259dar\u00fck\u00e7\u00fcs\u00fc kimi \u0259v\u0259z ed\u0259n \u0130srail il\u0259 m\u00fch\u00fcm t\u0259hl\u00fck\u0259sizlik t\u0259r\u0259fda\u015fl\u0131\u011f\u0131n\u0131 saxlay\u0131r. T\u00fcrkiy\u0259 v\u0259 Az\u0259rbaycan o q\u0259d\u0259r yax\u0131nd\u0131r ki, \u00f6zl\u0259rini iki d\u00f6vl\u0259tli bir mill\u0259t hesab edirl\u0259r. Ankaradan ba\u015fqa, C\u0259nubi Qafqazda yegan\u0259 Ukrayna y\u00f6nl\u00fc \u00f6lk\u0259 d\u0259 Az\u0259rbaycand\u0131r. \u00dcst\u0259lik, Az\u0259rbaycan\u0131n \u0130ranla m\u00fcbahis\u0259l\u0259ri onu Q\u0259rb \u00fc\u00e7\u00fcn t\u0259bii m\u00fctt\u0259fiq\u0259 \u00e7evirir\u201d.<\/p>\n<p><img loading=\"lazy\" src=\"https:\/\/cdn.musavat.com\/news\/thumbnails\/572b6e1d22e85fe0bfbca6f026cfb578.jpg\" alt=\"bayraq.jpg (82 KB)\" width=\"700\" height=\"388\" \/><\/p>\n<p>G\u00f6rd\u00fcy\u00fcn\u00fcz kimi, Q\u0259rbd\u0259 d\u0259 siyasi prosesl\u0259r\u0259 praqmatik yana\u015fan m\u00fct\u0259x\u0259ssisl\u0259r var. Adam Q\u0259rb auditoriyas\u0131na izah edir ki, Q\u0259rbin \u0259sas d\u00fc\u015fm\u0259ni Rusiya v\u0259 \u0130rand\u0131r. H\u0259r iki c\u0259bh\u0259d\u0259 Az\u0259rbaycan Q\u0259rb \u00fc\u00e7\u00fcn vazke\u00e7ilm\u0259z m\u00fctt\u0259fiq ola bil\u0259r. T\u00fcrkiy\u0259-Az\u0259rbaycan birliyin\u0259 vur\u011fu yapan analitik deyir ki, onsuz da T\u00fcrkiy\u0259 NATO-nun \u00fczv\u00fcd\u00fcr. Az\u0259rbaycan ordusu da T\u00fcrkiy\u0259 modeli \u0259sas\u0131nda formala\u015f\u0131r: \u201cBundan ba\u015fqa, Az\u0259rbaycan\u0131n NATO-ya \u00fczvl\u00fcy\u00fc Alyansa anti-Q\u0259rb m\u00f6vqeyind\u0259 olan Rusiya v\u0259 \u0130ran\u0131n arxa ba\u011f\u00e7as\u0131nda l\u00f6vb\u0259r salma\u011fa imkan ver\u0259c\u0259k. Bu, Alyansa X\u0259z\u0259r d\u0259nizind\u0259 d\u0259niz donanmas\u0131n\u0131 saxlama\u011fa, g\u00fcc\u00fcn\u00fc M\u0259rk\u0259zi Asiyan\u0131n d\u0259rinlikl\u0259rin\u0259 \u00e7\u0131xarma\u011fa v\u0259 NATO-nu \u0130ranla 600 kilometrd\u0259n \u00e7ox, Rusiya il\u0259 is\u0259 daha 300 kilometr uzunlu\u011funda s\u0259rh\u0259dl\u0259 t\u0259min etm\u0259y\u0259 imkan ver\u0259 bil\u0259r. T\u00fcrkiy\u0259 kimi Alyans da \u0130randan Avropaya at\u0131lan ballistik raketl\u0259r \u00fc\u00e7\u00fcn ikinci erk\u0259n x\u0259b\u0259rdarl\u0131q radar\u0131 qura\u015fd\u0131raraq hava h\u00fccumundan m\u00fcdafi\u0259sini g\u00fccl\u0259ndir\u0259 bil\u0259r. B\u00fct\u00fcn bunlar Q\u0259rbin d\u00fc\u015fm\u0259nl\u0259rini \u00e7\u0259kindirm\u0259k, onlardan m\u00fcdafi\u0259 olunmaq v\u0259 q\u00fcvv\u0259l\u0259r balans\u0131n\u0131 tarazla\u015fd\u0131rmaq \u00fc\u00e7\u00fcn z\u0259ruridir\u201d. \u0130ranla ba\u011fl\u0131 m\u00fc\u0259llif ona da diqq\u0259t \u00e7\u0259kir ki, \u0130randa ya\u015fayan az\u0259rbaycanl\u0131lar\u0131n say\u0131 Az\u0259rbaycan \u0259halisind\u0259n qat-qat \u00e7oxdur&#8230;<\/p>\n<p><img loading=\"lazy\" src=\"https:\/\/cdn.musavat.com\/news\/thumbnails\/9ff14bd9952ea72cf5b2574a4f39f76e.jpg\" alt=\"iran.jpg (230 KB)\" width=\"700\" height=\"467\" \/><\/p>\n<p>G\u00f6rd\u00fcy\u00fcn\u00fcz kimi, m\u00fc\u0259llif birm\u0259nal\u0131 \u015f\u0259kild\u0259 v\u0259 m\u0259ntiqi izahla Az\u0259rbaycan\u0131n Q\u0259rb \u00fc\u00e7\u00fcn n\u0259 q\u0259d\u0259r \u00f6n\u0259mli \u00f6lk\u0259 oldu\u011funu ortaya qoyur. V\u0259 deyir ki, Q\u0259rb \u00fc\u00e7\u00fcn x\u00fcsusi \u00f6n\u0259m da\u015f\u0131yan bir \u00f6lk\u0259ni erm\u0259ni diasporunun s\u0259rs\u0259m iddialar\u0131na g\u00f6r\u0259 ittiham etm\u0259k \u00f6z h\u0259yati maraqlar\u0131n\u0131n \u00fcst\u00fcnd\u0259n qara x\u0259tt \u00e7\u0259km\u0259k kimi bir \u015feydir. V\u0259 bu davran\u0131\u015f praqmatik Q\u0259rb\u0259 q\u0259tiyy\u0259n yara\u015fm\u0131r&#8230;<\/p>\n<p>M\u00fc\u0259llif bir az da ir\u0259li ged\u0259r\u0259k yaz\u0131rd\u0131 ki, \u0259slind\u0259, Avropa il\u0259 \u00c7in aras\u0131nda T\u00fcrk D\u00fcnyas\u0131 t\u0259bii bir mane\u0259dir. Bu mane\u0259ni daha da g\u00fccl\u0259ndirm\u0259k laz\u0131md\u0131r. Y\u0259ni T\u00fcrk Birliyin\u0259 d\u0259st\u0259k verm\u0259k Q\u0259rbin strateji maraqlar\u0131na uy\u011fundur: \u201cKe\u00e7\u0259n il m\u0259n t\u0259klif etmi\u015fdim ki, T\u00fcrkiy\u0259nin g\u00f6r\u0259 bil\u0259c\u0259yi \u0259n yax\u015f\u0131 i\u015f T\u00fcrk Orta Asiyas\u0131nda NATO v\u0259 \u00c7in aras\u0131nda bufer zona yaratmaqd\u0131r\u201d.<\/p>\n<p>M\u0259n \u00f6z\u00fcm d\u0259 bu bar\u0259d\u0259 d\u0259f\u0259l\u0259rl\u0259 yazm\u0131\u015fam. \u00d6z d\u00fc\u015f\u00fcnc\u0259l\u0259rini Q\u0259rb m\u0259tbuat\u0131nda oxumaq adama \u00e7ox xo\u015f g\u0259lir. M\u0259ntiq d\u0259 bunu deyir ki, T\u00fcrk D\u00fcnyas\u0131 ortadad\u0131r. D\u00fcnyaya h\u00f6km etm\u0259k u\u011frunda ged\u0259n m\u00fcbariz\u0259d\u0259 t\u00fcrkl\u0259r Q\u0259rbin yan\u0131nda olsa Q\u0259rb, \u00c7inin yan\u0131nda olsa \u00c7in qalib g\u0259l\u0259c\u0259k&#8230;<\/p>\n<p><strong>S\u0131nma n\u00f6qt\u0259si kimin xeyrin\u0259 olacaq? Bax, bunu t\u00fcrkl\u0259r m\u00fc\u0259yy\u0259n ed\u0259c\u0259k.<\/strong><\/p>\n<p>B\u0259s Amerika n\u0259 i\u015f g\u00f6r\u00fcr? NATO-da m\u00fctt\u0259fiqi olan T\u00fcrkiy\u0259y\u0259 F-16 q\u0131r\u0131c\u0131lar\u0131n\u0131 satmaqdan imtina edir. Ba\u015fqa bu kimi yaramazl\u0131qlara imza at\u0131r. Yunan\u0131stan\u0131 T\u00fcrkiy\u0259y\u0259 qar\u015f\u0131 qald\u0131r\u0131r. Qos-qoca T\u00fcrkiy\u0259ni qoyub PKK yanl\u0131s\u0131 k\u00fcrd separat\u00e7\u0131lar\u0131na d\u0259st\u0259k verir. Amerikan\u0131n erm\u0259ni diasporuna n\u00f6k\u0259r\u00e7ilik ed\u0259n sat\u0131lm\u0131\u015f senatorlar\u0131, konqresmenl\u0259ri Az\u0259rbaycana barmaq silk\u0259l\u0259yir. Co Bayden administrasiyas\u0131n\u0131n yeritdiyi bu siyas\u0259t nadanl\u0131\u011f\u0131n bariz n\u00fcmun\u0259si kimi ortadad\u0131r. He\u00e7 \u015f\u00fcbh\u0259siz ki, T\u00fcrkiy\u0259+Az\u0259rbaycan+T\u00fcrk Orta Asiyas\u0131na bel\u0259 bir \u00f6gey m\u00fcnasib\u0259tl\u0259 Q\u0259rb \u00c7inin qar\u015f\u0131s\u0131nda duru\u015f g\u0259tir\u0259 bilm\u0259y\u0259c\u0259k. M\u0259s\u0259l\u0259n, art\u0131q \u00c7in yuan\u0131 avronu arxada qoyaraq dollardan sonra d\u00fcnyan\u0131n \u0259sas valyutas\u0131 kimi ikinci yer\u0259 y\u00fcks\u0259ldi. Bu gedi\u015fl\u0259 3-5 il\u0259 dollar da arxa plana ke\u00e7\u0259c\u0259k. Dollar \u0259sas valyuta rolunu itirm\u0259si is\u0259 Amerika iqtisadiyyat\u0131n\u0131n belini q\u0131racaq. Q\u0259rbin siyasi paytaxtlar\u0131nda bu sad\u0259 h\u0259qiq\u0259ti n\u0259 q\u0259d\u0259r tez anlasalar, bir o q\u0259d\u0259r yax\u015f\u0131d\u0131r&#8230;<\/p>\n<p><strong>Elb\u0259yi H\u0259s\u0259nli, S\u00fcrix<\/strong><\/p>\n<p><a href=\"https:\/\/www.geopoliticalmonitor.com\/why-azerbaijan-should-join-nato\/\" target=\"_blank\" rel=\"noopener\">https:\/\/www.geopoliticalmonitor.com\/why-azerbaijan-should-join-nato\/<\/a><\/p>\n<div class=\"news-author text-left\"><a href=\"https:\/\/www.musavat.com\/author\/elbeyi-hesenli-surix_27\"><img class=\"img-responsive img-author\" src=\"https:\/\/cdn.musavat.com\/authors\/thumbnails\/cfd7ef3a106a8fd69652aadefe26de73.jpg\" \/>Elb\u0259yi H\u018fS\u018fNL\u0130, S\u00dcR\u0130X<\/a><\/div>\n","protected":false},"excerpt":{"rendered":"<p>Bug\u00fcnl\u0259rd\u0259 qaba\u011f\u0131ma bir Q\u0259rb analitikinin yaz\u0131s\u0131 \u00e7\u0131xd\u0131. \u201cWhy Azerbaijan should join NATO\u201d (Az\u0259rbaycan niy\u0259 NATO-ya \u00fczv olmal\u0131d\u0131r?) adl\u0131 m\u0259qal\u0259d\u0259 Az\u0259rbaycan oxucusu \u00fc\u00e7\u00fcn maraql\u0131 ola bil\u0259c\u0259k xeyli m\u0259qamlar var. Kanadan\u0131n Toronto \u015f\u0259h\u0259rind\u0259n yay\u0131mlanan \u201cgeopoliticalmonitor.com\u201d sayt\u0131nda \u00e7\u0131x\u0131\u015f ed\u0259n h\u00fcquq, tarix v\u0259 siyasi elml\u0259r \u00fczr\u0259 m\u00fct\u0259x\u0259ssis olan George Monastiriakos yaz\u0131r ki, Rusiyan\u0131n Ukraynada apard\u0131\u011f\u0131 m\u00fcharib\u0259 fonunda Va\u015finqton v\u0259 Br\u00fcsselin NATO-nu daha da g\u00fccl\u0259ndirm\u0259si laz\u0131m g\u0259lir. Finlandiyan\u0131n NATO-ya q\u0259bulu, \u0130sve\u00e7in is\u0259 q\u0259bul \u0259r\u0259f\u0259sind\u0259 olmas\u0131 bu t\u0259l\u0259batdan ir\u0259li g\u0259lir: \u201c2023-c\u00fc ilin sentyabr\u0131nda Bak\u0131 Az\u0259rbaycan\u0131n Qaraba\u011f b\u00f6lg\u0259sind\u0259 beyn\u0259lxalq s\u0259viyy\u0259d\u0259 tan\u0131nmam\u0131\u015f \u201cartsax\u201d aradan g\u00f6t\u00fcrd\u00fc v\u0259 30 illik&hellip;<\/p>\n","protected":false},"author":2,"featured_media":647929,"comment_status":"closed","ping_status":"closed","sticky":false,"template":"","format":"standard","meta":{"om_disable_all_campaigns":false,"_monsterinsights_skip_tracking":false,"_monsterinsights_sitenote_active":false,"_monsterinsights_sitenote_note":"","_monsterinsights_sitenote_category":0},"categories":[1],"tags":[],"aioseo_notices":[],"gutentor_comment":0,"rttpg_featured_image_url":{"full":["https:\/\/arantv.az\/wp-content\/uploads\/2023\/10\/fcb53c2aad7b893b78a10d4e09ff25ca.jpg",870,420,false],"landscape":["https:\/\/arantv.az\/wp-content\/uploads\/2023\/10\/fcb53c2aad7b893b78a10d4e09ff25ca.jpg",870,420,false],"portraits":["https:\/\/arantv.az\/wp-content\/uploads\/2023\/10\/fcb53c2aad7b893b78a10d4e09ff25ca.jpg",870,420,false],"thumbnail":["https:\/\/arantv.az\/wp-content\/uploads\/2023\/10\/fcb53c2aad7b893b78a10d4e09ff25ca-500x280.jpg",500,280,true],"medium":["https:\/\/arantv.az\/wp-content\/uploads\/2023\/10\/fcb53c2aad7b893b78a10d4e09ff25ca-660x319.jpg",660,319,true],"large":["https:\/\/arantv.az\/wp-content\/uploads\/2023\/10\/fcb53c2aad7b893b78a10d4e09ff25ca-840x406.jpg",640,309,true],"1536x1536":["https:\/\/arantv.az\/wp-content\/uploads\/2023\/10\/fcb53c2aad7b893b78a10d4e09ff25ca.jpg",870,420,false],"2048x2048":["https:\/\/arantv.az\/wp-content\/uploads\/2023\/10\/fcb53c2aad7b893b78a10d4e09ff25ca.jpg",870,420,false],"post-thumbnail":["https:\/\/arantv.az\/wp-content\/uploads\/2023\/10\/fcb53c2aad7b893b78a10d4e09ff25ca-240x172.jpg",240,172,true],"advps-thumb-one":["https:\/\/arantv.az\/wp-content\/uploads\/2023\/10\/fcb53c2aad7b893b78a10d4e09ff25ca.jpg",870,420,false]},"rttpg_author":{"display_name":"V\u00fcsal Rafiqo\u011flu","author_link":"https:\/\/arantv.az\/?author=2"},"rttpg_comment":0,"rttpg_category":"<a href=\"https:\/\/arantv.az\/?cat=1\" rel=\"category\">C\u0259miyy\u0259t<\/a>","rttpg_excerpt":"Bug\u00fcnl\u0259rd\u0259 qaba\u011f\u0131ma bir Q\u0259rb analitikinin yaz\u0131s\u0131 \u00e7\u0131xd\u0131. \u201cWhy Azerbaijan should join NATO\u201d (Az\u0259rbaycan niy\u0259 NATO-ya \u00fczv olmal\u0131d\u0131r?) adl\u0131 m\u0259qal\u0259d\u0259 Az\u0259rbaycan oxucusu \u00fc\u00e7\u00fcn maraql\u0131 ola bil\u0259c\u0259k xeyli m\u0259qamlar var. Kanadan\u0131n Toronto \u015f\u0259h\u0259rind\u0259n yay\u0131mlanan \u201cgeopoliticalmonitor.com\u201d sayt\u0131nda \u00e7\u0131x\u0131\u015f ed\u0259n h\u00fcquq, tarix v\u0259 siyasi elml\u0259r \u00fczr\u0259 m\u00fct\u0259x\u0259ssis olan George Monastiriakos yaz\u0131r ki, Rusiyan\u0131n Ukraynada apard\u0131\u011f\u0131 m\u00fcharib\u0259 fonunda Va\u015finqton v\u0259&hellip;","_links":{"self":[{"href":"https:\/\/arantv.az\/index.php?rest_route=\/wp\/v2\/posts\/647928"}],"collection":[{"href":"https:\/\/arantv.az\/index.php?rest_route=\/wp\/v2\/posts"}],"about":[{"href":"https:\/\/arantv.az\/index.php?rest_route=\/wp\/v2\/types\/post"}],"author":[{"embeddable":true,"href":"https:\/\/arantv.az\/index.php?rest_route=\/wp\/v2\/users\/2"}],"replies":[{"embeddable":true,"href":"https:\/\/arantv.az\/index.php?rest_route=%2Fwp%2Fv2%2Fcomments&post=647928"}],"version-history":[{"count":0,"href":"https:\/\/arantv.az\/index.php?rest_route=\/wp\/v2\/posts\/647928\/revisions"}],"wp:featuredmedia":[{"embeddable":true,"href":"https:\/\/arantv.az\/index.php?rest_route=\/wp\/v2\/media\/647929"}],"wp:attachment":[{"href":"https:\/\/arantv.az\/index.php?rest_route=%2Fwp%2Fv2%2Fmedia&parent=647928"}],"wp:term":[{"taxonomy":"category","embeddable":true,"href":"https:\/\/arantv.az\/index.php?rest_route=%2Fwp%2Fv2%2Fcategories&post=647928"},{"taxonomy":"post_tag","embeddable":true,"href":"https:\/\/arantv.az\/index.php?rest_route=%2Fwp%2Fv2%2Ftags&post=647928"}],"curies":[{"name":"wp","href":"https:\/\/api.w.org\/{rel}","templated":true}]}}