{"id":64796,"date":"2019-06-07T14:37:30","date_gmt":"2019-06-07T11:37:30","guid":{"rendered":"http:\/\/arantv.az\/?p=64796"},"modified":"2019-06-07T14:37:30","modified_gmt":"2019-06-07T11:37:30","slug":"az%c9%99rbaycanda-qaracilar-t%c9%99r%c9%99find%c9%99n-usaq-ogurluguna-rast-g%c9%99linm%c9%99yib","status":"publish","type":"post","link":"https:\/\/arantv.az\/?p=64796","title":{"rendered":"Az\u0259rbaycanda qara\u00e7\u0131lar t\u0259r\u0259find\u0259n u\u015faq o\u011furlu\u011funa rast g\u0259linm\u0259yib"},"content":{"rendered":"<p>&#8220;Bu g\u00fcn\u0259 q\u0259d\u0259r Az\u0259rbaycanda qara\u00e7\u0131lar t\u0259r\u0259find\u0259n u\u015faq o\u011furlanmas\u0131na rast g\u0259linm\u0259yib&#8221;.<\/p>\n<p><b>ARANTV.AZ\u00a0<\/b>bildirir ki, bunu APA-ya Ail\u0259, Qad\u0131n v\u0259 U\u015faq Probleml\u0259ri \u00fczr\u0259 D\u00f6vl\u0259t Komit\u0259sinin U\u015faq probleml\u0259ri \u015f\u00f6b\u0259sinin \u0259m\u0259kda\u015f\u0131 P\u0259rviz \u018fliyev deyib.<\/p>\n<div id=\"AdviadNativeVideo0\" class=\"AdviadNativeVideo\"><\/div>\n<p>Onun s\u00f6zl\u0259rin\u0259 g\u00f6r\u0259, u\u015faqlar\u0131n qara\u00e7\u0131lar t\u0259r\u0259find\u0259n o\u011furlanaraq u\u015faq \u0259m\u0259yin\u0259 v\u0259 ya hans\u0131sa f\u0259aliyy\u0259t n\u00f6v\u00fcn\u0259 c\u0259lb edilm\u0259si il\u0259 ba\u011fl\u0131 D\u00f6vl\u0259t Komit\u0259sin\u0259 h\u0259r hans\u0131 m\u00fcraci\u0259t daxil olmay\u0131b.<\/p>\n<p>P. \u018fliyev bildirib ki, D\u00f6vl\u0259t Komit\u0259si t\u0259r\u0259find\u0259n qara\u00e7\u0131larla ba\u011fl\u0131 d\u0259f\u0259l\u0259rl\u0259 t\u0259dqiqat-ara\u015fd\u0131rma apar\u0131l\u0131b: &#8220;Biz onlar\u0131n kompakt ya\u015fad\u0131qlar\u0131 yerl\u0259rd\u0259 d\u0259 monitorinq aparm\u0131\u015f\u0131q. Qara\u00e7\u0131 ail\u0259l\u0259rind\u0259 olan u\u015faqlar onlar t\u0259r\u0259find\u0259n d\u00fcnyaya g\u0259tiril\u0259n u\u015faqlard\u0131r. Monitorinql\u0259rimiz zaman\u0131 da qara\u00e7\u0131 ail\u0259l\u0259rind\u0259 k\u0259nardan g\u00f6t\u00fcr\u00fclm\u0259 u\u015faqlara rast g\u0259linm\u0259yib&#8221;.<\/p>\n<p>D\u00f6vl\u0259t Komit\u0259sinin r\u0259smisi onu da vur\u011fulay\u0131b ki, 3 ya\u015fl\u0131 Z\u0259hra Ba\u011f\u0131rzad\u0259nin qara\u00e7\u0131lar t\u0259r\u0259find\u0259n qa\u00e7\u0131r\u0131lmas\u0131 h\u0259l\u0259 r\u0259smi t\u0259sdiqini tapmay\u0131b, bu, ilkin ehtimald\u0131r: &#8220;Faktla ba\u011fl\u0131 aidiyy\u0259ti \u00fczr\u0259 ara\u015fd\u0131rma apar\u0131l\u0131r. Ara\u015fd\u0131rma tam ba\u015fa \u00e7atd\u0131qdan sonra h\u0259r \u015fey m\u0259lum olacaq&#8221;.<\/p>\n<p>Xat\u0131rladaq ki, iyunun 4-d\u0259 evl\u0259rinin yax\u0131nl\u0131\u011f\u0131nda m\u00fc\u0259mmal\u0131 \u015f\u0259kild\u0259 yoxa \u00e7\u0131xan 3 ya\u015fl\u0131 Z. Ba\u011f\u0131rzad\u0259 \u00f6t\u0259n g\u00fcn tap\u0131laraq ail\u0259sin\u0259 verilib. Z. Ba\u011f\u0131rzad\u0259ni Masall\u0131 rayon sakini T\u0259z\u0259g\u00fcl N\u0259z\u0259rovan\u0131n qa\u00e7\u0131rd\u0131\u011f\u0131 m\u0259lum olub.<\/p>\n","protected":false},"excerpt":{"rendered":"<p>&#8220;Bu g\u00fcn\u0259 q\u0259d\u0259r Az\u0259rbaycanda qara\u00e7\u0131lar t\u0259r\u0259find\u0259n u\u015faq o\u011furlanmas\u0131na rast g\u0259linm\u0259yib&#8221;. ARANTV.AZ\u00a0bildirir ki, bunu APA-ya Ail\u0259, Qad\u0131n v\u0259 U\u015faq Probleml\u0259ri \u00fczr\u0259 D\u00f6vl\u0259t Komit\u0259sinin U\u015faq probleml\u0259ri \u015f\u00f6b\u0259sinin \u0259m\u0259kda\u015f\u0131 P\u0259rviz \u018fliyev deyib. Onun s\u00f6zl\u0259rin\u0259 g\u00f6r\u0259, u\u015faqlar\u0131n qara\u00e7\u0131lar t\u0259r\u0259find\u0259n o\u011furlanaraq u\u015faq \u0259m\u0259yin\u0259 v\u0259 ya hans\u0131sa f\u0259aliyy\u0259t n\u00f6v\u00fcn\u0259 c\u0259lb edilm\u0259si il\u0259 ba\u011fl\u0131 D\u00f6vl\u0259t Komit\u0259sin\u0259 h\u0259r hans\u0131 m\u00fcraci\u0259t daxil olmay\u0131b. P. \u018fliyev bildirib ki, D\u00f6vl\u0259t Komit\u0259si t\u0259r\u0259find\u0259n qara\u00e7\u0131larla ba\u011fl\u0131 d\u0259f\u0259l\u0259rl\u0259 t\u0259dqiqat-ara\u015fd\u0131rma apar\u0131l\u0131b: &#8220;Biz onlar\u0131n kompakt ya\u015fad\u0131qlar\u0131 yerl\u0259rd\u0259 d\u0259 monitorinq aparm\u0131\u015f\u0131q. Qara\u00e7\u0131 ail\u0259l\u0259rind\u0259 olan u\u015faqlar onlar t\u0259r\u0259find\u0259n d\u00fcnyaya g\u0259tiril\u0259n u\u015faqlard\u0131r. Monitorinql\u0259rimiz zaman\u0131 da qara\u00e7\u0131 ail\u0259l\u0259rind\u0259 k\u0259nardan g\u00f6t\u00fcr\u00fclm\u0259&hellip;<\/p>\n","protected":false},"author":2,"featured_media":64797,"comment_status":"closed","ping_status":"closed","sticky":false,"template":"","format":"standard","meta":{"om_disable_all_campaigns":false,"_monsterinsights_skip_tracking":false,"_monsterinsights_sitenote_active":false,"_monsterinsights_sitenote_note":"","_monsterinsights_sitenote_category":0},"categories":[1],"tags":[],"aioseo_notices":[],"gutentor_comment":0,"rttpg_featured_image_url":{"full":["https:\/\/arantv.az\/wp-content\/uploads\/2019\/06\/1559905794_usaqlar-700x400.jpg",500,285,false],"landscape":["https:\/\/arantv.az\/wp-content\/uploads\/2019\/06\/1559905794_usaqlar-700x400.jpg",500,285,false],"portraits":["https:\/\/arantv.az\/wp-content\/uploads\/2019\/06\/1559905794_usaqlar-700x400.jpg",500,285,false],"thumbnail":["https:\/\/arantv.az\/wp-content\/uploads\/2019\/06\/1559905794_usaqlar-700x400-150x150.jpg",150,150,true],"medium":["https:\/\/arantv.az\/wp-content\/uploads\/2019\/06\/1559905794_usaqlar-700x400-300x171.jpg",300,171,true],"large":["https:\/\/arantv.az\/wp-content\/uploads\/2019\/06\/1559905794_usaqlar-700x400.jpg",500,285,false],"1536x1536":["https:\/\/arantv.az\/wp-content\/uploads\/2019\/06\/1559905794_usaqlar-700x400.jpg",500,285,false],"2048x2048":["https:\/\/arantv.az\/wp-content\/uploads\/2019\/06\/1559905794_usaqlar-700x400.jpg",500,285,false],"post-thumbnail":["https:\/\/arantv.az\/wp-content\/uploads\/2019\/06\/1559905794_usaqlar-700x400-240x172.jpg",240,172,true],"advps-thumb-one":["https:\/\/arantv.az\/wp-content\/uploads\/2019\/06\/1559905794_usaqlar-700x400.jpg",500,285,false]},"rttpg_author":{"display_name":"V\u00fcsal Rafiqo\u011flu","author_link":"https:\/\/arantv.az\/?author=2"},"rttpg_comment":0,"rttpg_category":"<a href=\"https:\/\/arantv.az\/?cat=1\" rel=\"category\">C\u0259miyy\u0259t<\/a>","rttpg_excerpt":"&#8220;Bu g\u00fcn\u0259 q\u0259d\u0259r Az\u0259rbaycanda qara\u00e7\u0131lar t\u0259r\u0259find\u0259n u\u015faq o\u011furlanmas\u0131na rast g\u0259linm\u0259yib&#8221;. ARANTV.AZ\u00a0bildirir ki, bunu APA-ya Ail\u0259, Qad\u0131n v\u0259 U\u015faq Probleml\u0259ri \u00fczr\u0259 D\u00f6vl\u0259t Komit\u0259sinin U\u015faq probleml\u0259ri \u015f\u00f6b\u0259sinin \u0259m\u0259kda\u015f\u0131 P\u0259rviz \u018fliyev deyib. Onun s\u00f6zl\u0259rin\u0259 g\u00f6r\u0259, u\u015faqlar\u0131n qara\u00e7\u0131lar t\u0259r\u0259find\u0259n o\u011furlanaraq u\u015faq \u0259m\u0259yin\u0259 v\u0259 ya hans\u0131sa f\u0259aliyy\u0259t n\u00f6v\u00fcn\u0259 c\u0259lb edilm\u0259si il\u0259 ba\u011fl\u0131 D\u00f6vl\u0259t Komit\u0259sin\u0259 h\u0259r hans\u0131 m\u00fcraci\u0259t daxil olmay\u0131b. P.&hellip;","_links":{"self":[{"href":"https:\/\/arantv.az\/index.php?rest_route=\/wp\/v2\/posts\/64796"}],"collection":[{"href":"https:\/\/arantv.az\/index.php?rest_route=\/wp\/v2\/posts"}],"about":[{"href":"https:\/\/arantv.az\/index.php?rest_route=\/wp\/v2\/types\/post"}],"author":[{"embeddable":true,"href":"https:\/\/arantv.az\/index.php?rest_route=\/wp\/v2\/users\/2"}],"replies":[{"embeddable":true,"href":"https:\/\/arantv.az\/index.php?rest_route=%2Fwp%2Fv2%2Fcomments&post=64796"}],"version-history":[{"count":0,"href":"https:\/\/arantv.az\/index.php?rest_route=\/wp\/v2\/posts\/64796\/revisions"}],"wp:featuredmedia":[{"embeddable":true,"href":"https:\/\/arantv.az\/index.php?rest_route=\/wp\/v2\/media\/64797"}],"wp:attachment":[{"href":"https:\/\/arantv.az\/index.php?rest_route=%2Fwp%2Fv2%2Fmedia&parent=64796"}],"wp:term":[{"taxonomy":"category","embeddable":true,"href":"https:\/\/arantv.az\/index.php?rest_route=%2Fwp%2Fv2%2Fcategories&post=64796"},{"taxonomy":"post_tag","embeddable":true,"href":"https:\/\/arantv.az\/index.php?rest_route=%2Fwp%2Fv2%2Ftags&post=64796"}],"curies":[{"name":"wp","href":"https:\/\/api.w.org\/{rel}","templated":true}]}}