{"id":64805,"date":"2019-06-07T15:05:28","date_gmt":"2019-06-07T12:05:28","guid":{"rendered":"http:\/\/arantv.az\/?p=64805"},"modified":"2019-06-07T15:05:28","modified_gmt":"2019-06-07T12:05:28","slug":"vakant-mu%c9%99llim-yerl%c9%99rinin-sayi-aciqlandi","status":"publish","type":"post","link":"https:\/\/arantv.az\/?p=64805","title":{"rendered":"Vakant m\u00fc\u0259llim yerl\u0259rinin SAYI a\u00e7\u0131qland\u0131"},"content":{"rendered":"<blockquote><p><em><strong>Az\u0259rbaycanda orta m\u0259kt\u0259bl\u0259rd\u0259 b\u00fct\u00fcn f\u0259nl\u0259r \u00fczr\u0259 4925 vakant m\u00fc\u0259llim yeri var.<\/strong><\/em><\/p><\/blockquote>\n<p><strong>ARANTV.AZ<\/strong> trend-\u0259 istinad\u0259n x\u0259b\u0259r verir ki, bunu T\u0259hsil \u0130\u015f\u00e7il\u0259rinin Pe\u015f\u0259 \u0130nki\u015faf\u0131 \u0130nstitutu n\u0259zdind\u0259 \u0130nsan Resurslar\u0131 M\u0259rk\u0259zinin m\u00fcdiri Murad Camalzad\u0259 bildirib.<\/p>\n<p>Nazirlik r\u0259smisi deyib ki, may ay\u0131nda \u0130nsan Resurslar\u0131 M\u0259rk\u0259zi t\u0259r\u0259find\u0259n m\u0259kt\u0259bl\u0259rd\u0259ki vakant yerl\u0259r haqq\u0131nda m\u0259lumatlar sistem\u0259 daxil edilib.<\/p>\n<p>M\u0259rk\u0259zin r\u0259hb\u0259ri iyunun 3-d\u0259n T\u0259hsil Nazirliyi sistemin\u0259 daxil olan \u00fcmumi t\u0259hsil m\u00fc\u0259ssis\u0259l\u0259rind\u0259 m\u00fcdd\u0259tsiz m\u00fcqavil\u0259 il\u0259 i\u015fl\u0259y\u0259n m\u00fc\u0259lliml\u0259rin i\u015f yerinin d\u0259yi\u015fdirilm\u0259si m\u00fcsabiq\u0259sin\u0259 start verildiyini xat\u0131rlad\u0131b. M.Camalzad\u0259 qeyd edib ki, namiz\u0259dl\u0259r haz\u0131rda elektron s\u0259n\u0259d q\u0259bulu \u00fc\u00e7\u00fcn \u015f\u0259xsi kabinetl\u0259rin\u0259 daxil olark\u0259n vakant yerl\u0259ri g\u00f6r\u0259 bilirl\u0259r.<\/p>\n<p>M.Camalzad\u0259 \u0259lav\u0259 edib ki, m\u00fcsabiq\u0259d\u0259 i\u015ftirak ed\u0259n m\u00fc\u0259lliml\u0259r \u00f6z ist\u0259kl\u0259rin\u0259 uy\u011fun vakant yer se\u00e7irl\u0259r, ondan sonra is\u0259 bal ard\u0131c\u0131ll\u0131\u011f\u0131 prinsipin\u0259 uy\u011fun olaraq, onlar\u0131n yerl\u0259\u015fdirilm\u0259si apar\u0131lacaq.<\/p>\n<p>Nazirlik r\u0259smisi bildirib ki, m\u00fc\u0259lliml\u0259rin i\u015f yeri diaqnostik qiym\u0259tl\u0259ndirilm\u0259d\u0259 v\u0259 ya i\u015f\u0259 q\u0259bul \u00fczr\u0259 m\u00fcsabiq\u0259d\u0259 i\u015ftirak etdiyi ixtisas \u00fczr\u0259 d\u0259yi\u015fdiril\u0259c\u0259k. Namiz\u0259dl\u0259r yerd\u0259yi\u015fm\u0259 m\u00fcsabiq\u0259sind\u0259 diaqnostik qiym\u0259tl\u0259ndirilm\u0259 v\u0259 ya i\u015f\u0259 q\u0259bul \u00fczr\u0259 m\u00fcsabiq\u0259d\u0259 toplad\u0131\u011f\u0131 balla i\u015ftirak ed\u0259 bil\u0259rl\u0259r:<\/p>\n<p>&#8220;M\u00fc\u0259lliml\u0259rin \u00f6lk\u0259 \u00fczr\u0259 diaqnostik qiym\u0259tl\u0259ndirilm\u0259si ba\u015fa \u00e7at\u0131b. Bu, o dem\u0259kdir ki, h\u0259r bir m\u00fc\u0259llimin diaqnostik qiym\u0259tl\u0259ndirm\u0259 bal\u0131 var. Namiz\u0259d\u0259 \u015f\u0259rait yarad\u0131l\u0131r ki, \u00f6z \u015f\u0259xsi ist\u0259yi \u0259sas\u0131nda ist\u0259diyi bal\u0131- diaqnostik qiym\u0259tl\u0259ndirilm\u0259 v\u0259 ya i\u015f\u0259 q\u0259bul \u00fczr\u0259 m\u00fcsabiq\u0259d\u0259 i\u015ftirak etdiyi bal\u0131 se\u00e7\u0259 bilsin. Y\u0259ni namiz\u0259dl\u0259r \u00fc\u00e7\u00fcn onun i\u015ftirak etdiyi \u0259n sonuncu imtahan\u0131n n\u0259tic\u0259sini se\u00e7\u0259 bilm\u0259si il\u0259 ba\u011fl\u0131 m\u0259hdudiyy\u0259t qoyulmay\u0131b&#8221;.<\/p>\n","protected":false},"excerpt":{"rendered":"<p>Az\u0259rbaycanda orta m\u0259kt\u0259bl\u0259rd\u0259 b\u00fct\u00fcn f\u0259nl\u0259r \u00fczr\u0259 4925 vakant m\u00fc\u0259llim yeri var. ARANTV.AZ trend-\u0259 istinad\u0259n x\u0259b\u0259r verir ki, bunu T\u0259hsil \u0130\u015f\u00e7il\u0259rinin Pe\u015f\u0259 \u0130nki\u015faf\u0131 \u0130nstitutu n\u0259zdind\u0259 \u0130nsan Resurslar\u0131 M\u0259rk\u0259zinin m\u00fcdiri Murad Camalzad\u0259 bildirib. Nazirlik r\u0259smisi deyib ki, may ay\u0131nda \u0130nsan Resurslar\u0131 M\u0259rk\u0259zi t\u0259r\u0259find\u0259n m\u0259kt\u0259bl\u0259rd\u0259ki vakant yerl\u0259r haqq\u0131nda m\u0259lumatlar sistem\u0259 daxil edilib. M\u0259rk\u0259zin r\u0259hb\u0259ri iyunun 3-d\u0259n T\u0259hsil Nazirliyi sistemin\u0259 daxil olan \u00fcmumi t\u0259hsil m\u00fc\u0259ssis\u0259l\u0259rind\u0259 m\u00fcdd\u0259tsiz m\u00fcqavil\u0259 il\u0259 i\u015fl\u0259y\u0259n m\u00fc\u0259lliml\u0259rin i\u015f yerinin d\u0259yi\u015fdirilm\u0259si m\u00fcsabiq\u0259sin\u0259 start verildiyini xat\u0131rlad\u0131b. M.Camalzad\u0259 qeyd edib ki, namiz\u0259dl\u0259r haz\u0131rda elektron s\u0259n\u0259d q\u0259bulu \u00fc\u00e7\u00fcn \u015f\u0259xsi kabinetl\u0259rin\u0259 daxil olark\u0259n vakant yerl\u0259ri g\u00f6r\u0259&hellip;<\/p>\n","protected":false},"author":2,"featured_media":64806,"comment_status":"closed","ping_status":"closed","sticky":false,"template":"","format":"standard","meta":{"om_disable_all_campaigns":false,"_monsterinsights_skip_tracking":false,"_monsterinsights_sitenote_active":false,"_monsterinsights_sitenote_note":"","_monsterinsights_sitenote_category":0},"categories":[23],"tags":[],"aioseo_notices":[],"gutentor_comment":0,"rttpg_featured_image_url":{"full":["https:\/\/arantv.az\/wp-content\/uploads\/2019\/06\/muellim_0298.jpg",800,600,false],"landscape":["https:\/\/arantv.az\/wp-content\/uploads\/2019\/06\/muellim_0298.jpg",800,600,false],"portraits":["https:\/\/arantv.az\/wp-content\/uploads\/2019\/06\/muellim_0298.jpg",800,600,false],"thumbnail":["https:\/\/arantv.az\/wp-content\/uploads\/2019\/06\/muellim_0298-150x150.jpg",150,150,true],"medium":["https:\/\/arantv.az\/wp-content\/uploads\/2019\/06\/muellim_0298-300x225.jpg",300,225,true],"large":["https:\/\/arantv.az\/wp-content\/uploads\/2019\/06\/muellim_0298.jpg",640,480,false],"1536x1536":["https:\/\/arantv.az\/wp-content\/uploads\/2019\/06\/muellim_0298.jpg",800,600,false],"2048x2048":["https:\/\/arantv.az\/wp-content\/uploads\/2019\/06\/muellim_0298.jpg",800,600,false],"post-thumbnail":["https:\/\/arantv.az\/wp-content\/uploads\/2019\/06\/muellim_0298-240x172.jpg",240,172,true],"advps-thumb-one":["https:\/\/arantv.az\/wp-content\/uploads\/2019\/06\/muellim_0298.jpg",800,600,false]},"rttpg_author":{"display_name":"V\u00fcsal Rafiqo\u011flu","author_link":"https:\/\/arantv.az\/?author=2"},"rttpg_comment":0,"rttpg_category":"<a href=\"https:\/\/arantv.az\/?cat=23\" rel=\"category\">T\u0259hsil<\/a>","rttpg_excerpt":"Az\u0259rbaycanda orta m\u0259kt\u0259bl\u0259rd\u0259 b\u00fct\u00fcn f\u0259nl\u0259r \u00fczr\u0259 4925 vakant m\u00fc\u0259llim yeri var. ARANTV.AZ trend-\u0259 istinad\u0259n x\u0259b\u0259r verir ki, bunu T\u0259hsil \u0130\u015f\u00e7il\u0259rinin Pe\u015f\u0259 \u0130nki\u015faf\u0131 \u0130nstitutu n\u0259zdind\u0259 \u0130nsan Resurslar\u0131 M\u0259rk\u0259zinin m\u00fcdiri Murad Camalzad\u0259 bildirib. Nazirlik r\u0259smisi deyib ki, may ay\u0131nda \u0130nsan Resurslar\u0131 M\u0259rk\u0259zi t\u0259r\u0259find\u0259n m\u0259kt\u0259bl\u0259rd\u0259ki vakant yerl\u0259r haqq\u0131nda m\u0259lumatlar sistem\u0259 daxil edilib. M\u0259rk\u0259zin r\u0259hb\u0259ri iyunun 3-d\u0259n T\u0259hsil Nazirliyi&hellip;","_links":{"self":[{"href":"https:\/\/arantv.az\/index.php?rest_route=\/wp\/v2\/posts\/64805"}],"collection":[{"href":"https:\/\/arantv.az\/index.php?rest_route=\/wp\/v2\/posts"}],"about":[{"href":"https:\/\/arantv.az\/index.php?rest_route=\/wp\/v2\/types\/post"}],"author":[{"embeddable":true,"href":"https:\/\/arantv.az\/index.php?rest_route=\/wp\/v2\/users\/2"}],"replies":[{"embeddable":true,"href":"https:\/\/arantv.az\/index.php?rest_route=%2Fwp%2Fv2%2Fcomments&post=64805"}],"version-history":[{"count":0,"href":"https:\/\/arantv.az\/index.php?rest_route=\/wp\/v2\/posts\/64805\/revisions"}],"wp:featuredmedia":[{"embeddable":true,"href":"https:\/\/arantv.az\/index.php?rest_route=\/wp\/v2\/media\/64806"}],"wp:attachment":[{"href":"https:\/\/arantv.az\/index.php?rest_route=%2Fwp%2Fv2%2Fmedia&parent=64805"}],"wp:term":[{"taxonomy":"category","embeddable":true,"href":"https:\/\/arantv.az\/index.php?rest_route=%2Fwp%2Fv2%2Fcategories&post=64805"},{"taxonomy":"post_tag","embeddable":true,"href":"https:\/\/arantv.az\/index.php?rest_route=%2Fwp%2Fv2%2Ftags&post=64805"}],"curies":[{"name":"wp","href":"https:\/\/api.w.org\/{rel}","templated":true}]}}