{"id":64816,"date":"2019-06-07T15:34:40","date_gmt":"2019-06-07T12:34:40","guid":{"rendered":"http:\/\/arantv.az\/?p=64816"},"modified":"2019-06-07T15:34:40","modified_gmt":"2019-06-07T12:34:40","slug":"qarabagda-agir-q%c9%99za-erm%c9%99nil%c9%99r-yasda","status":"publish","type":"post","link":"https:\/\/arantv.az\/?p=64816","title":{"rendered":"Qaraba\u011fda a\u011f\u0131r q\u0259za\u2026 &#8211; Erm\u0259nil\u0259r yasda"},"content":{"rendered":"<p>Bu g\u00fcn s\u0259h\u0259r Qaraba\u011fda avtobus q\u0259zas\u0131 ba\u015f verib.<\/p>\n<p><b>ARANTV.AZ\u00a0<\/b>\u00a0teleqraf.com-a istinad\u0259n x\u0259b\u0259r verir ki, saat 08:58-d\u0259 q\u0259za m\u0259rk\u0259zin\u0259 Xank\u0259ndi-\u0130r\u0259van yolunun 55-ci kilometrliyind\u0259 yol-n\u0259qliyyat hadis\u0259sinin ba\u015f verdiyi bar\u0259d\u0259 m\u0259lumat daxil olub. \u0130lkin m\u0259lumatlara g\u00f6r\u0259, \u018fsk\u0259ran rayonunun Xa\u00e7en k\u0259nd sakini t\u0259r\u0259find\u0259n idar\u0259 olunan &#8220;Mercedes Sprinter&#8221; markal\u0131 avtobus qeyri-m\u00fc\u0259yy\u0259n \u015f\u0259raitd\u0259 yoldan \u00e7\u0131xaraq a\u015f\u0131b.<\/p>\n<div id=\"AdviadNativeVideo0\" class=\"AdviadNativeVideo\"><\/div>\n<p>Q\u0259za yerin\u0259 \u00e7a\u011fr\u0131lan xilasedicil\u0259r m\u00fcxt\u0259lif d\u0259r\u0259c\u0259d\u0259 x\u0259sar\u0259t alan yaral\u0131lar\u0131 La\u00e7\u0131n rayon regional tibb birliyin\u0259, oradan is\u0259 Xank\u0259ndid\u0259ki tibb m\u0259rk\u0259zin\u0259 v\u0259 &#8220;Arevik&#8221; u\u015faq klinikas\u0131na apar\u0131blar.<\/p>\n<p>&#8220;Avtobusda \u018fsk\u0259ran rayonu \u00c7axka\u015fat k\u0259ndinin m\u0259kt\u0259binin m\u00fc\u0259llim v\u0259 \u015fagird hey\u0259ti olub. Onlar Tatev monast\u0131r\u0131na ekskursiyaya gedirdi&#8221;, &#8211; dey\u0259 m\u0259lumatda qeyd olunub.<\/p>\n<p><img class=\"imgbcodecent\" src=\"https:\/\/upload.az\/foto\/arxiv\/761157_01.jpg\" alt=\"Qaraba\u011fda a\u011f\u0131r q\u0259za\u2026 - Erm\u0259nil\u0259r yasda\" \/><br \/>\n<img class=\"imgbcodecent\" src=\"https:\/\/upload.az\/foto\/arxiv\/761157_02.jpg\" alt=\"Qaraba\u011fda a\u011f\u0131r q\u0259za\u2026 - Erm\u0259nil\u0259r yasda\" \/><\/p>\n","protected":false},"excerpt":{"rendered":"<p>Bu g\u00fcn s\u0259h\u0259r Qaraba\u011fda avtobus q\u0259zas\u0131 ba\u015f verib. ARANTV.AZ\u00a0\u00a0teleqraf.com-a istinad\u0259n x\u0259b\u0259r verir ki, saat 08:58-d\u0259 q\u0259za m\u0259rk\u0259zin\u0259 Xank\u0259ndi-\u0130r\u0259van yolunun 55-ci kilometrliyind\u0259 yol-n\u0259qliyyat hadis\u0259sinin ba\u015f verdiyi bar\u0259d\u0259 m\u0259lumat daxil olub. \u0130lkin m\u0259lumatlara g\u00f6r\u0259, \u018fsk\u0259ran rayonunun Xa\u00e7en k\u0259nd sakini t\u0259r\u0259find\u0259n idar\u0259 olunan &#8220;Mercedes Sprinter&#8221; markal\u0131 avtobus qeyri-m\u00fc\u0259yy\u0259n \u015f\u0259raitd\u0259 yoldan \u00e7\u0131xaraq a\u015f\u0131b. Q\u0259za yerin\u0259 \u00e7a\u011fr\u0131lan xilasedicil\u0259r m\u00fcxt\u0259lif d\u0259r\u0259c\u0259d\u0259 x\u0259sar\u0259t alan yaral\u0131lar\u0131 La\u00e7\u0131n rayon regional tibb birliyin\u0259, oradan is\u0259 Xank\u0259ndid\u0259ki tibb m\u0259rk\u0259zin\u0259 v\u0259 &#8220;Arevik&#8221; u\u015faq klinikas\u0131na apar\u0131blar. &#8220;Avtobusda \u018fsk\u0259ran rayonu \u00c7axka\u015fat k\u0259ndinin m\u0259kt\u0259binin m\u00fc\u0259llim v\u0259 \u015fagird hey\u0259ti olub. Onlar Tatev monast\u0131r\u0131na ekskursiyaya gedirdi&#8221;, &#8211;&hellip;<\/p>\n","protected":false},"author":2,"featured_media":64817,"comment_status":"closed","ping_status":"closed","sticky":false,"template":"","format":"standard","meta":{"om_disable_all_campaigns":false,"_monsterinsights_skip_tracking":false,"_monsterinsights_sitenote_active":false,"_monsterinsights_sitenote_note":"","_monsterinsights_sitenote_category":0},"categories":[1],"tags":[],"aioseo_notices":[],"gutentor_comment":0,"rttpg_featured_image_url":{"full":["https:\/\/arantv.az\/wp-content\/uploads\/2019\/06\/761157.jpg",649,487,false],"landscape":["https:\/\/arantv.az\/wp-content\/uploads\/2019\/06\/761157.jpg",649,487,false],"portraits":["https:\/\/arantv.az\/wp-content\/uploads\/2019\/06\/761157.jpg",649,487,false],"thumbnail":["https:\/\/arantv.az\/wp-content\/uploads\/2019\/06\/761157-150x150.jpg",150,150,true],"medium":["https:\/\/arantv.az\/wp-content\/uploads\/2019\/06\/761157-300x225.jpg",300,225,true],"large":["https:\/\/arantv.az\/wp-content\/uploads\/2019\/06\/761157.jpg",640,480,false],"1536x1536":["https:\/\/arantv.az\/wp-content\/uploads\/2019\/06\/761157.jpg",649,487,false],"2048x2048":["https:\/\/arantv.az\/wp-content\/uploads\/2019\/06\/761157.jpg",649,487,false],"post-thumbnail":["https:\/\/arantv.az\/wp-content\/uploads\/2019\/06\/761157-240x172.jpg",240,172,true],"advps-thumb-one":["https:\/\/arantv.az\/wp-content\/uploads\/2019\/06\/761157.jpg",649,487,false]},"rttpg_author":{"display_name":"V\u00fcsal Rafiqo\u011flu","author_link":"https:\/\/arantv.az\/?author=2"},"rttpg_comment":0,"rttpg_category":"<a href=\"https:\/\/arantv.az\/?cat=1\" rel=\"category\">C\u0259miyy\u0259t<\/a>","rttpg_excerpt":"Bu g\u00fcn s\u0259h\u0259r Qaraba\u011fda avtobus q\u0259zas\u0131 ba\u015f verib. ARANTV.AZ\u00a0\u00a0teleqraf.com-a istinad\u0259n x\u0259b\u0259r verir ki, saat 08:58-d\u0259 q\u0259za m\u0259rk\u0259zin\u0259 Xank\u0259ndi-\u0130r\u0259van yolunun 55-ci kilometrliyind\u0259 yol-n\u0259qliyyat hadis\u0259sinin ba\u015f verdiyi bar\u0259d\u0259 m\u0259lumat daxil olub. \u0130lkin m\u0259lumatlara g\u00f6r\u0259, \u018fsk\u0259ran rayonunun Xa\u00e7en k\u0259nd sakini t\u0259r\u0259find\u0259n idar\u0259 olunan &#8220;Mercedes Sprinter&#8221; markal\u0131 avtobus qeyri-m\u00fc\u0259yy\u0259n \u015f\u0259raitd\u0259 yoldan \u00e7\u0131xaraq a\u015f\u0131b. Q\u0259za yerin\u0259 \u00e7a\u011fr\u0131lan xilasedicil\u0259r m\u00fcxt\u0259lif d\u0259r\u0259c\u0259d\u0259&hellip;","_links":{"self":[{"href":"https:\/\/arantv.az\/index.php?rest_route=\/wp\/v2\/posts\/64816"}],"collection":[{"href":"https:\/\/arantv.az\/index.php?rest_route=\/wp\/v2\/posts"}],"about":[{"href":"https:\/\/arantv.az\/index.php?rest_route=\/wp\/v2\/types\/post"}],"author":[{"embeddable":true,"href":"https:\/\/arantv.az\/index.php?rest_route=\/wp\/v2\/users\/2"}],"replies":[{"embeddable":true,"href":"https:\/\/arantv.az\/index.php?rest_route=%2Fwp%2Fv2%2Fcomments&post=64816"}],"version-history":[{"count":0,"href":"https:\/\/arantv.az\/index.php?rest_route=\/wp\/v2\/posts\/64816\/revisions"}],"wp:featuredmedia":[{"embeddable":true,"href":"https:\/\/arantv.az\/index.php?rest_route=\/wp\/v2\/media\/64817"}],"wp:attachment":[{"href":"https:\/\/arantv.az\/index.php?rest_route=%2Fwp%2Fv2%2Fmedia&parent=64816"}],"wp:term":[{"taxonomy":"category","embeddable":true,"href":"https:\/\/arantv.az\/index.php?rest_route=%2Fwp%2Fv2%2Fcategories&post=64816"},{"taxonomy":"post_tag","embeddable":true,"href":"https:\/\/arantv.az\/index.php?rest_route=%2Fwp%2Fv2%2Ftags&post=64816"}],"curies":[{"name":"wp","href":"https:\/\/api.w.org\/{rel}","templated":true}]}}