{"id":64823,"date":"2019-06-07T15:47:08","date_gmt":"2019-06-07T12:47:08","guid":{"rendered":"http:\/\/arantv.az\/?p=64823"},"modified":"2019-06-07T15:47:08","modified_gmt":"2019-06-07T12:47:08","slug":"prezident-z%c9%99ngin-m%c9%99d%c9%99ni-irsi-az%c9%99rbaycani-turizm-baximindan-c%c9%99lbedici-edir","status":"publish","type":"post","link":"https:\/\/arantv.az\/?p=64823","title":{"rendered":"Prezident: Z\u0259ngin m\u0259d\u0259ni irsi Az\u0259rbaycan\u0131 turizm bax\u0131m\u0131ndan c\u0259lbedici edir"},"content":{"rendered":"<p>Prezident\u00a0<strong>\u0130lham \u018fliyev<\/strong>\u00a0\u201cTarixi \u015f\u0259h\u0259rl\u0259rd\u0259 k\u00fctl\u0259vi turizm\u201d m\u00f6vzusunda beyn\u0259lxalq memarl\u0131q forumunun i\u015ftirak\u00e7\u0131lar\u0131na m\u0259ktub \u00fcnvanlay\u0131b.<\/p>\n<p>M\u0259ktubun\u00a0<a href=\"https:\/\/azertag.az\/xeber\/Tarixi_seherlerde_kutlevi_turizm_movzusunda_beynelxalq_memarliq_forumunun_istirakchilarina-1291946\" target=\"_blank\" rel=\"noopener\">m\u0259tnini<\/a>\u00a0AZ\u018fRTAC d\u0259rc edib.<\/p>\n<p>\u201cH\u00f6rm\u0259tli forum i\u015ftirak\u00e7\u0131lar\u0131!<\/p>\n<div id=\"AdviadNativeVideo0\" class=\"AdviadNativeVideo\"><\/div>\n<p>Sizi \u00f6lk\u0259mizin paytaxt\u0131nda \u201cTarixi \u015f\u0259h\u0259rl\u0259rd\u0259 k\u00fctl\u0259vi turizm\u201d m\u00f6vzusunda beyn\u0259lxalq memarl\u0131q forumunun \u00f6z i\u015fin\u0259 ba\u015flamas\u0131 m\u00fcnasib\u0259til\u0259 s\u0259mimi t\u0259brik edir, h\u0259r biriniz\u0259 g\u0259l\u0259c\u0259k f\u0259aliyy\u0259tinizd\u0259 u\u011furlar arzulay\u0131ram.<\/p>\n<p>Biz ilk m\u00f6t\u0259b\u0259r forumunuzun unikal memarl\u0131q abid\u0259l\u0259ri v\u0259 eyni zamanda modern \u00fcslublu binalarla z\u0259ngin, t\u0259krars\u0131z g\u00f6rk\u0259m\u0259 malik Bak\u0131 \u015f\u0259h\u0259rind\u0259 t\u0259\u015fkilini y\u00fcks\u0259k qiym\u0259tl\u0259ndiririk. Bu, \u015f\u0259h\u0259rsalma v\u0259 memarl\u0131\u011f\u0131 \u00f6z\u00fcn\u0259m\u0259xsus inki\u015faf yolu ke\u00e7mi\u015f \u00e7ox\u0259srlik Az\u0259rbaycan m\u0259d\u0259niyy\u0259tin\u0259 ehtiram\u0131n t\u0259zah\u00fcr\u00fcd\u00fcr.<\/p>\n<p>Turizmin m\u00fcasir probleml\u0259ri, o c\u00fcml\u0259d\u0259n d\u00f6vr\u00fcm\u00fcz\u00fcn reall\u0131qlar\u0131 il\u0259 yax\u0131ndan s\u0259sl\u0259\u015f\u0259n k\u00fctl\u0259vi turizm fenomeni \u0259traf\u0131nda m\u00fczakir\u0259l\u0259rin m\u0259hz bel\u0259 tarixi m\u0259kanda apar\u0131lmas\u0131 forumunuza aktuall\u0131q qazand\u0131r\u0131r.<\/p>\n<p>Art\u0131q ayr\u0131ca s\u0259naye sah\u0259sin\u0259 \u00e7evrilmi\u015f olan turizm sektoru haz\u0131rda d\u00fcnya \u00f6lk\u0259l\u0259rinin iqtisadiyyat\u0131nda \u0259h\u0259miyy\u0259tli rol oynamaqdad\u0131r. Az\u0259rbaycan\u0131 onun t\u0259bii s\u0259rv\u0259tl\u0259ri v\u0259 r\u0259ngar\u0259ng co\u011frafi land\u015faft\u0131, z\u0259ngin m\u0259d\u0259ni irsi v\u0259 yenil\u0259nmi\u015f infrastrukturu turizm bax\u0131m\u0131ndan c\u0259lbedici edir.<\/p>\n<p>Bu m\u0259d\u0259ni v\u0259 ekoloji turizm potensial\u0131 n\u0259z\u0259r\u0259 al\u0131naraq respublikam\u0131zda turizm sektorunun inki\u015faf\u0131 \u0259n prioritet h\u0259d\u0259fl\u0259rd\u0259n biri elan edilmi\u015fdir. M\u0259qs\u0259d t\u0259bi\u0259t abid\u0259l\u0259rimizi v\u0259 xalq\u0131m\u0131z\u0131n b\u00f6y\u00fck ke\u00e7mi\u015finin izini ya\u015fadan q\u0259dim m\u0259d\u0259niyy\u0259t yadigarlar\u0131n\u0131 geni\u015f miqyasda tan\u0131tmaqd\u0131r.<\/p>\n<p>Vur\u011fulamaq ist\u0259rdim ki, m\u00fcst\u0259qillik ill\u0259rind\u0259 memarl\u0131q v\u0259 \u015f\u0259h\u0259rsalma sah\u0259sind\u0259 sosial inki\u015faf\u0131n \u0259sas\u0131 kimi qiym\u0259tl\u0259ndiril\u0259n m\u00fch\u00fcm i\u015fl\u0259r g\u00f6rm\u00fc\u015f\u00fck. Ya\u015fay\u0131\u015f yerl\u0259rinin m\u00fch\u0259ndislik v\u0259 n\u0259qliyyat infrastrukturu modernl\u0259\u015fdirilmi\u015f, y\u00fcks\u0259k s\u0259viyy\u0259li hotell\u0259r v\u0259 ne\u00e7\u0259-ne\u00e7\u0259 sosial obyekt in\u015fa edilib.<\/p>\n<p>Bu i\u015fl\u0259rin u\u011furla ger\u00e7\u0259kl\u0259\u015fdirilm\u0259si memarlar\u0131m\u0131z\u0131n f\u0259aliyy\u0259ti il\u0259 s\u0131x \u0259laq\u0259lidir. Onlar \u00f6lk\u0259mizd\u0259 m\u0259d\u0259ni \u00f6z\u00fcn\u0259m\u0259xsuslu\u011fun qorunub saxlanmas\u0131 v\u0259 \u0259cdadlardan qalma miras\u0131n g\u0259l\u0259c\u0259k n\u0259sill\u0259r\u0259 layiqli \u015f\u0259kild\u0259 \u00e7atd\u0131r\u0131lmas\u0131 namin\u0259 var q\u00fcvv\u0259l\u0259ri il\u0259 \u00e7al\u0131\u015f\u0131rlar.<\/p>\n<p>Son ill\u0259r memarlar\u0131m\u0131z\u0131n x\u00fcsus\u0259n tarixi \u015f\u0259h\u0259rl\u0259r v\u0259 k\u00fctl\u0259vi turizm aras\u0131nda ah\u0259ngdarl\u0131\u011f\u0131n t\u0259min edilm\u0259si \u00fc\u00e7\u00fcn Beyn\u0259lxalq Memarlar \u0130ttifaq\u0131 il\u0259 m\u00fcnasib\u0259tl\u0259ri z\u0259minind\u0259 g\u00f6st\u0259rdiyi t\u0259\u015f\u0259bb\u00fcs v\u0259 atd\u0131\u011f\u0131 add\u0131mlar t\u0259qdir\u0259layiqdir.<\/p>\n<p>\u00dcmidvaram ki, forum \u00e7\u0259r\u00e7iv\u0259sind\u0259 memarlar\u0131n tarixi yerl\u0259rd\u0259 k\u00fctl\u0259vi turizmin idar\u0259 olunmas\u0131nda roluna dair aparaca\u011f\u0131n\u0131z diskussiya v\u0259 fikir m\u00fcbadil\u0259l\u0259ri, ir\u0259li s\u00fcr\u0259c\u0259yiniz t\u00f6vsiy\u0259 v\u0259 t\u0259klifl\u0259r turizmin aktual m\u0259s\u0259l\u0259l\u0259rinin h\u0259llin\u0259 \u00f6z t\u00f6hf\u0259sini ver\u0259c\u0259k, h\u0259m\u00e7inin, \u0259m\u0259kda\u015fl\u0131\u011f\u0131n\u0131z\u0131n daha da d\u0259rinl\u0259\u015fm\u0259si v\u0259 yeni istiqam\u0259tl\u0259rinin m\u00fc\u0259yy\u0259nl\u0259\u015fm\u0259sin\u0259 xidm\u0259t ed\u0259c\u0259k\u201d.<\/p>\n","protected":false},"excerpt":{"rendered":"<p>Prezident\u00a0\u0130lham \u018fliyev\u00a0\u201cTarixi \u015f\u0259h\u0259rl\u0259rd\u0259 k\u00fctl\u0259vi turizm\u201d m\u00f6vzusunda beyn\u0259lxalq memarl\u0131q forumunun i\u015ftirak\u00e7\u0131lar\u0131na m\u0259ktub \u00fcnvanlay\u0131b. M\u0259ktubun\u00a0m\u0259tnini\u00a0AZ\u018fRTAC d\u0259rc edib. \u201cH\u00f6rm\u0259tli forum i\u015ftirak\u00e7\u0131lar\u0131! Sizi \u00f6lk\u0259mizin paytaxt\u0131nda \u201cTarixi \u015f\u0259h\u0259rl\u0259rd\u0259 k\u00fctl\u0259vi turizm\u201d m\u00f6vzusunda beyn\u0259lxalq memarl\u0131q forumunun \u00f6z i\u015fin\u0259 ba\u015flamas\u0131 m\u00fcnasib\u0259til\u0259 s\u0259mimi t\u0259brik edir, h\u0259r biriniz\u0259 g\u0259l\u0259c\u0259k f\u0259aliyy\u0259tinizd\u0259 u\u011furlar arzulay\u0131ram. Biz ilk m\u00f6t\u0259b\u0259r forumunuzun unikal memarl\u0131q abid\u0259l\u0259ri v\u0259 eyni zamanda modern \u00fcslublu binalarla z\u0259ngin, t\u0259krars\u0131z g\u00f6rk\u0259m\u0259 malik Bak\u0131 \u015f\u0259h\u0259rind\u0259 t\u0259\u015fkilini y\u00fcks\u0259k qiym\u0259tl\u0259ndiririk. Bu, \u015f\u0259h\u0259rsalma v\u0259 memarl\u0131\u011f\u0131 \u00f6z\u00fcn\u0259m\u0259xsus inki\u015faf yolu ke\u00e7mi\u015f \u00e7ox\u0259srlik Az\u0259rbaycan m\u0259d\u0259niyy\u0259tin\u0259 ehtiram\u0131n t\u0259zah\u00fcr\u00fcd\u00fcr. Turizmin m\u00fcasir probleml\u0259ri, o c\u00fcml\u0259d\u0259n d\u00f6vr\u00fcm\u00fcz\u00fcn reall\u0131qlar\u0131 il\u0259 yax\u0131ndan s\u0259sl\u0259\u015f\u0259n k\u00fctl\u0259vi turizm fenomeni&hellip;<\/p>\n","protected":false},"author":2,"featured_media":64824,"comment_status":"closed","ping_status":"closed","sticky":false,"template":"","format":"standard","meta":{"om_disable_all_campaigns":false,"_monsterinsights_skip_tracking":false,"_monsterinsights_sitenote_active":false,"_monsterinsights_sitenote_note":"","_monsterinsights_sitenote_category":0},"categories":[4],"tags":[],"aioseo_notices":[],"gutentor_comment":0,"rttpg_featured_image_url":{"full":["https:\/\/arantv.az\/wp-content\/uploads\/2019\/06\/52a894730ffe1de1545681654.jpg",620,439,false],"landscape":["https:\/\/arantv.az\/wp-content\/uploads\/2019\/06\/52a894730ffe1de1545681654.jpg",620,439,false],"portraits":["https:\/\/arantv.az\/wp-content\/uploads\/2019\/06\/52a894730ffe1de1545681654.jpg",620,439,false],"thumbnail":["https:\/\/arantv.az\/wp-content\/uploads\/2019\/06\/52a894730ffe1de1545681654-150x150.jpg",150,150,true],"medium":["https:\/\/arantv.az\/wp-content\/uploads\/2019\/06\/52a894730ffe1de1545681654-300x212.jpg",300,212,true],"large":["https:\/\/arantv.az\/wp-content\/uploads\/2019\/06\/52a894730ffe1de1545681654.jpg",620,439,false],"1536x1536":["https:\/\/arantv.az\/wp-content\/uploads\/2019\/06\/52a894730ffe1de1545681654.jpg",620,439,false],"2048x2048":["https:\/\/arantv.az\/wp-content\/uploads\/2019\/06\/52a894730ffe1de1545681654.jpg",620,439,false],"post-thumbnail":["https:\/\/arantv.az\/wp-content\/uploads\/2019\/06\/52a894730ffe1de1545681654-240x172.jpg",240,172,true],"advps-thumb-one":["https:\/\/arantv.az\/wp-content\/uploads\/2019\/06\/52a894730ffe1de1545681654.jpg",620,439,false]},"rttpg_author":{"display_name":"V\u00fcsal Rafiqo\u011flu","author_link":"https:\/\/arantv.az\/?author=2"},"rttpg_comment":0,"rttpg_category":"<a href=\"https:\/\/arantv.az\/?cat=4\" rel=\"category\">Siyas\u0259t<\/a>","rttpg_excerpt":"Prezident\u00a0\u0130lham \u018fliyev\u00a0\u201cTarixi \u015f\u0259h\u0259rl\u0259rd\u0259 k\u00fctl\u0259vi turizm\u201d m\u00f6vzusunda beyn\u0259lxalq memarl\u0131q forumunun i\u015ftirak\u00e7\u0131lar\u0131na m\u0259ktub \u00fcnvanlay\u0131b. M\u0259ktubun\u00a0m\u0259tnini\u00a0AZ\u018fRTAC d\u0259rc edib. \u201cH\u00f6rm\u0259tli forum i\u015ftirak\u00e7\u0131lar\u0131! Sizi \u00f6lk\u0259mizin paytaxt\u0131nda \u201cTarixi \u015f\u0259h\u0259rl\u0259rd\u0259 k\u00fctl\u0259vi turizm\u201d m\u00f6vzusunda beyn\u0259lxalq memarl\u0131q forumunun \u00f6z i\u015fin\u0259 ba\u015flamas\u0131 m\u00fcnasib\u0259til\u0259 s\u0259mimi t\u0259brik edir, h\u0259r biriniz\u0259 g\u0259l\u0259c\u0259k f\u0259aliyy\u0259tinizd\u0259 u\u011furlar arzulay\u0131ram. Biz ilk m\u00f6t\u0259b\u0259r forumunuzun unikal memarl\u0131q abid\u0259l\u0259ri v\u0259 eyni zamanda modern \u00fcslublu binalarla&hellip;","_links":{"self":[{"href":"https:\/\/arantv.az\/index.php?rest_route=\/wp\/v2\/posts\/64823"}],"collection":[{"href":"https:\/\/arantv.az\/index.php?rest_route=\/wp\/v2\/posts"}],"about":[{"href":"https:\/\/arantv.az\/index.php?rest_route=\/wp\/v2\/types\/post"}],"author":[{"embeddable":true,"href":"https:\/\/arantv.az\/index.php?rest_route=\/wp\/v2\/users\/2"}],"replies":[{"embeddable":true,"href":"https:\/\/arantv.az\/index.php?rest_route=%2Fwp%2Fv2%2Fcomments&post=64823"}],"version-history":[{"count":0,"href":"https:\/\/arantv.az\/index.php?rest_route=\/wp\/v2\/posts\/64823\/revisions"}],"wp:featuredmedia":[{"embeddable":true,"href":"https:\/\/arantv.az\/index.php?rest_route=\/wp\/v2\/media\/64824"}],"wp:attachment":[{"href":"https:\/\/arantv.az\/index.php?rest_route=%2Fwp%2Fv2%2Fmedia&parent=64823"}],"wp:term":[{"taxonomy":"category","embeddable":true,"href":"https:\/\/arantv.az\/index.php?rest_route=%2Fwp%2Fv2%2Fcategories&post=64823"},{"taxonomy":"post_tag","embeddable":true,"href":"https:\/\/arantv.az\/index.php?rest_route=%2Fwp%2Fv2%2Ftags&post=64823"}],"curies":[{"name":"wp","href":"https:\/\/api.w.org\/{rel}","templated":true}]}}