{"id":648234,"date":"2023-10-21T12:39:29","date_gmt":"2023-10-21T08:39:29","guid":{"rendered":"https:\/\/arantv.az\/?p=648234"},"modified":"2023-10-21T12:39:29","modified_gmt":"2023-10-21T08:39:29","slug":"q%c9%99rbi-az%c9%99rbaycan-icmasi-cexiya-parlamentinin-q%c9%99r%c9%99zli-q%c9%99tnam%c9%99sini-pisl%c9%99yib","status":"publish","type":"post","link":"https:\/\/arantv.az\/?p=648234","title":{"rendered":"Q\u0259rbi Az\u0259rbaycan \u0130cmas\u0131 \u00c7exiya parlamentinin q\u0259r\u0259zli q\u0259tnam\u0259sini pisl\u0259yib"},"content":{"rendered":"<p>Q\u0259rbi Az\u0259rbaycan \u0130cmas\u0131 \u00c7exiya parlamentinin q\u0259bul etdiyi q\u0259r\u0259zli q\u0259tnam\u0259ni v\u0259 onun son vaxtlar b\u0259zi dair\u0259l\u0259rin apard\u0131\u011f\u0131 anti-Az\u0259rbaycan kampaniyas\u0131n\u0131n al\u0259tin\u0259 \u00e7evrilm\u0259sini pisl\u0259yir.<\/p>\n<p>Bu bar\u0259d\u0259 \u0130cman\u0131n b\u0259yanat\u0131nda qeyd edilib.<\/p>\n<p>\u201c\u00c7ex parlamenti Az\u0259rbaycan\u0131 \u201cQaraba\u011fda yerli \u0259hali il\u0259 davran\u0131\u015f\u0131 m\u00fc\u015fahid\u0259 etm\u0259k \u00fc\u00e7\u00fcn beyn\u0259lxalq m\u00fc\u015fahid\u0259\u00e7il\u0259rin b\u00f6lg\u0259y\u0259 giri\u015fin\u0259 imkan verm\u0259y\u0259 v\u0259 tarixi v\u0259 dini abid\u0259l\u0259ri qoruma\u011fa\u201d \u00e7a\u011f\u0131r\u0131r.<\/p>\n<div id=\"22889818619\"><\/div>\n<p>Qoy, \u00e7ex parlamenti Az\u0259rbaycana g\u00f6r\u0259 \u201cnarahat\u201d olmas\u0131n v\u0259 beyn\u0259lxalq m\u00fc\u015fahid\u0259\u00e7il\u0259ri daim s\u0131x\u0131\u015fd\u0131r\u0131lan, a\u015fa\u011f\u0131lanan qara\u00e7\u0131lara (Roma v\u0259 sintil\u0259r) g\u00f6r\u0259 \u00f6z \u00f6lk\u0259sin\u0259 d\u0259v\u0259t etsin v\u0259 \u0130kinci D\u00fcnya m\u00fcharib\u0259sin\u0259 aid abid\u0259l\u0259rin da\u011f\u0131d\u0131lmas\u0131 v\u0259 t\u0259hqir edilm\u0259si kimi m\u0259s\u0259l\u0259l\u0259r\u0259 m\u00fcnasib\u0259t bildirsin\u201d, &#8211; b\u0259yanatda vur\u011fulan\u0131b.<\/p>\n","protected":false},"excerpt":{"rendered":"<p>Q\u0259rbi Az\u0259rbaycan \u0130cmas\u0131 \u00c7exiya parlamentinin q\u0259bul etdiyi q\u0259r\u0259zli q\u0259tnam\u0259ni v\u0259 onun son vaxtlar b\u0259zi dair\u0259l\u0259rin apard\u0131\u011f\u0131 anti-Az\u0259rbaycan kampaniyas\u0131n\u0131n al\u0259tin\u0259 \u00e7evrilm\u0259sini pisl\u0259yir. Bu bar\u0259d\u0259 \u0130cman\u0131n b\u0259yanat\u0131nda qeyd edilib. \u201c\u00c7ex parlamenti Az\u0259rbaycan\u0131 \u201cQaraba\u011fda yerli \u0259hali il\u0259 davran\u0131\u015f\u0131 m\u00fc\u015fahid\u0259 etm\u0259k \u00fc\u00e7\u00fcn beyn\u0259lxalq m\u00fc\u015fahid\u0259\u00e7il\u0259rin b\u00f6lg\u0259y\u0259 giri\u015fin\u0259 imkan verm\u0259y\u0259 v\u0259 tarixi v\u0259 dini abid\u0259l\u0259ri qoruma\u011fa\u201d \u00e7a\u011f\u0131r\u0131r. Qoy, \u00e7ex parlamenti Az\u0259rbaycana g\u00f6r\u0259 \u201cnarahat\u201d olmas\u0131n v\u0259 beyn\u0259lxalq m\u00fc\u015fahid\u0259\u00e7il\u0259ri daim s\u0131x\u0131\u015fd\u0131r\u0131lan, a\u015fa\u011f\u0131lanan qara\u00e7\u0131lara (Roma v\u0259 sintil\u0259r) g\u00f6r\u0259 \u00f6z \u00f6lk\u0259sin\u0259 d\u0259v\u0259t etsin v\u0259 \u0130kinci D\u00fcnya m\u00fcharib\u0259sin\u0259 aid abid\u0259l\u0259rin da\u011f\u0131d\u0131lmas\u0131 v\u0259 t\u0259hqir edilm\u0259si kimi m\u0259s\u0259l\u0259l\u0259r\u0259 m\u00fcnasib\u0259t bildirsin\u201d, &#8211; b\u0259yanatda vur\u011fulan\u0131b.<\/p>\n","protected":false},"author":2,"featured_media":648238,"comment_status":"closed","ping_status":"closed","sticky":false,"template":"","format":"standard","meta":{"om_disable_all_campaigns":false,"_monsterinsights_skip_tracking":false,"_monsterinsights_sitenote_active":false,"_monsterinsights_sitenote_note":"","_monsterinsights_sitenote_category":0},"categories":[4],"tags":[],"aioseo_notices":[],"gutentor_comment":0,"rttpg_featured_image_url":{"full":["https:\/\/arantv.az\/wp-content\/uploads\/2023\/10\/eb8fc95a-7a51-31ef-9629-3540855a6ba1_850-1-1-1-1-1-1.jpg",620,413,false],"landscape":["https:\/\/arantv.az\/wp-content\/uploads\/2023\/10\/eb8fc95a-7a51-31ef-9629-3540855a6ba1_850-1-1-1-1-1-1.jpg",620,413,false],"portraits":["https:\/\/arantv.az\/wp-content\/uploads\/2023\/10\/eb8fc95a-7a51-31ef-9629-3540855a6ba1_850-1-1-1-1-1-1.jpg",620,413,false],"thumbnail":["https:\/\/arantv.az\/wp-content\/uploads\/2023\/10\/eb8fc95a-7a51-31ef-9629-3540855a6ba1_850-1-1-1-1-1-1-500x280.jpg",500,280,true],"medium":["https:\/\/arantv.az\/wp-content\/uploads\/2023\/10\/eb8fc95a-7a51-31ef-9629-3540855a6ba1_850-1-1-1-1-1-1-548x365.jpg",548,365,true],"large":["https:\/\/arantv.az\/wp-content\/uploads\/2023\/10\/eb8fc95a-7a51-31ef-9629-3540855a6ba1_850-1-1-1-1-1-1.jpg",620,413,false],"1536x1536":["https:\/\/arantv.az\/wp-content\/uploads\/2023\/10\/eb8fc95a-7a51-31ef-9629-3540855a6ba1_850-1-1-1-1-1-1.jpg",620,413,false],"2048x2048":["https:\/\/arantv.az\/wp-content\/uploads\/2023\/10\/eb8fc95a-7a51-31ef-9629-3540855a6ba1_850-1-1-1-1-1-1.jpg",620,413,false],"post-thumbnail":["https:\/\/arantv.az\/wp-content\/uploads\/2023\/10\/eb8fc95a-7a51-31ef-9629-3540855a6ba1_850-1-1-1-1-1-1-240x172.jpg",240,172,true],"advps-thumb-one":["https:\/\/arantv.az\/wp-content\/uploads\/2023\/10\/eb8fc95a-7a51-31ef-9629-3540855a6ba1_850-1-1-1-1-1-1.jpg",620,413,false]},"rttpg_author":{"display_name":"V\u00fcsal Rafiqo\u011flu","author_link":"https:\/\/arantv.az\/?author=2"},"rttpg_comment":0,"rttpg_category":"<a href=\"https:\/\/arantv.az\/?cat=4\" rel=\"category\">Siyas\u0259t<\/a>","rttpg_excerpt":"Q\u0259rbi Az\u0259rbaycan \u0130cmas\u0131 \u00c7exiya parlamentinin q\u0259bul etdiyi q\u0259r\u0259zli q\u0259tnam\u0259ni v\u0259 onun son vaxtlar b\u0259zi dair\u0259l\u0259rin apard\u0131\u011f\u0131 anti-Az\u0259rbaycan kampaniyas\u0131n\u0131n al\u0259tin\u0259 \u00e7evrilm\u0259sini pisl\u0259yir. Bu bar\u0259d\u0259 \u0130cman\u0131n b\u0259yanat\u0131nda qeyd edilib. \u201c\u00c7ex parlamenti Az\u0259rbaycan\u0131 \u201cQaraba\u011fda yerli \u0259hali il\u0259 davran\u0131\u015f\u0131 m\u00fc\u015fahid\u0259 etm\u0259k \u00fc\u00e7\u00fcn beyn\u0259lxalq m\u00fc\u015fahid\u0259\u00e7il\u0259rin b\u00f6lg\u0259y\u0259 giri\u015fin\u0259 imkan verm\u0259y\u0259 v\u0259 tarixi v\u0259 dini abid\u0259l\u0259ri qoruma\u011fa\u201d \u00e7a\u011f\u0131r\u0131r. Qoy, \u00e7ex parlamenti Az\u0259rbaycana&hellip;","_links":{"self":[{"href":"https:\/\/arantv.az\/index.php?rest_route=\/wp\/v2\/posts\/648234"}],"collection":[{"href":"https:\/\/arantv.az\/index.php?rest_route=\/wp\/v2\/posts"}],"about":[{"href":"https:\/\/arantv.az\/index.php?rest_route=\/wp\/v2\/types\/post"}],"author":[{"embeddable":true,"href":"https:\/\/arantv.az\/index.php?rest_route=\/wp\/v2\/users\/2"}],"replies":[{"embeddable":true,"href":"https:\/\/arantv.az\/index.php?rest_route=%2Fwp%2Fv2%2Fcomments&post=648234"}],"version-history":[{"count":0,"href":"https:\/\/arantv.az\/index.php?rest_route=\/wp\/v2\/posts\/648234\/revisions"}],"wp:featuredmedia":[{"embeddable":true,"href":"https:\/\/arantv.az\/index.php?rest_route=\/wp\/v2\/media\/648238"}],"wp:attachment":[{"href":"https:\/\/arantv.az\/index.php?rest_route=%2Fwp%2Fv2%2Fmedia&parent=648234"}],"wp:term":[{"taxonomy":"category","embeddable":true,"href":"https:\/\/arantv.az\/index.php?rest_route=%2Fwp%2Fv2%2Fcategories&post=648234"},{"taxonomy":"post_tag","embeddable":true,"href":"https:\/\/arantv.az\/index.php?rest_route=%2Fwp%2Fv2%2Ftags&post=648234"}],"curies":[{"name":"wp","href":"https:\/\/api.w.org\/{rel}","templated":true}]}}