{"id":648249,"date":"2023-10-21T12:47:09","date_gmt":"2023-10-21T08:47:09","guid":{"rendered":"https:\/\/arantv.az\/?p=648249"},"modified":"2023-10-21T12:47:09","modified_gmt":"2023-10-21T08:47:09","slug":"dunyanin-qudr%c9%99tli-dovl%c9%99tini-v%c9%99-ordusunu-yaradan-qalib-prezident-muz%c9%99ff%c9%99r-ali-bas-komandan","status":"publish","type":"post","link":"https:\/\/arantv.az\/?p=648249","title":{"rendered":"D\u00fcnyan\u0131n q\u00fcdr\u0259tli d\u00f6vl\u0259tini v\u0259 ordusunu yaradan Qalib Prezident, M\u00fcz\u0259ff\u0259r Ali Ba\u015f Komandan!"},"content":{"rendered":"<div class=\"x11i5rnm xat24cr x1mh8g0r x1vvkbs xtlvy1s x126k92a\">\n<div dir=\"auto\"><strong>YAP B\u0259rd\u0259 rayon t\u0259\u015fkilat\u0131n\u0131n s\u0259dri <\/strong><\/div>\n<div dir=\"auto\"><strong>Faq\u0259t \u015eadlinskaya:<\/strong><\/div>\n<div dir=\"auto\">15 oktyabr z\u0259f\u0259r tariximizin n\u00f6vb\u0259ti \u0259b\u0259di, unudulmaz s\u0259hif\u0259sin\u0259 \u00e7evrildi. Qalib Prezident, M\u00fcz\u0259ff\u0259r Ali Ba\u015f Komandan c\u0259nab \u0130lham \u018fliyev Az\u0259rbaycan Bayra\u011f\u0131n\u0131 Xank\u0259ndid\u0259, Xocal\u0131da, Xocav\u0259ndd\u0259, A\u011fd\u0259r\u0259d\u0259 ucaltd\u0131. Xalq\u0131m\u0131z bu g\u00fcn\u00fc s\u0259birsizlikl\u0259 g\u00f6zl\u0259yirdi. C\u0259nab \u0130lham \u018fliyevin qeyd etdiyi kimi, h\u0259r birimiz bu g\u00fcn\u00fcn g\u0259l\u0259c\u0259yin\u0259 inan\u0131rd\u0131q.<\/div>\n<\/div>\n<div class=\"x11i5rnm xat24cr x1mh8g0r x1vvkbs xtlvy1s x126k92a\">\n<div dir=\"auto\">M\u00fcst\u0259qilliyinin b\u0259rpas\u0131n\u0131n 32 ilini arxada qoyan Az\u0259rbaycan 1993-c\u00fc ild\u0259 Ulu \u00d6nd\u0259r Heyd\u0259r \u018fliyevin xalq\u0131n t\u0259kidli t\u0259l\u0259bi il\u0259 hakimiyy\u0259t\u0259 qay\u0131d\u0131\u015f\u0131ndan sonra yeni inki\u015faf m\u0259rh\u0259l\u0259sin\u0259 q\u0259d\u0259m qoydu. \u00dcmummilli Lider Az\u0259rbaycan\u0131n bu g\u00fcn\u00fc v\u0259 g\u0259l\u0259c\u0259yi \u00fc\u00e7\u00fcn m\u00f6hk\u0259m t\u0259m\u0259l yaratd\u0131 v\u0259 2003-c\u00fc ild\u0259 xalqa tarixi m\u00fcraci\u0259tind\u0259 bel\u0259 bir \u0259minliyi d\u0259 ifad\u0259 etdi ki, ax\u0131ra \u00e7atd\u0131ra bilm\u0259diyi i\u015fl\u0259ri, planlar\u0131 c\u0259nab \u0130lham \u018fliyev xalq\u0131n d\u0259st\u0259yi v\u0259 k\u00f6m\u0259yi il\u0259 ax\u0131ra \u00e7atd\u0131racaq.<\/div>\n<\/div>\n<div class=\"x11i5rnm xat24cr x1mh8g0r x1vvkbs xtlvy1s x126k92a\">\n<div dir=\"auto\">C\u0259nab \u0130lham \u018fliyev Prezidentliyinin 17-ci ilind\u0259 Az\u0259rbaycan\u0131n Z\u0259f\u0259r tarixini yazd\u0131, bundan \u00fc\u00e7 il sonra \u2013 2023-c\u00fc il 15 oktyabr tarixind\u0259 Xank\u0259ndid\u0259, Xocal\u0131da, A\u011fd\u0259r\u0259d\u0259, Xocav\u0259ndd\u0259 Az\u0259rbaycan Bayra\u011f\u0131n\u0131 ucaltd\u0131. \u00dcmumilikd\u0259 bu il Az\u0259rbaycan\u0131n \u0259razi b\u00fct\u00f6vl\u00fcy\u00fcn\u00fcn v\u0259 suverenliyinin tam t\u0259min edilm\u0259si il\u0259 xarakteriz\u0259 edilir. Bel\u0259 ki, bu ilin aprelin 23-d\u0259 La\u00e7\u0131n s\u0259rh\u0259d-ke\u00e7id m\u0259nt\u0259q\u0259sinin yarad\u0131lmas\u0131 il\u0259 Az\u0259rbaycan\u0131n \u0259razi b\u00fct\u00f6vl\u00fcy\u00fc tam t\u0259min olundu.Sentyabr\u0131n 19-da r\u0259\u015fad\u0259tli Ordumuzun Qaraba\u011fda ba\u015flatd\u0131\u011f\u0131 lokal xarakterli antiterror t\u0259dbirl\u0259rinin q\u0131sa m\u00fcdd\u0259td\u0259 \u00f6z m\u00fcsb\u0259t n\u0259tic\u0259sini verm\u0259si, qar\u015f\u0131ya qoyulan h\u0259d\u0259fl\u0259r\u0259 c\u0259mi 24 saatda nail olunmas\u0131 Az\u0259rbaycan\u0131n n\u00f6vb\u0259ti tarixi Q\u0259l\u0259b\u0259si oldu. Bu, bir daha g\u00f6st\u0259rir ki, Az\u0259rbaycan s\u00fclh v\u0259 sabitliyin \u0259sas t\u0259minat\u00e7\u0131s\u0131d\u0131r. Az\u0259rbaycan\u0131n Qaraba\u011f b\u00f6lg\u0259sind\u0259 yerl\u0259\u015f\u0259n Erm\u0259nistan silahl\u0131 q\u00fcvv\u0259l\u0259rinin birl\u0259\u015fm\u0259l\u0259ri, qeyri-qanuni erm\u0259ni silahl\u0131 d\u0259st\u0259l\u0259ri silah\u0131 yer\u0259 qoymas\u0131, d\u00f6y\u00fc\u015f m\u00f6vqel\u0259rind\u0259n v\u0259 h\u0259rbi postlardan \u00e7\u0131xmas\u0131 v\u0259 t\u0259rk-silah olunmas\u0131, separat\u00e7\u0131 rejimin \u00f6z\u00fc-\u00f6z\u00fcn\u00fc buraxmas\u0131, eyni zamanda, paralel \u015f\u0259kild\u0259 b\u00fct\u00fcn silah-sursat\u0131n, a\u011f\u0131r texnikan\u0131n t\u0259hvil verilm\u0259si il\u0259 b\u00fct\u00fcn \u00f6lk\u0259 \u0259razisind\u0259 suveren h\u00fcquqlar\u0131m\u0131z tam \u015f\u0259kild\u0259 b\u0259rq\u0259rar oldu. M\u00fcz\u0259ff\u0259r Ali Ba\u015f Komandan\u0131n separat\u00e7\u0131lardan t\u0259mizl\u0259nmi\u015f \u0259razil\u0259rimiz\u0259 s\u0259f\u0259ri v\u0259 burada Az\u0259rbaycan Bayra\u011f\u0131n\u0131 ucaltmas\u0131 b\u00f6y\u00fck xo\u015fb\u0259xtlik v\u0259 tarixi hadis\u0259dir.<\/div>\n<\/div>\n<div class=\"x11i5rnm xat24cr x1mh8g0r x1vvkbs xtlvy1s x126k92a\">\n<div dir=\"auto\">D\u00f6vl\u0259t ba\u015f\u00e7\u0131s\u0131 Xank\u0259ndid\u0259n xalqa m\u00fcraci\u0259tind\u0259 bildirdi ki, d\u00fcz 20 il bundan \u0259vv\u0259l Az\u0259rbaycan xalq\u0131 m\u0259n\u0259 b\u00f6y\u00fck etimad g\u00f6st\u0259r\u0259r\u0259k prezident se\u00e7kil\u0259rind\u0259 Prezident v\u0259zif\u0259sin\u0259 se\u00e7mi\u015fdir: \u201cO vaxt do\u011fma xalq\u0131ma m\u00fcraci\u0259t ed\u0259r\u0259k s\u00f6z vermi\u015fdim ki, Az\u0259rbaycan xalq\u0131n\u0131n v\u0259 Az\u0259rbaycan d\u00f6vl\u0259tinin milli maraqlar\u0131n\u0131 m\u00fcdafi\u0259 ed\u0259c\u0259y\u0259m, Az\u0259rbaycan\u0131n \u0259razi b\u00fct\u00f6vl\u00fcy\u00fcn\u00fc qoruyaca\u011fam. Konstitusiyaya v\u0259 \u201cQurani-K\u0259rim\u201d\u0259 \u0259l basaraq and i\u00e7mi\u015fdim. \u015eadam ki, son 20 il \u0259rzind\u0259 verdiyim b\u00fct\u00fcn v\u0259dl\u0259r, qar\u015f\u0131ma qoydu\u011fum b\u00fct\u00fcn v\u0259zif\u0259l\u0259r icra edildi.\u201d Bu xo\u015fb\u0259xtlik hissi d\u0259 ifad\u0259 edildi ki, bu meydanda bu g\u00fcn durmaq b\u00f6y\u00fck f\u0259r\u0259hdir, q\u00fcrur m\u0259nb\u0259yidir: \u201cM\u0259n q\u00fcrur hissi il\u0259 Az\u0259rbaycan Bayra\u011f\u0131n\u0131 bu g\u00fcn qald\u0131rm\u0131\u015fam v\u0259 do\u011fma xalq\u0131ma bir daha dem\u0259k ist\u0259yir\u0259m ki, biz bu Q\u0259l\u0259b\u0259y\u0259 layiqik. Az\u0259rbaycan xalq\u0131 bu Q\u0259l\u0259b\u0259ni \u00f6z qan\u0131, can\u0131 bahas\u0131na \u0259ld\u0259 etmi\u015fdir. Bu g\u00fcn burada qald\u0131rd\u0131\u011f\u0131m Bayraq burada \u0259b\u0259di dal\u011falanacaq v\u0259 biz burada \u0259b\u0259di ya\u015fayaca\u011f\u0131q. Qaraba\u011f bizimdir, Qaraba\u011f Az\u0259rbaycand\u0131r!\u201d<\/div>\n<\/div>\n<div class=\"x11i5rnm xat24cr x1mh8g0r x1vvkbs xtlvy1s x126k92a\">\n<div dir=\"auto\">30 il Az\u0259rbaycan b\u00f6y\u00fck faci\u0259l\u0259rl\u0259, h\u0259rbi t\u0259xribatlarla \u00fcz-\u00fcz\u0259 qald\u0131. Lakin bu, xalq\u0131m\u0131z\u0131n inam\u0131n\u0131 s\u0131nd\u0131rmad\u0131. Xalq\u0131m\u0131z tam \u0259min idi ki, d\u00f6vl\u0259timiin q\u0259tiyy\u0259ti, u\u011furlu siyas\u0259ti n\u0259tic\u0259sind\u0259 torpaqlar\u0131m\u0131z i\u015f\u011faldan azad edil\u0259c\u0259k, soyda\u015flar\u0131m\u0131z \u00f6z do\u011fma yurd-yuvalar\u0131na qay\u0131dacaq v\u0259 yeni h\u0259yat ba\u015flayacaq.<\/div>\n<\/div>\n<div class=\"x11i5rnm xat24cr x1mh8g0r x1vvkbs xtlvy1s x126k92a\">\n<div dir=\"auto\">Bu g\u00fcn i\u015f\u011faldan azad edilmi\u015f \u0259razil\u0259rimizd\u0259 geni\u015f miqyas alan b\u0259rpa-quruculuq i\u015fl\u0259ri, soyda\u015flar\u0131m\u0131z\u0131n qay\u0131d\u0131\u015f\u0131 h\u0259r birimizi q\u00fcrurland\u0131r\u0131r. 17 oktyabr F\u00fczuli \u015e\u0259h\u0259ri G\u00fcn\u00fcnd\u0259 d\u00f6vl\u0259t ba\u015f\u00e7\u0131s\u0131, M\u00fcz\u0259ff\u0259r Ali Ba\u015f Komandan \u0130lham \u018fliyevin F\u00fczulid\u0259 olmas\u0131, bura k\u00f6\u00e7m\u00fc\u015f sakinl\u0259r v\u0259 rayon ictimaiyy\u0259ti n\u00fcmay\u0259nd\u0259l\u0259ri il\u0259 g\u00f6r\u00fc\u015f\u00fc d\u0259 30 illik i\u015f\u011fal d\u00f6vr\u00fcnd\u0259n bu g\u00fcn\u0259d\u0259k ke\u00e7il\u0259n yolun t\u0259hlilin\u0259 geni\u015f imkanlar yaratd\u0131. \u201c\u015eadam ki, g\u0259nc n\u0259sil d\u0259 &#8211; f\u00fczulilil\u0259rin g\u0259nc n\u0259sli d\u0259 \u00f6z do\u011fma torpa\u011f\u0131na g\u0259lm\u0259y\u0259 q\u0259rar verdi. Bu, do\u011frudan da b\u00f6y\u00fck hadis\u0259dir, \u00e7\u00fcnki u\u015faqlar, yeniyetm\u0259l\u0259r, g\u0259nc n\u0259sil bu torpaqlar\u0131 g\u00f6rm\u0259yibl\u0259r. Onlar bu torpaqlar bar\u0259d\u0259 ancaq sizin onlara dan\u0131\u015fd\u0131qlar\u0131n\u0131z\u0131 \u00fcr\u0259kl\u0259rind\u0259 saxlam\u0131\u015fd\u0131lar. Bu, xalq\u0131m\u0131z\u0131n b\u00f6y\u00fckl\u00fcy\u00fcn\u00fc g\u00f6st\u0259rir. Onu g\u00f6st\u0259rir ki, biz \u00f6z do\u011fma diyar\u0131m\u0131za ba\u011fl\u0131 olan xalq\u0131q\u00bb s\u00f6yl\u0259y\u0259n c\u0259nab \u0130lham \u018fliyev bildirdi ki, i\u015f\u011fal d\u00f6vr\u00fcnd\u0259 b\u0259zil\u0259ri, x\u00fcsusil\u0259 xaricd\u0259ki b\u0259zi dair\u0259l\u0259r ill\u0259r ke\u00e7dikc\u0259 Az\u0259rbaycan xalq\u0131n\u0131n \u00f6z torpaqlar\u0131n\u0131 unudaca\u011f\u0131n\u0131, g\u0259nc n\u0259slin, \u00fcmumiyy\u0259tl\u0259, tamamil\u0259 f\u0259rqli bir t\u0259rzd\u0259 t\u0259rbiy\u0259 alaca\u011f\u0131n\u0131 d\u00fc\u015f\u00fcn\u00fcrd\u00fcl\u0259r. Qloballa\u015fan d\u00fcnya haqq\u0131nda bir \u00e7ox f\u0259rziyy\u0259l\u0259r ir\u0259li s\u00fcr\u00fcl\u00fcrd\u00fc. Ancaq o t\u0259hlil\u00e7il\u0259r v\u0259 eyni zamanda, siyasi m\u00fcst\u0259vid\u0259 olanlar bir \u015feyi anlaya bilm\u0259mi\u015fl\u0259r ki, Az\u0259rbaycan xalq\u0131n\u0131n \u00f6z do\u011fma diyar\u0131na n\u0259 q\u0259d\u0259r b\u00f6y\u00fck sevgisi var, biz n\u0259 q\u0259d\u0259r do\u011fma diyara ba\u011fl\u0131y\u0131q.<\/div>\n<\/div>\n<div class=\"x11i5rnm xat24cr x1mh8g0r x1vvkbs xtlvy1s x126k92a\">\n<div dir=\"auto\">Az\u0259rbaycan\u0131n atd\u0131\u011f\u0131 add\u0131mlar\u0131n v\u0259 u\u011furlu n\u0259tic\u0259l\u0259rin \u0259ld\u0259 edilm\u0259sind\u0259 xalq\u0131m\u0131z\u0131n torpaq, V\u0259t\u0259n sevgisi \u0259h\u0259miyy\u0259tli rol oynay\u0131r. D\u00f6vl\u0259t ba\u015f\u00e7\u0131s\u0131 f\u00fczulil\u0259rl\u0259 g\u00f6r\u00fc\u015f\u00fcnd\u0259 bu \u00e7a\u011f\u0131r\u0131\u015f\u0131 etdi ki, g\u0259nc n\u0259sil daim bu ruhda t\u0259rbiy\u0259 almal\u0131d\u0131r. \u015e\u0259hidl\u0259rimizin q\u0259hr\u0259manl\u0131\u011f\u0131 unudulmazd\u0131r, bel\u0259 a\u011f\u0131r co\u011frafi m\u0259kanda bu tarixi Q\u0259l\u0259b\u0259ni qazanma\u011f\u0131n misli-b\u0259rab\u0259ri yoxdur: \u201cD\u00fc\u015fm\u0259n b\u00fct\u00fcn y\u00fcks\u0259klikl\u0259ri g\u00f6t\u00fcrm\u00fc\u015fd\u00fc. Buradan ist\u0259nil\u0259n istiqam\u0259t\u0259 gets\u0259n g\u00f6r\u0259rs\u0259n ki, h\u0259r t\u0259p\u0259d\u0259 dem\u0259k olar ki, onlar\u0131n postlar\u0131, d\u00f6y\u00fc\u015f m\u0259nt\u0259q\u0259l\u0259ri, bir ne\u00e7\u0259 m\u00fcdafi\u0259 x\u0259tti, tikanl\u0131 m\u0259ftil v\u0259 minalar, bunu yarmaq, at\u0259\u015f alt\u0131nda qaba\u011fa getm\u0259k n\u0259 q\u0259d\u0259r b\u00f6y\u00fck c\u0259sar\u0259t t\u0259l\u0259b edir. Bu, b\u0259lk\u0259 d\u0259 d\u00fcnya h\u0259rb tarixind\u0259 olmay\u0131b. Olubsa, qoy, biz\u0259 desinl\u0259r harada olub. Olmay\u0131b, bunu Az\u0259rbaycan xalq\u0131 g\u00f6st\u0259rmi\u015fdir. Biz i\u015f\u011fal d\u00f6vr\u00fcnd\u0259 el\u0259 g\u0259nc n\u0259sil yeti\u015fdirdik ki, onlar V\u0259t\u0259n, torpaq u\u011frunda \u00f6l\u00fcm\u0259 getm\u0259y\u0259 haz\u0131r idi v\u0259 \u00f6l\u00fcm\u0259 d\u0259 gedirdil\u0259r.\u201d \u018fb\u0259s yer\u0259 deyilmir ki, torpaq, \u0259g\u0259r u\u011frunda \u00f6l\u0259n varsa V\u0259t\u0259ndir!<\/div>\n<\/div>\n","protected":false},"excerpt":{"rendered":"<p>YAP B\u0259rd\u0259 rayon t\u0259\u015fkilat\u0131n\u0131n s\u0259dri Faq\u0259t \u015eadlinskaya: 15 oktyabr z\u0259f\u0259r tariximizin n\u00f6vb\u0259ti \u0259b\u0259di, unudulmaz s\u0259hif\u0259sin\u0259 \u00e7evrildi. Qalib Prezident, M\u00fcz\u0259ff\u0259r Ali Ba\u015f Komandan c\u0259nab \u0130lham \u018fliyev Az\u0259rbaycan Bayra\u011f\u0131n\u0131 Xank\u0259ndid\u0259, Xocal\u0131da, Xocav\u0259ndd\u0259, A\u011fd\u0259r\u0259d\u0259 ucaltd\u0131. Xalq\u0131m\u0131z bu g\u00fcn\u00fc s\u0259birsizlikl\u0259 g\u00f6zl\u0259yirdi. C\u0259nab \u0130lham \u018fliyevin qeyd etdiyi kimi, h\u0259r birimiz bu g\u00fcn\u00fcn g\u0259l\u0259c\u0259yin\u0259 inan\u0131rd\u0131q. M\u00fcst\u0259qilliyinin b\u0259rpas\u0131n\u0131n 32 ilini arxada qoyan Az\u0259rbaycan 1993-c\u00fc ild\u0259 Ulu \u00d6nd\u0259r Heyd\u0259r \u018fliyevin xalq\u0131n t\u0259kidli t\u0259l\u0259bi il\u0259 hakimiyy\u0259t\u0259 qay\u0131d\u0131\u015f\u0131ndan sonra yeni inki\u015faf m\u0259rh\u0259l\u0259sin\u0259 q\u0259d\u0259m qoydu. \u00dcmummilli Lider Az\u0259rbaycan\u0131n bu g\u00fcn\u00fc v\u0259 g\u0259l\u0259c\u0259yi \u00fc\u00e7\u00fcn m\u00f6hk\u0259m t\u0259m\u0259l yaratd\u0131 v\u0259 2003-c\u00fc ild\u0259 xalqa tarixi&hellip;<\/p>\n","protected":false},"author":2,"featured_media":607059,"comment_status":"closed","ping_status":"closed","sticky":false,"template":"","format":"standard","meta":{"om_disable_all_campaigns":false,"_monsterinsights_skip_tracking":false,"_monsterinsights_sitenote_active":false,"_monsterinsights_sitenote_note":"","_monsterinsights_sitenote_category":0},"categories":[2],"tags":[],"aioseo_notices":[],"gutentor_comment":0,"rttpg_featured_image_url":{"full":["https:\/\/arantv.az\/wp-content\/uploads\/2023\/06\/thumb-2.jpg",360,238,false],"landscape":["https:\/\/arantv.az\/wp-content\/uploads\/2023\/06\/thumb-2.jpg",360,238,false],"portraits":["https:\/\/arantv.az\/wp-content\/uploads\/2023\/06\/thumb-2.jpg",360,238,false],"thumbnail":["https:\/\/arantv.az\/wp-content\/uploads\/2023\/06\/thumb-2.jpg",360,238,false],"medium":["https:\/\/arantv.az\/wp-content\/uploads\/2023\/06\/thumb-2.jpg",360,238,false],"large":["https:\/\/arantv.az\/wp-content\/uploads\/2023\/06\/thumb-2.jpg",360,238,false],"1536x1536":["https:\/\/arantv.az\/wp-content\/uploads\/2023\/06\/thumb-2.jpg",360,238,false],"2048x2048":["https:\/\/arantv.az\/wp-content\/uploads\/2023\/06\/thumb-2.jpg",360,238,false],"post-thumbnail":["https:\/\/arantv.az\/wp-content\/uploads\/2023\/06\/thumb-2-240x172.jpg",240,172,true],"advps-thumb-one":["https:\/\/arantv.az\/wp-content\/uploads\/2023\/06\/thumb-2.jpg",360,238,false]},"rttpg_author":{"display_name":"V\u00fcsal Rafiqo\u011flu","author_link":"https:\/\/arantv.az\/?author=2"},"rttpg_comment":0,"rttpg_category":"<a href=\"https:\/\/arantv.az\/?cat=2\" rel=\"category\">Region X\u0259b\u0259rl\u0259ri<\/a>","rttpg_excerpt":"YAP B\u0259rd\u0259 rayon t\u0259\u015fkilat\u0131n\u0131n s\u0259dri Faq\u0259t \u015eadlinskaya: 15 oktyabr z\u0259f\u0259r tariximizin n\u00f6vb\u0259ti \u0259b\u0259di, unudulmaz s\u0259hif\u0259sin\u0259 \u00e7evrildi. Qalib Prezident, M\u00fcz\u0259ff\u0259r Ali Ba\u015f Komandan c\u0259nab \u0130lham \u018fliyev Az\u0259rbaycan Bayra\u011f\u0131n\u0131 Xank\u0259ndid\u0259, Xocal\u0131da, Xocav\u0259ndd\u0259, A\u011fd\u0259r\u0259d\u0259 ucaltd\u0131. Xalq\u0131m\u0131z bu g\u00fcn\u00fc s\u0259birsizlikl\u0259 g\u00f6zl\u0259yirdi. C\u0259nab \u0130lham \u018fliyevin qeyd etdiyi kimi, h\u0259r birimiz bu g\u00fcn\u00fcn g\u0259l\u0259c\u0259yin\u0259 inan\u0131rd\u0131q. M\u00fcst\u0259qilliyinin b\u0259rpas\u0131n\u0131n 32 ilini arxada qoyan&hellip;","_links":{"self":[{"href":"https:\/\/arantv.az\/index.php?rest_route=\/wp\/v2\/posts\/648249"}],"collection":[{"href":"https:\/\/arantv.az\/index.php?rest_route=\/wp\/v2\/posts"}],"about":[{"href":"https:\/\/arantv.az\/index.php?rest_route=\/wp\/v2\/types\/post"}],"author":[{"embeddable":true,"href":"https:\/\/arantv.az\/index.php?rest_route=\/wp\/v2\/users\/2"}],"replies":[{"embeddable":true,"href":"https:\/\/arantv.az\/index.php?rest_route=%2Fwp%2Fv2%2Fcomments&post=648249"}],"version-history":[{"count":0,"href":"https:\/\/arantv.az\/index.php?rest_route=\/wp\/v2\/posts\/648249\/revisions"}],"wp:featuredmedia":[{"embeddable":true,"href":"https:\/\/arantv.az\/index.php?rest_route=\/wp\/v2\/media\/607059"}],"wp:attachment":[{"href":"https:\/\/arantv.az\/index.php?rest_route=%2Fwp%2Fv2%2Fmedia&parent=648249"}],"wp:term":[{"taxonomy":"category","embeddable":true,"href":"https:\/\/arantv.az\/index.php?rest_route=%2Fwp%2Fv2%2Fcategories&post=648249"},{"taxonomy":"post_tag","embeddable":true,"href":"https:\/\/arantv.az\/index.php?rest_route=%2Fwp%2Fv2%2Ftags&post=648249"}],"curies":[{"name":"wp","href":"https:\/\/api.w.org\/{rel}","templated":true}]}}