{"id":64826,"date":"2019-06-07T15:47:56","date_gmt":"2019-06-07T12:47:56","guid":{"rendered":"http:\/\/arantv.az\/?p=64826"},"modified":"2019-06-07T15:47:56","modified_gmt":"2019-06-07T12:47:56","slug":"bakida-evd%c9%99-meyit-tapildi","status":"publish","type":"post","link":"https:\/\/arantv.az\/?p=64826","title":{"rendered":"Bak\u0131da evd\u0259 meyit tap\u0131ld\u0131"},"content":{"rendered":"<p>Paytaxtda m\u0259nzild\u0259n ki\u015fi meyiti tap\u0131l\u0131b.<\/p>\n<div id=\"AdviadNativeVideo0\" class=\"AdviadNativeVideo\"><\/div>\n<p><b>ARANTV.AZ\u00a0<\/b>qafqazinfo-ya istinad\u0259n x\u0259b\u0259r verir ki, F\u00f6vq\u0259lad\u0259 Hallar Nazirliyinin sayt\u0131na istinad\u0259n m\u0259lumat\u0131na g\u00f6r\u0259, Bak\u0131 \u015f\u0259h\u0259rinin N\u0259rimanov rayonunda 1 n\u0259f\u0259r m\u0259nzild\u0259 ba\u011fl\u0131 qap\u0131 arxas\u0131nda k\u00f6m\u0259ksiz v\u0259ziyy\u0259td\u0259 qal\u0131b.<\/p>\n<p>Hadis\u0259 yerin\u0259 c\u0259lb olunan X\u00fcsusi Riskli Xilasetm\u0259 Xidm\u0259tinin m\u00fcvafiq xilasetm\u0259 q\u00fcvv\u0259l\u0259ri m\u0259nzilin giri\u015f qap\u0131s\u0131n\u0131 a\u00e7\u0131b v\u0259 orada a\u015fkarlanan 1965-ci il t\u0259v\u0259ll\u00fcdl\u00fc Rzayev Az\u0259r \u0130sa o\u011flunun meyitini aidiyy\u0259ti \u00fczr\u0259 t\u0259hvil veribl\u0259r.<\/p>\n","protected":false},"excerpt":{"rendered":"<p>Paytaxtda m\u0259nzild\u0259n ki\u015fi meyiti tap\u0131l\u0131b. ARANTV.AZ\u00a0qafqazinfo-ya istinad\u0259n x\u0259b\u0259r verir ki, F\u00f6vq\u0259lad\u0259 Hallar Nazirliyinin sayt\u0131na istinad\u0259n m\u0259lumat\u0131na g\u00f6r\u0259, Bak\u0131 \u015f\u0259h\u0259rinin N\u0259rimanov rayonunda 1 n\u0259f\u0259r m\u0259nzild\u0259 ba\u011fl\u0131 qap\u0131 arxas\u0131nda k\u00f6m\u0259ksiz v\u0259ziyy\u0259td\u0259 qal\u0131b. Hadis\u0259 yerin\u0259 c\u0259lb olunan X\u00fcsusi Riskli Xilasetm\u0259 Xidm\u0259tinin m\u00fcvafiq xilasetm\u0259 q\u00fcvv\u0259l\u0259ri m\u0259nzilin giri\u015f qap\u0131s\u0131n\u0131 a\u00e7\u0131b v\u0259 orada a\u015fkarlanan 1965-ci il t\u0259v\u0259ll\u00fcdl\u00fc Rzayev Az\u0259r \u0130sa o\u011flunun meyitini aidiyy\u0259ti \u00fczr\u0259 t\u0259hvil veribl\u0259r.<\/p>\n","protected":false},"author":2,"featured_media":64827,"comment_status":"closed","ping_status":"closed","sticky":false,"template":"","format":"standard","meta":{"om_disable_all_campaigns":false,"_monsterinsights_skip_tracking":false,"_monsterinsights_sitenote_active":false,"_monsterinsights_sitenote_note":"","_monsterinsights_sitenote_category":0},"categories":[5],"tags":[],"aioseo_notices":[],"gutentor_comment":0,"rttpg_featured_image_url":{"full":["https:\/\/arantv.az\/wp-content\/uploads\/2019\/06\/1171159_31559911217.jpg",424,262,false],"landscape":["https:\/\/arantv.az\/wp-content\/uploads\/2019\/06\/1171159_31559911217.jpg",424,262,false],"portraits":["https:\/\/arantv.az\/wp-content\/uploads\/2019\/06\/1171159_31559911217.jpg",424,262,false],"thumbnail":["https:\/\/arantv.az\/wp-content\/uploads\/2019\/06\/1171159_31559911217-150x150.jpg",150,150,true],"medium":["https:\/\/arantv.az\/wp-content\/uploads\/2019\/06\/1171159_31559911217-300x185.jpg",300,185,true],"large":["https:\/\/arantv.az\/wp-content\/uploads\/2019\/06\/1171159_31559911217.jpg",424,262,false],"1536x1536":["https:\/\/arantv.az\/wp-content\/uploads\/2019\/06\/1171159_31559911217.jpg",424,262,false],"2048x2048":["https:\/\/arantv.az\/wp-content\/uploads\/2019\/06\/1171159_31559911217.jpg",424,262,false],"post-thumbnail":["https:\/\/arantv.az\/wp-content\/uploads\/2019\/06\/1171159_31559911217-240x172.jpg",240,172,true],"advps-thumb-one":["https:\/\/arantv.az\/wp-content\/uploads\/2019\/06\/1171159_31559911217.jpg",424,262,false]},"rttpg_author":{"display_name":"V\u00fcsal Rafiqo\u011flu","author_link":"https:\/\/arantv.az\/?author=2"},"rttpg_comment":0,"rttpg_category":"<a href=\"https:\/\/arantv.az\/?cat=5\" rel=\"category\">Hadis\u0259<\/a>","rttpg_excerpt":"Paytaxtda m\u0259nzild\u0259n ki\u015fi meyiti tap\u0131l\u0131b. ARANTV.AZ\u00a0qafqazinfo-ya istinad\u0259n x\u0259b\u0259r verir ki, F\u00f6vq\u0259lad\u0259 Hallar Nazirliyinin sayt\u0131na istinad\u0259n m\u0259lumat\u0131na g\u00f6r\u0259, Bak\u0131 \u015f\u0259h\u0259rinin N\u0259rimanov rayonunda 1 n\u0259f\u0259r m\u0259nzild\u0259 ba\u011fl\u0131 qap\u0131 arxas\u0131nda k\u00f6m\u0259ksiz v\u0259ziyy\u0259td\u0259 qal\u0131b. Hadis\u0259 yerin\u0259 c\u0259lb olunan X\u00fcsusi Riskli Xilasetm\u0259 Xidm\u0259tinin m\u00fcvafiq xilasetm\u0259 q\u00fcvv\u0259l\u0259ri m\u0259nzilin giri\u015f qap\u0131s\u0131n\u0131 a\u00e7\u0131b v\u0259 orada a\u015fkarlanan 1965-ci il t\u0259v\u0259ll\u00fcdl\u00fc Rzayev Az\u0259r \u0130sa o\u011flunun&hellip;","_links":{"self":[{"href":"https:\/\/arantv.az\/index.php?rest_route=\/wp\/v2\/posts\/64826"}],"collection":[{"href":"https:\/\/arantv.az\/index.php?rest_route=\/wp\/v2\/posts"}],"about":[{"href":"https:\/\/arantv.az\/index.php?rest_route=\/wp\/v2\/types\/post"}],"author":[{"embeddable":true,"href":"https:\/\/arantv.az\/index.php?rest_route=\/wp\/v2\/users\/2"}],"replies":[{"embeddable":true,"href":"https:\/\/arantv.az\/index.php?rest_route=%2Fwp%2Fv2%2Fcomments&post=64826"}],"version-history":[{"count":0,"href":"https:\/\/arantv.az\/index.php?rest_route=\/wp\/v2\/posts\/64826\/revisions"}],"wp:featuredmedia":[{"embeddable":true,"href":"https:\/\/arantv.az\/index.php?rest_route=\/wp\/v2\/media\/64827"}],"wp:attachment":[{"href":"https:\/\/arantv.az\/index.php?rest_route=%2Fwp%2Fv2%2Fmedia&parent=64826"}],"wp:term":[{"taxonomy":"category","embeddable":true,"href":"https:\/\/arantv.az\/index.php?rest_route=%2Fwp%2Fv2%2Fcategories&post=64826"},{"taxonomy":"post_tag","embeddable":true,"href":"https:\/\/arantv.az\/index.php?rest_route=%2Fwp%2Fv2%2Ftags&post=64826"}],"curies":[{"name":"wp","href":"https:\/\/api.w.org\/{rel}","templated":true}]}}