{"id":648343,"date":"2023-10-21T19:31:57","date_gmt":"2023-10-21T15:31:57","guid":{"rendered":"https:\/\/arantv.az\/?p=648343"},"modified":"2023-10-21T19:31:57","modified_gmt":"2023-10-21T15:31:57","slug":"olk%c9%99-bascimizin-r%c9%99hb%c9%99rliyi-altinda-xalqimizi-daha-boyuk-ugurlar-v%c9%99-zirv%c9%99l%c9%99r-gozl%c9%99yir-s%c9%99rh-foto","status":"publish","type":"post","link":"https:\/\/arantv.az\/?p=648343","title":{"rendered":"\u201c\u00d6lk\u0259 ba\u015f\u00e7\u0131m\u0131z\u0131n r\u0259hb\u0259rliyi alt\u0131nda xalq\u0131m\u0131z\u0131 daha b\u00f6y\u00fck u\u011furlar v\u0259 zirv\u0259l\u0259r g\u00f6zl\u0259yir\u201d &#8211; \u015e\u018fRH + FOTO"},"content":{"rendered":"<p>\u201cAz\u0259rbaycan\u0131n milli d\u00f6vl\u0259t\u00e7iliyi son 20 il \u0259rzind\u0259 \u00f6z\u00fcnd\u0259 inki\u015faf, intibah v\u0259 q\u0259l\u0259b\u0259 m\u0259rh\u0259l\u0259l\u0259rini \u0259ks etdirib. \u018fn \u015f\u0259r\u0259fli tariximiz olub. Bu tarixin \u0259saslar\u0131n\u0131 \u00fcmummilli lider Heyd\u0259r \u018fliyev qoyub, Prezident\u00a0<strong>\u0130lham \u018fliyev<\/strong>\u00a0is\u0259 g\u00fccl\u00fc Az\u0259rbaycan d\u00f6vl\u0259tini ucald\u0131b. H\u0259r bir d\u00f6vl\u0259tin siyasi m\u00fcst\u0259qilliyi onun iqtisadi m\u00fcst\u0259qilliyind\u0259n as\u0131l\u0131d\u0131r. \u00a0D\u00f6vl\u0259t iqtisadi c\u0259h\u0259td\u0259n as\u0131l\u0131 olduqda xarici sifari\u015fl\u0259rin icra\u00e7\u0131s\u0131na \u00e7evrilir. Az\u0259rbaycan s\u00f6z\u00fcn \u0259sl m\u0259nas\u0131nda iqtisadi v\u0259 siyasi m\u00fcst\u0259qilliyin\u0259 qovu\u015fa bildi\u201d.<\/p>\n<p>Bu fikirl\u0259ri\u00a0<strong>Oxu.Az<\/strong>-a a\u00e7\u0131qlamas\u0131nda Milli M\u0259clisin deputat\u0131\u00a0<strong>Az\u0259r Badamov<\/strong>\u00a0deyib. O qeyd edib ki, siyasi m\u00fcst\u0259qilliyin m\u00f6hk\u0259m olmas\u0131 d\u00fcnyada \u00f6z\u00fcn\u00fcn \u0259dal\u0259tli m\u00f6vqeyinin inamla m\u00fcdafi\u0259 etm\u0259sin\u0259 v\u0259 d\u00fcnya nizam\u0131n\u0131n \u0259sas aktoruna \u00e7evrilm\u0259sin\u0259 yol a\u00e7\u0131r:<\/p>\n<p><img src=\"https:\/\/cdn.oxu.az\/uploads\/W1siZiIsIjIwMjMvMTAvMTkvMTYvNTUvMTIvYjBiNzYyZDgtN2E2Yy00NzFlLTk4YTMtNGJjYTYxMGExYjExL2hhYWdnYS5qcGciXSxbInAiLCJlbmNvZGUiLCJqcGciLCItcXVhbGl0eSA4MCJdLFsicCIsInRodW1iIiwiNTkweDU5MFx1MDAzZSJdXQ?sha=2d05fff567ae2152\" alt=\"\" \/><\/p>\n<p>\u201cAz\u0259rbaycan d\u00f6vl\u0259ti Prezident \u0130lham \u018fliyevin r\u0259hb\u0259rliyi alt\u0131nda beyn\u0259lxalq arenalarda s\u00f6z\u00fcn\u00fcn imzas\u0131 q\u0259d\u0259r m\u00f6hk\u0259m oldu\u011funu t\u0259sdiq ed\u0259r\u0259k n\u00fcfuzlu aktora \u00e7evrilib. Bu g\u00fcn Az\u0259rbaycan d\u00f6vl\u0259ti Qo\u015fulmama H\u0259r\u0259kat\u0131na s\u0259drlik etm\u0259kl\u0259 yana\u015f\u0131 Avropan\u0131n enerji t\u0259hl\u00fck\u0259sizliyinin t\u0259minat\u00e7\u0131s\u0131na \u00e7evrilib.<\/p>\n<p>\u0130qtisadi u\u011furlar\u0131m\u0131z\u0131n t\u0259m\u0259lind\u0259 \u00fcmummilli lider Heyd\u0259r \u018fliyevin \u0259sas\u0131n\u0131 qoydu\u011fu neft strategiyas\u0131n\u0131n u\u011furla davam etdirilm\u0259si dayan\u0131r. Az\u0259rbaycan xalq\u0131n\u0131n milli s\u0259rv\u0259ti olan neft-qaz resurslar\u0131ndan s\u0259m\u0259r\u0259li v\u0259 \u015f\u0259ffaf istifad\u0259 etm\u0259si say\u0259sind\u0259 \u00f6lk\u0259mizin qeyri-neft sektoru u\u011furla inki\u015faf etdirilib. Neft-qaz sah\u0259sind\u0259 icra olunan BTC, BT\u018f, TANAP, TAP kimi beyn\u0259lxalq enerji ixrac\u0131 layih\u0259l\u0259rimiz neft v\u0259 qaz resurslar\u0131m\u0131z\u0131n d\u00fcnya bazarlar\u0131na ayaq a\u00e7mas\u0131na yol a\u00e7d\u0131. Prezident \u0130lham \u018fliyev se\u00e7ildiyi ilk g\u00fcnd\u0259n deyirdi ki, neft kapital\u0131n\u0131 insan kapital\u0131na \u00e7evrilm\u0259lidir. Son 20 ild\u0259 neft g\u0259lirl\u0259rinin \u0259dal\u0259tli v\u0259 \u015f\u0259ffaf b\u00f6l\u00fc\u015fd\u00fcr\u00fclm\u0259si say\u0259sind\u0259 \u00f6lk\u0259mizin qeyri-neft sektoru inki\u015faf etm\u0259kl\u0259 insanlar\u0131n rifah\u0131n\u0131n yax\u015f\u0131la\u015fmas\u0131n\u0131 t\u0259min etdi\u201d.<\/p>\n<p>Mill\u0259t v\u0259kili bildirib ki, son 20 ild\u0259 sahibkarl\u0131\u011f\u0131n inki\u015faf\u0131na d\u00f6vl\u0259t d\u0259st\u0259yi\u00a0 proqramlar\u0131 icra olunub:<\/p>\n<p>\u201cSon 20 ilin makroiqtisadi g\u00f6st\u0259ricil\u0259rin\u0259 q\u0131sa olaraq n\u0259z\u0259r salaq: \u00dcDM 3,6 d\u0259f\u0259, adam ba\u015f\u0131na d\u00fc\u015f\u0259n \u00dcDM 3 d\u0259f\u0259, d\u00f6vl\u0259t b\u00fcdc\u0259sinin g\u0259lirl\u0259ri 30 d\u0259f\u0259,\u00a0xarici ticar\u0259t d\u00f6vriyy\u0259si 10,8 d\u0259f\u0259, ixrac 16,1 d\u0259f\u0259,\u00a0d\u00f6vl\u0259t valyuta ehtiyatlar\u0131 47 d\u0259f\u0259 art\u0131b.<\/p>\n<p>Valyuta ehtiyatlar\u0131m\u0131z 67 milyard dollar olmaqla xarici d\u00f6vl\u0259t borcunu 10 d\u0259f\u0259 \u00fcst\u0259l\u0259yir. Son 20 ild\u0259 \u00f6lk\u0259 iqtisadiyyat\u0131na 300 milyard dollar s\u0259rmay\u0259 yat\u0131r\u0131l\u0131b, onun da 190 milyard dollar\u0131 qeyri-neft sektoruna y\u00f6n\u0259ldilib. Son 20 ild\u0259 sahibkarl\u0131\u011f\u0131n inki\u015faf\u0131na d\u00f6vl\u0259t d\u0259st\u0259yi\u00a0proqramlar\u0131 icra olunub. S\u0259naye parklar\u0131, s\u0259naye m\u0259h\u0259ll\u0259l\u0259ri v\u0259 aqroparklar istifad\u0259y\u0259 veril\u0259r\u0259k \u00f6lk\u0259d\u0259\u00a0 m\u00fcxt\u0259lif \u00e7e\u015fidli qeyri-neft m\u0259hsullar\u0131n\u0131n istehsal\u0131n\u0131n artmas\u0131na, v\u0259t\u0259nda\u015flar\u0131n etibarl\u0131 mallarla t\u0259min edilm\u0259sin\u0259 v\u0259 ixrac potensial\u0131n\u0131n artmas\u0131na t\u00f6hf\u0259 verilib. Son 20 ild\u0259 \u00f6lk\u0259d\u0259 2 milyondan \u00e7ox i\u015f yeri yaratmaqla i\u015fsizlik 50%-d\u0259n 5%-\u0259, yoxsulluq is\u0259 49%-d\u0259n 5,5%-\u0259 endirilib.<\/p>\n<p>\u00d6t\u0259n 20 ild\u0259 minimum \u0259m\u0259khaqq\u0131 38 d\u0259f\u0259, orta ayl\u0131q \u0259m\u0259khaqq\u0131 12 d\u0259f\u0259, minimum pensiya 14 d\u0259f\u0259, orta ayl\u0131q pensiya 18 d\u0259f\u0259, ya\u015fa g\u00f6r\u0259 orta ayl\u0131q pensiya 19 d\u0259f\u0259, \u0259lilliy\u0259 g\u00f6r\u0259 pensiya 14 d\u0259f\u0259, ail\u0259 ba\u015f\u00e7\u0131s\u0131n\u0131 itirm\u0259y\u0259 g\u00f6r\u0259 pensiya 19 d\u0259f\u0259 art\u0131b, pensiya \u00fczr\u0259 \u00f6d\u0259nil\u0259n illik v\u0259saitin h\u0259min d\u00f6vrd\u0259 30 d\u0259f\u0259 artaraq 6 milyard manata \u00e7atd\u0131r\u0131l\u0131b\u201d.<\/p>\n<p>A.Badamov qeyd edib ki, Prezident \u0130lham \u018fliyevin 2003-c\u00fc ild\u0259 imzalad\u0131\u011f\u0131 \u201cRegionlar\u0131n Sosial \u0130qtisadi \u0130nki\u015faf\u0131na dair D\u00f6vl\u0259t Proqram\u201dlar\u0131n\u0131n d\u00f6rd m\u0259rh\u0259l\u0259sinin icras\u0131 \u00e7\u0259r\u00e7iv\u0259sind\u0259 son 20 ild\u0259 regionlar\u0131m\u0131za 200 milyard dollara yax\u0131n v\u0259sait yat\u0131r\u0131l\u0131b:<\/p>\n<p>\u201cSon 20 ild\u0259 4000-\u0259 yax\u0131n m\u0259kt\u0259b binas\u0131, 740-dan \u00e7ox s\u0259hiyy\u0259 m\u00fc\u0259ssis\u0259si, 50\u00a0 \u0130dman Olimpiya Kompleksi, 21 min kilometr\u0259 yax\u0131n m\u00fcxt\u0259lif t\u0259yinatl\u0131 yollar\u00a0 yenid\u0259n qurularaq istifad\u0259y\u0259 verilib. \u00d6lk\u0259d\u0259 qazla\u015fma 51%-d\u0259n 98%-\u0259 \u00e7atm\u0131\u015f, elektrik enerji il\u0259\u00a0 \u0259halinin t\u0259minat\u0131 idxaldan azad olunaraq fasil\u0259siz t\u0259min olunur. \u015e\u0259h\u0259rl\u0259rin v\u0259 rayon m\u0259rk\u0259zl\u0259rinin i\u00e7m\u0259li su v\u0259 kanalizasiya xidm\u0259tl\u0259ri t\u0259minat\u0131n\u0131n m\u00fcasirl\u0259\u015fdirilm\u0259si il\u0259 ba\u011fl\u0131 b\u00f6y\u00fck layih\u0259l\u0259r icra olunub. Regionlarda apar\u0131lan quruculuq-b\u0259rpa i\u015fl\u0259rinin n\u0259tic\u0259si olaraq \u015f\u0259h\u0259rl\u0259 k\u0259nd aras\u0131ndak\u0131 f\u0259rq aradan qalx\u0131b, k\u0259ndl\u0259rd\u0259n \u015f\u0259h\u0259r\u0259 ax\u0131n dayanaraq bu proses \u0259ks istiqam\u0259t\u0259 y\u00f6n\u0259ldilib.<\/p>\n<p>Az\u0259rbaycan d\u00f6vl\u0259ti\u00a0 \u00f6lk\u0259nin yerl\u0259\u015fdiyi co\u011frafiyas\u0131ndan d\u00fczg\u00fcn istifad\u0259 ed\u0259r\u0259k\u00a0 regional v\u0259 beyn\u0259lxalq layih\u0259l\u0259rin aktiv i\u015ftirak\u00e7\u0131s\u0131na \u00e7evrilib. Bel\u0259 ki, istifad\u0259y\u0259 verilmi\u015f Bak\u0131 Beyn\u0259lxalq Ticar\u0259t Liman\u0131, \u018fl\u0259t Azad \u0130qtisadi zonas\u0131, Bak\u0131 Tbilisi Qars D\u0259mir Yolu, \u015eimal-C\u0259nub v\u0259 Q\u0259rb-\u015e\u0259rq N\u0259qliyyat D\u0259hlizl\u0259ri Az\u0259rbaycan\u0131 beyn\u0259lxalq da\u015f\u0131malar\u0131n \u0259sas arteriyalar\u0131ndan birin\u0259 \u00e7evirib\u201d.<\/p>\n<p>Deputat son 20 ild\u0259 Az\u0259rbaycan\u0131n iqtisadi g\u00fcc\u00fcn\u00fcn artmas\u0131n\u0131n ordu quruculu\u011fu v\u0259 m\u00fcdafi\u0259 s\u0259nayesi sektorunun inki\u015faf etdirilm\u0259sin\u0259 yol a\u00e7d\u0131\u011f\u0131n\u0131 \u0259lav\u0259 edib:<\/p>\n<p>\u201cD\u00f6vl\u0259t b\u00fcdc\u0259sind\u0259n m\u00fcdafi\u0259 x\u0259rcl\u0259rin\u0259 b\u00f6y\u00fck v\u0259saitl\u0259r ay\u0131rmaqla Az\u0259rbaycan ordusunun d\u00f6y\u00fc\u015f arsenal\u0131 m\u00fcasirl\u0259\u015fdirilib, pe\u015f\u0259karl\u0131\u011f\u0131 art\u0131r\u0131l\u0131b v\u0259 qar\u015f\u0131s\u0131na qoyuldu\u011fu h\u0259r bir h\u0259rbi tap\u015f\u0131r\u0131\u011f\u0131 y\u00fcks\u0259k d\u0259qiqlikl\u0259 icra etm\u0259y\u0259 qadir orduya \u00e7evrilib. Bu g\u00fcn \u00f6lk\u0259nin\u00a0 m\u00fcdafi\u0259 s\u0259nayesi sektorunda 200-d\u0259n \u00e7ox adda m\u0259hsul istehsal olunur. Ordumuz d\u00fcnyan\u0131n \u0259n g\u00fccl\u00fc 50 ordusu s\u0131ras\u0131na daxil olub.<\/p>\n<p>Ordumuz \u00f6z g\u00fcc\u00fcn\u00fc 3 il \u0259vv\u0259l d\u00f6y\u00fc\u015f meydan\u0131nda n\u00fcmayi\u015f etdirib. 44 g\u00fcnd\u0259 torpaqlar\u0131m\u0131z\u0131 azad ed\u0259r\u0259k 30 illik erm\u0259ni i\u015f\u011fal\u0131na son qoyub. O c\u00fcml\u0259d\u0259n 19-20 sentyabr tarixl\u0259rind\u0259 ke\u00e7iril\u0259n lokal xarakterli antiterror t\u0259dbirl\u0259ri il\u0259 24 saat \u0259rzind\u0259 Qaraba\u011fda erm\u0259ni separatizminin k\u00f6k\u00fcn\u00fc k\u0259s\u0259r\u0259k,\u00a0 \u00f6z g\u00fcc\u00fcn\u00fc d\u00fcnyaya bir daha n\u00fcmayi\u015f etdirib. Ordumuz \u00f6lk\u0259mizin suver\u0259nliyini g\u00f6z b\u0259b\u0259yi kimi qoruyur v\u0259 ola bil\u0259c\u0259k h\u0259r bir t\u0259hl\u00fck\u0259ni an\u0131ndaca m\u0259hv etm\u0259k iqtidar\u0131ndad\u0131r\u201d.<\/p>\n<p>\u201cTorpaqlar\u0131m\u0131z\u0131n i\u015f\u011faldan azad edilm\u0259si m\u0259cburi k\u00f6\u00e7k\u00fcn ifad\u0259sini d\u0259 ke\u00e7mi\u015fd\u0259 saxlama\u011f\u0131m\u0131za yol a\u00e7d\u0131. Prezidentin s\u0259r\u0259ncam\u0131 il\u0259 2022-2026-c\u0131 ill\u0259rd\u0259 \u201cB\u00f6y\u00fck Qay\u0131d\u0131\u015fa dair D\u00f6vl\u0259t Proqram\u0131\u201d imzalan\u0131b. Bu proqrama \u0259sas\u0259n, 2026-c\u0131 il\u0259 q\u0259d\u0259r 8 \u015f\u0259h\u0259r v\u0259 100 k\u0259nd\u00a0yenid\u0259n qurulub b\u0259rpa edil\u0259r\u0259k, ke\u00e7mi\u015f m\u0259cburi k\u00f6\u00e7k\u00fcnl\u0259rin \u00f6z do\u011fma yurdlar\u0131na qay\u0131d\u0131\u015f\u0131\u00a0t\u0259min edil\u0259c\u0259k. Art\u0131q 8 \u015f\u0259h\u0259r v\u0259 80-d\u0259n \u00e7ox k\u0259ndin ba\u015f planlar\u0131 t\u0259sdiq olunub, tikinti i\u015fl\u0259rin\u0259 ba\u015flan\u0131l\u0131b.<\/p>\n<p>\u0130\u015f\u011faldan azad olunmu\u015f \u0259razil\u0259rin yenid\u0259n qurulmas\u0131 v\u0259 b\u0259rpas\u0131na 7 milyard dollar v\u0259sait ayr\u0131l\u0131b, g\u0259l\u0259n ilin d\u00f6vl\u0259t b\u00fcdc\u0259sind\u0259 d\u0259 daha 4 milyard manat\u0131n ayr\u0131laca\u011f\u0131 n\u0259z\u0259rd\u0259 tutulub. \u0130\u015f\u011faldan azad olunmu\u015f \u0259razil\u0259rd\u0259 avtomobil v\u0259 d\u0259mir yollar\u0131 yenid\u0259n tikilir, 2 beyn\u0259lxalq hava liman\u0131 istifad\u0259y\u0259 verilib v\u0259 3-c\u00fc hava liman\u0131n\u0131n tikintisi davam etdirilir, 30-dan \u00e7ox ki\u00e7ikh\u0259cmli su elektrik stansiyas\u0131\u00a0yenid\u0259n qurulub, Z\u0259ngilanda Dost Aqropark\u0131n\u0131n birinci m\u0259rh\u0259l\u0259sinin a\u00e7\u0131l\u0131\u015f\u0131 edilib. A\u011fal\u0131, La\u00e7\u0131n Zabux, Tal\u0131\u015f v\u0259 s. k\u0259ndl\u0259r yenid\u0259n qurulub b\u0259rpa edil\u0259r\u0259k \u00f6z do\u011fma sakinl\u0259rini qar\u015f\u0131lay\u0131b. F\u00fczuli \u015f\u0259h\u0259rin\u0259 ke\u00e7mi\u015f m\u0259cburi k\u00f6\u00e7k\u00fcnl\u0259rin qaytar\u0131lmas\u0131 prosesi davam edir.<\/p>\n<p>Son 20 ild\u0259 Prezident \u0130lham \u018fliyevin r\u0259hb\u0259rliyi alt\u0131nda Az\u0259rbaycan d\u00f6vl\u0259ti b\u00fct\u00fcn \u0259razil\u0259rind\u0259 suverenliyini b\u0259rpa ed\u0259r\u0259k d\u00fcnya \u00e7ap\u0131nda \u00f6z s\u00f6z\u00fcn\u00fc dey\u0259n \u00e7ox nadir d\u00f6vl\u0259tl\u0259rd\u0259n birin\u0259 \u00e7evrildi. Prezident\u00a0h\u0259r bir az\u0259rbaycanl\u0131n\u0131n prezidenti oldu\u011funu t\u0259sdiq etdi. \u00d6lk\u0259 ba\u015f\u00e7\u0131m\u0131z\u0131n r\u0259hb\u0259rliyi alt\u0131nda xalq\u0131m\u0131z\u0131 g\u0259l\u0259c\u0259kd\u0259 d\u0259 daha b\u00f6y\u00fck u\u011furlar v\u0259 zirv\u0259l\u0259r g\u00f6zl\u0259yir\u201d, &#8211; dey\u0259 A.Badamov qeyd edib.<\/p>\n","protected":false},"excerpt":{"rendered":"<p>\u201cAz\u0259rbaycan\u0131n milli d\u00f6vl\u0259t\u00e7iliyi son 20 il \u0259rzind\u0259 \u00f6z\u00fcnd\u0259 inki\u015faf, intibah v\u0259 q\u0259l\u0259b\u0259 m\u0259rh\u0259l\u0259l\u0259rini \u0259ks etdirib. \u018fn \u015f\u0259r\u0259fli tariximiz olub. Bu tarixin \u0259saslar\u0131n\u0131 \u00fcmummilli lider Heyd\u0259r \u018fliyev qoyub, Prezident\u00a0\u0130lham \u018fliyev\u00a0is\u0259 g\u00fccl\u00fc Az\u0259rbaycan d\u00f6vl\u0259tini ucald\u0131b. H\u0259r bir d\u00f6vl\u0259tin siyasi m\u00fcst\u0259qilliyi onun iqtisadi m\u00fcst\u0259qilliyind\u0259n as\u0131l\u0131d\u0131r. \u00a0D\u00f6vl\u0259t iqtisadi c\u0259h\u0259td\u0259n as\u0131l\u0131 olduqda xarici sifari\u015fl\u0259rin icra\u00e7\u0131s\u0131na \u00e7evrilir. Az\u0259rbaycan s\u00f6z\u00fcn \u0259sl m\u0259nas\u0131nda iqtisadi v\u0259 siyasi m\u00fcst\u0259qilliyin\u0259 qovu\u015fa bildi\u201d. Bu fikirl\u0259ri\u00a0Oxu.Az-a a\u00e7\u0131qlamas\u0131nda Milli M\u0259clisin deputat\u0131\u00a0Az\u0259r Badamov\u00a0deyib. O qeyd edib ki, siyasi m\u00fcst\u0259qilliyin m\u00f6hk\u0259m olmas\u0131 d\u00fcnyada \u00f6z\u00fcn\u00fcn \u0259dal\u0259tli m\u00f6vqeyinin inamla m\u00fcdafi\u0259 etm\u0259sin\u0259 v\u0259 d\u00fcnya nizam\u0131n\u0131n \u0259sas aktoruna \u00e7evrilm\u0259sin\u0259 yol&hellip;<\/p>\n","protected":false},"author":2,"featured_media":648347,"comment_status":"closed","ping_status":"closed","sticky":false,"template":"","format":"standard","meta":{"om_disable_all_campaigns":false,"_monsterinsights_skip_tracking":false,"_monsterinsights_sitenote_active":false,"_monsterinsights_sitenote_note":"","_monsterinsights_sitenote_category":0},"categories":[4],"tags":[],"aioseo_notices":[],"gutentor_comment":0,"rttpg_featured_image_url":{"full":["https:\/\/arantv.az\/wp-content\/uploads\/2023\/10\/hahagasd.jpg",620,413,false],"landscape":["https:\/\/arantv.az\/wp-content\/uploads\/2023\/10\/hahagasd.jpg",620,413,false],"portraits":["https:\/\/arantv.az\/wp-content\/uploads\/2023\/10\/hahagasd.jpg",620,413,false],"thumbnail":["https:\/\/arantv.az\/wp-content\/uploads\/2023\/10\/hahagasd-500x280.jpg",500,280,true],"medium":["https:\/\/arantv.az\/wp-content\/uploads\/2023\/10\/hahagasd-548x365.jpg",548,365,true],"large":["https:\/\/arantv.az\/wp-content\/uploads\/2023\/10\/hahagasd.jpg",620,413,false],"1536x1536":["https:\/\/arantv.az\/wp-content\/uploads\/2023\/10\/hahagasd.jpg",620,413,false],"2048x2048":["https:\/\/arantv.az\/wp-content\/uploads\/2023\/10\/hahagasd.jpg",620,413,false],"post-thumbnail":["https:\/\/arantv.az\/wp-content\/uploads\/2023\/10\/hahagasd-240x172.jpg",240,172,true],"advps-thumb-one":["https:\/\/arantv.az\/wp-content\/uploads\/2023\/10\/hahagasd.jpg",620,413,false]},"rttpg_author":{"display_name":"V\u00fcsal Rafiqo\u011flu","author_link":"https:\/\/arantv.az\/?author=2"},"rttpg_comment":0,"rttpg_category":"<a href=\"https:\/\/arantv.az\/?cat=4\" rel=\"category\">Siyas\u0259t<\/a>","rttpg_excerpt":"\u201cAz\u0259rbaycan\u0131n milli d\u00f6vl\u0259t\u00e7iliyi son 20 il \u0259rzind\u0259 \u00f6z\u00fcnd\u0259 inki\u015faf, intibah v\u0259 q\u0259l\u0259b\u0259 m\u0259rh\u0259l\u0259l\u0259rini \u0259ks etdirib. \u018fn \u015f\u0259r\u0259fli tariximiz olub. Bu tarixin \u0259saslar\u0131n\u0131 \u00fcmummilli lider Heyd\u0259r \u018fliyev qoyub, Prezident\u00a0\u0130lham \u018fliyev\u00a0is\u0259 g\u00fccl\u00fc Az\u0259rbaycan d\u00f6vl\u0259tini ucald\u0131b. H\u0259r bir d\u00f6vl\u0259tin siyasi m\u00fcst\u0259qilliyi onun iqtisadi m\u00fcst\u0259qilliyind\u0259n as\u0131l\u0131d\u0131r. \u00a0D\u00f6vl\u0259t iqtisadi c\u0259h\u0259td\u0259n as\u0131l\u0131 olduqda xarici sifari\u015fl\u0259rin icra\u00e7\u0131s\u0131na \u00e7evrilir. Az\u0259rbaycan s\u00f6z\u00fcn \u0259sl m\u0259nas\u0131nda&hellip;","_links":{"self":[{"href":"https:\/\/arantv.az\/index.php?rest_route=\/wp\/v2\/posts\/648343"}],"collection":[{"href":"https:\/\/arantv.az\/index.php?rest_route=\/wp\/v2\/posts"}],"about":[{"href":"https:\/\/arantv.az\/index.php?rest_route=\/wp\/v2\/types\/post"}],"author":[{"embeddable":true,"href":"https:\/\/arantv.az\/index.php?rest_route=\/wp\/v2\/users\/2"}],"replies":[{"embeddable":true,"href":"https:\/\/arantv.az\/index.php?rest_route=%2Fwp%2Fv2%2Fcomments&post=648343"}],"version-history":[{"count":0,"href":"https:\/\/arantv.az\/index.php?rest_route=\/wp\/v2\/posts\/648343\/revisions"}],"wp:featuredmedia":[{"embeddable":true,"href":"https:\/\/arantv.az\/index.php?rest_route=\/wp\/v2\/media\/648347"}],"wp:attachment":[{"href":"https:\/\/arantv.az\/index.php?rest_route=%2Fwp%2Fv2%2Fmedia&parent=648343"}],"wp:term":[{"taxonomy":"category","embeddable":true,"href":"https:\/\/arantv.az\/index.php?rest_route=%2Fwp%2Fv2%2Fcategories&post=648343"},{"taxonomy":"post_tag","embeddable":true,"href":"https:\/\/arantv.az\/index.php?rest_route=%2Fwp%2Fv2%2Ftags&post=648343"}],"curies":[{"name":"wp","href":"https:\/\/api.w.org\/{rel}","templated":true}]}}