{"id":648350,"date":"2023-10-21T19:33:15","date_gmt":"2023-10-21T15:33:15","guid":{"rendered":"https:\/\/arantv.az\/?p=648350"},"modified":"2023-10-21T19:33:15","modified_gmt":"2023-10-21T15:33:15","slug":"dava-yorgan-davasidir-ir%c9%99vandaki-etirazlarin-p%c9%99rd%c9%99arxasi-s%c9%99rh-foto","status":"publish","type":"post","link":"https:\/\/arantv.az\/?p=648350","title":{"rendered":"Dava yor\u011fan davas\u0131d\u0131r: \u0130r\u0259vandak\u0131 etirazlar\u0131n p\u0259rd\u0259arxas\u0131 &#8211; \u015e\u018fRH + FOTO"},"content":{"rendered":"<p>D\u00fcn\u0259n Erm\u0259nistan\u0131n paytaxt\u0131 \u0130r\u0259vanda Qaraba\u011f erm\u0259nil\u0259ri separat\u00e7\u0131 rejimin binas\u0131na h\u00fccum edibl\u0259r. Binaya daxil olan etiraz\u00e7\u0131lar \u00f6z\u00fcn\u00fc h\u0259l\u0259 d\u0259 quldur rejimin \u201cr\u0259hb\u0259ri\u201d sayan Samvel \u015eahramanyanla g\u00f6r\u00fc\u015f\u00fcbl\u0259r. \u015eahramanyan Qaraba\u011f erm\u0259nil\u0259rini sakitl\u0259\u015fdirm\u0259y\u0259 \u00e7al\u0131\u015fsa da, etirazlar s\u0259ngim\u0259yib. A\u00e7\u0131qlamaya g\u00f6r\u0259, Qaraba\u011f erm\u0259nil\u0259ri onlar\u0131 maraqland\u0131ran suallara cavab t\u0259l\u0259b edibl\u0259r. \u015eahramanyan \u00fcz\u0259 \u00e7\u0131x\u0131b a\u00e7\u0131qlama vers\u0259 d\u0259, onun dedikl\u0259ri etiraz\u00e7\u0131lar\u0131 sakitl\u0259\u015fdirm\u0259yib. Bir m\u00fcdd\u0259t sonra is\u0259 ara qar\u0131\u015f\u0131b, m\u0259zh\u0259b itib. Etiraz\u00e7\u0131lar Samvel \u015eahramanyan\u0131n qarda\u015f\u0131 Karen \u015eahramanyan\u0131 \u0259m\u0259lli-ba\u015fl\u0131 \u0259zi\u015fdiribl\u0259r. B\u00fct\u00fcn bunlar medal\u0131n g\u00f6r\u00fcn\u0259n \u00fcz\u00fcd\u00fcr. B\u0259s \u0259slind\u0259 Qaraba\u011f erm\u0259nil\u0259rini separat\u00e7\u0131 rejim\u0259 qar\u015f\u0131 q\u0131z\u0131\u015fd\u0131rmaq kim\u0259 laz\u0131md\u0131r? Bu kimi hallar n\u0259y\u0259 xidm\u0259t edir?<\/p>\n<p>Etirazlar ilk ba\u015flayan d\u0259qiq\u0259l\u0259rd\u0259n q\u0131z\u0131\u015fd\u0131r\u0131c\u0131 faktor kimi separat\u00e7\u0131 rejimin \u201ct\u0259hl\u00fck\u0259sizlik \u015furas\u0131\u201dn\u0131n ke\u00e7mi\u015f s\u0259dri Samvel Babayan\u0131n ad\u0131 hallan\u0131r. Deyil\u0259nl\u0259r\u0259 g\u00f6r\u0259, Samvel Babayan bir qrup Qaraba\u011f erm\u0259nisini Samvel \u015eahramanyana qar\u015f\u0131 q\u0131z\u0131\u015fd\u0131raraq binaya g\u00f6nd\u0259rib. Bunun is\u0259 \u0259sas\u0259n iki s\u0259b\u0259bi var. Birincisi, Babayan m\u00fchacir\u0259td\u0259 \u201cf\u0259aliyy\u0259t\u201d g\u00f6st\u0259r\u0259n qondarma rejim\u0259 r\u0259hb\u0259rliyi \u0259l\u0259 almaq, Qaraba\u011fdan g\u0259tiril\u0259n maliyy\u0259 resurslar\u0131n\u0131 v\u0259 xaricd\u0259n g\u00f6nd\u0259ril\u0259n ian\u0259, yard\u0131mlar\u0131 idar\u0259 etm\u0259k niyy\u0259tind\u0259dir. Q\u0131sacas\u0131, az m\u00fcdd\u0259t\u0259 varlanaraq, aradan \u00e7\u0131xma\u011f\u0131 planla\u015fd\u0131r\u0131r. \u00c7\u00fcnki Arayik Arutyunyan, Ruben Vardanyan kimi separat\u00e7\u0131lar\u0131n h\u0259bsind\u0259n sonra gec-tez n\u00f6vb\u0259nin ona \u00e7ataca\u011f\u0131n\u0131 g\u00f6z\u0259l anlay\u0131r. Bako Saakyan, Arkadi Qukasyan v\u0259 David \u0130\u015fxanyan\u0131n ifad\u0259l\u0259ri yax\u0131n aylarda m\u0259nz\u0259r\u0259ni d\u0259yi\u015f\u0259 bil\u0259r. Bu is\u0259 t\u0259kc\u0259 Babayan\u0131n yox, h\u0259m d\u0259 separat\u00e7\u0131 rejimin dig\u0259r t\u00f6r-t\u00f6k\u00fcnt\u00fcl\u0259rinin yuxusuna haram qat\u0131b. Ona g\u00f6r\u0259 d\u0259 bu resurslar vasit\u0259sil\u0259 varlan\u0131b aradan \u00e7\u0131xmaq yolu Samvel Babayan \u00fc\u00e7\u00fcn yegan\u0259dir.<\/p>\n<p>\u0130kincisi, Samvel Babayan Nikol Pa\u015finyana yax\u0131n adamd\u0131r v\u0259 onun diqt\u0259si il\u0259 h\u0259r\u0259k\u0259t edir. O s\u0259b\u0259bd\u0259n d\u0259 bu aksiyan\u0131n \u0259sas sifari\u015f\u00e7isinin Nikol Pa\u015finyan oldu\u011funu s\u00f6yl\u0259m\u0259k olar. Erm\u0259nistan hakimiyy\u0259tin\u0259 qar\u015f\u0131 b\u00f6y\u00fck naraz\u0131l\u0131\u011f\u0131n g\u00fcn\u00fc-g\u00fcnd\u0259n artd\u0131\u011f\u0131 bir d\u00f6vrd\u0259 Qaraba\u011f erm\u0259nil\u0259rinin d\u0259 artan probleml\u0259ri ciddi ictimai naraz\u0131l\u0131\u011fa \u00e7evril\u0259 bil\u0259r. D\u00f6vl\u0259tin ay\u0131rd\u0131\u011f\u0131 yard\u0131m\u0131n azl\u0131\u011f\u0131, Qaraba\u011f erm\u0259nil\u0259rin\u0259 soyuq m\u00fcnasib\u0259t, s\u0131\u011fortas\u0131z avtomobil idar\u0259 ed\u0259nl\u0259rin 100 min dram c\u0259rim\u0259l\u0259nm\u0259si kimi faktorlar da naraz\u0131l\u0131\u011f\u0131 get-ged\u0259 art\u0131r\u0131r. Bu hadis\u0259l\u0259rin fonunda naraz\u0131l\u0131\u011f\u0131 qondarma rejimin \u201cliderl\u0259rin\u0259\u201d y\u00f6n\u0259ltm\u0259k daha m\u0259qs\u0259d\u0259uy\u011fun say\u0131l\u0131b. \u00c7\u00fcnki bu naraz\u0131l\u0131qlar bir g\u00fcn \u015fi\u015f\u0259r\u0259k \u0130r\u0259van\u0131n m\u0259rk\u0259zind\u0259 Nikol Pa\u015finyana qar\u015f\u0131 partlaya bil\u0259r.<\/p>\n<p>Aksiyan\u0131n \u0259sas sifari\u015f\u00e7isinin Nikol Pa\u015finyan oldu\u011funu s\u00fcbuta yetir\u0259n dig\u0259r faktorlar da var. Etiraz\u00e7\u0131lar saatlarla qondarma rejimin qar\u015f\u0131s\u0131nda \u015f\u00fcar s\u0259sl\u0259ndirs\u0259l\u0259r d\u0259, Nikol Pa\u015finyana qar\u015f\u0131 he\u00e7 bir t\u0259l\u0259b v\u0259 t\u0259nqidi fikir s\u0259sl\u0259ndirilm\u0259yib. B\u00fct\u00fcn h\u0259d\u0259fl\u0259r separat\u00e7\u0131 rejimin \u201cr\u0259hb\u0259rliyi\u201dn\u0259 qar\u015f\u0131 olub. \u018fksin\u0259, aksiya i\u015ftirak\u00e7\u0131lar\u0131n\u0131n \u0259ks\u0259riyy\u0259ti ba\u015f nazird\u0259n raz\u0131 olduqlar\u0131n\u0131 dil\u0259 g\u0259tiribl\u0259r. \u0130\u015fsizlik, qida \u00e7at\u0131\u015fmazl\u0131\u011f\u0131, evsiz qalan, g\u00fcn\u00fc-g\u00fcnd\u0259n s\u00fcni \u015f\u0259kild\u0259 artan kiray\u0259 qiym\u0259tl\u0259ri qar\u015f\u0131s\u0131nda \u00e7ar\u0259siz qalan Qaraba\u011f erm\u0259nil\u0259rinin bird\u0259n-bir\u0259 ba\u015f nazird\u0259n raz\u0131 v\u0259 m\u0259mnun qalmalar\u0131 aksiyan\u0131n idar\u0259 edildiyini v\u0259 m\u00fc\u0259yy\u0259n tezisl\u0259rl\u0259 h\u0259yata ke\u00e7irildiyini s\u00fcbut edir. Bununla yana\u015f\u0131, aksiya i\u015ftirak\u00e7\u0131lar\u0131 qeyd edibl\u0259r ki, separat\u00e7\u0131 rejim ill\u0259rdir onlar\u0131 qar\u0259t edib v\u0259 bu pullara bahal\u0131 evl\u0259r, ma\u015f\u0131nlar al\u0131rlar. H\u0259tta b\u0259zil\u0259ri t\u0259klif edibl\u0259r ki, bu evl\u0259r onlar\u0131n \u0259lind\u0259n al\u0131nmal\u0131 v\u0259 Qaraba\u011f erm\u0259nil\u0259rin\u0259 verilm\u0259lidir. \u018fg\u0259r Erm\u0259nistan\u0131n h\u0259r il separat\u00e7\u0131 rejim\u0259 100 milyardlarla dram, y\u0259ni bir ne\u00e7\u0259 y\u00fcz milyon dollar g\u00f6nd\u0259rdiyi fakt\u0131n\u0131 n\u0259z\u0259r\u0259 alsaq, bu a\u00e7\u0131qlamalar\u0131n yax\u0131n g\u0259l\u0259c\u0259kd\u0259 korrupsiya v\u0259 talan\u00e7\u0131l\u0131q madd\u0259si il\u0259 yeni cinay\u0259t i\u015fl\u0259rinin a\u00e7\u0131lmas\u0131na s\u0259b\u0259b olaca\u011f\u0131n\u0131 s\u00f6yl\u0259m\u0259k m\u00fcmk\u00fcnd\u00fcr. \u015e\u00fcbh\u0259siz ki, d\u00fcn\u0259nki aksiyadan sonra v\u0259 \u0259vv\u0259l d\u0259 qondarma rejimin bir s\u0131ra m\u0259murlar\u0131n\u0131n Erm\u0259nistan\u0131n Milli T\u0259hl\u00fck\u0259sizlik Xidm\u0259tin\u0259 d\u0259v\u0259t olunaraq dindirilm\u0259si d\u0259 bu m\u0259qs\u0259d\u0259 xidm\u0259t edir. Sentyabr\u0131n sonlar\u0131ndan bu yana bir s\u0131ra \u201ceks-m\u0259mur\u201d dindirilir, bar\u0259l\u0259rind\u0259 cinay\u0259t i\u015fi a\u00e7\u0131l\u0131r. Y\u0259qin ki, yax\u0131n vaxtlarda n\u00f6vb\u0259 Samvel \u015eahramanyana da \u00e7atacaq. Art\u0131q Samvel Babayan\u0131n verdiyi a\u00e7\u0131qlamalar fonunda cinay\u0259t i\u015fin\u0259 start verilib. Erm\u0259nistan cinay\u0259t m\u0259c\u0259ll\u0259sinin 550-ci madd\u0259si (h\u0259rbi v\u0259ziyy\u0259t v\u0259 m\u00fcharib\u0259 d\u00f6vr\u00fcnd\u0259 komandirin v\u0259 ya v\u0259zif\u0259li \u015f\u0259xsin \u00f6z s\u0259lahiyy\u0259tl\u0259rini yerin\u0259 yetir\u0259rk\u0259n vicdans\u0131z v\u0259 s\u0259hl\u0259nkar m\u00fcnasib\u0259t s\u0259rgil\u0259m\u0259si, \u00f6z v\u0259zif\u0259l\u0259rini layiqinc\u0259 yerin\u0259 yetirm\u0259m\u0259si) il\u0259 a\u00e7\u0131lan cinay\u0259t i\u015fin\u0259 g\u00f6r\u0259, bir s\u0131ra m\u0259murun d\u0259mir barmaql\u0131qlar arxas\u0131na ke\u00e7\u0259c\u0259yi g\u00fcn el\u0259 d\u0259 uzaqda deyil.<\/p>\n<p><img src=\"https:\/\/cdn.oxu.az\/uploads\/W1siZiIsIjIwMjMvMTAvMjEvMTIvMDEvMzAvNGM2MDZlNWItOWRjYS00Njg5LThkZWItZWZhNWMzYmEzZDY4L2IwZTY4MjFlLTg3NDgtMzU4Zi04NGFlLTRjZDE3NmY3ZjZlMi5qcGciXSxbInAiLCJlbmNvZGUiLCJqcGciLCItcXVhbGl0eSA4MCJdLFsicCIsInRodW1iIiwiNTkweDU5MFx1MDAzZSJdXQ?sha=432b817755529037\" alt=\"\" \/><\/p>\n<p>Pa\u015finyan\u0131n separat\u00e7\u0131 rejimin t\u00f6r-t\u00f6k\u00fcnt\u00fcl\u0259rin\u0259 qar\u015f\u0131 \u00f6gey m\u00fcnasib\u0259ti ilk g\u00fcnd\u0259n \u00f6z\u00fcn\u00fc b\u00fcruz\u0259 verir. T\u0259sad\u00fcfi deyil ki, Qaraba\u011f erm\u0259nil\u0259rinin k\u00f6n\u00fcll\u00fc k\u00f6\u00e7\u00fcnd\u0259n bir ay \u00f6ts\u0259 d\u0259, h\u0259l\u0259 d\u0259 Pa\u015finyan quldur rejimin \u201cm\u0259murlar\u0131\u201d il\u0259 g\u00f6r\u00fc\u015f ke\u00e7irm\u0259yib. G\u00f6r\u00fc\u015f ke\u00e7irm\u0259m\u0259kl\u0259 yana\u015f\u0131, onlar\u0131n g\u00f6r\u00fc\u015fm\u0259k \u00fc\u00e7\u00fcn t\u0259klifl\u0259rini r\u0259dd edib, geri \u00e7evirib. \u018fvv\u0259lki m\u0259nz\u0259r\u0259y\u0259 g\u00f6r\u0259, bir \u00e7oxlar\u0131 el\u0259 d\u00fc\u015f\u00fcn\u00fcrd\u00fc ki, Pa\u015finyan separat\u00e7\u0131 rejimin t\u00f6r-t\u00f6k\u00fcnt\u00fcl\u0259rin\u0259 Erm\u0259nistan h\u00f6kum\u0259tind\u0259 i\u015f ver\u0259c\u0259k, tez-tez g\u00f6r\u00fc\u015f v\u0259 m\u00fczakir\u0259l\u0259r aparacaq. Amma ba\u015f nazir g\u00f6zl\u0259ntil\u0259ri do\u011frultmad\u0131 v\u0259 anlad\u0131 ki, bel\u0259 bir add\u0131m\u0131 h\u0259m Az\u0259rbaycan\u0131n q\u0259z\u0259bin\u0259 s\u0259b\u0259b ola bil\u0259r, h\u0259m d\u0259 beyn\u0259lxalq ictimaiyy\u0259td\u0259 separat\u00e7\u0131 rejim kimi tan\u0131nan qurumun m\u0259murlar\u0131n\u0131 d\u00f6vl\u0259t idar\u0259l\u0259rin\u0259 doldurmaqla separat\u00e7\u0131 rejimi d\u0259st\u0259kl\u0259m\u0259 dam\u011fas\u0131 il\u0259 vurula bil\u0259r. T\u0259sad\u00fcfi deyil ki, Erm\u0259nistan parlamentind\u0259 \u00fc\u00e7 \u00e7a\u011f\u0131r\u0131\u015f mill\u0259t v\u0259kili olan v\u0259 sonradan separat\u00e7\u0131lara qo\u015fulan Alyo\u015fa Qabrielyan da Nikoldan \u015fikay\u0259tl\u0259nib. Qondarma rejimd\u0259 \u018fsg\u0259ran \u015f\u0259h\u0259rinin \u201cmeri v\u0259zif\u0259sini\u201d tutan Alyo\u015fa bildirib ki, Erm\u0259nistanda \u00f6z\u00fcn\u00fc erm\u0259ni kimi yox, \u0259cn\u0259bi kimi hiss edir.<\/p>\n<p><img src=\"https:\/\/cdn.oxu.az\/uploads\/W1siZiIsIjIwMjMvMTAvMjEvMTIvMDEvMzAvODY1ZGNmZmEtODZmYS00NWE4LWJmOTQtODgzNTYzNTk2OTM2LzVhZmZlMDA1LTJjZDQtM2IxNS05M2ZjLTdhNGIyZTFiZDQ0Yi5qcGciXSxbInAiLCJlbmNvZGUiLCJqcGciLCItcXVhbGl0eSA4MCJdLFsicCIsInRodW1iIiwiNTkweDU5MFx1MDAzZSJdXQ?sha=70a63ece91ded2e4\" alt=\"\" \/><\/p>\n<p>Erm\u0259nistanda separat\u00e7\u0131 rejimin f\u0259sadlar\u0131 bununla da bitmir. Yax\u0131n g\u00fcnl\u0259rd\u0259 hakim \u201cM\u00fclki m\u00fcqavil\u0259\u201d partiyas\u0131nda q\u0131z\u011f\u0131n m\u00fczakir\u0259l\u0259r apar\u0131l\u0131b. M\u0259lum olub ki, uzun ill\u0259r Erm\u0259nistan h\u00f6kum\u0259ti separat\u00e7\u0131 rejim\u0259 maliyy\u0259 d\u0259st\u0259yi g\u00f6st\u0259rib, istiqrazlarla ba\u011fl\u0131 da pul ax\u0131n\u0131 olub. Separat\u00e7\u0131 rejimin buraxd\u0131\u011f\u0131 istiqrazlar ke\u00e7mi\u015f prezident Serj Sarqsyan\u0131n da yeyinti m\u0259nb\u0259l\u0259rind\u0259n biri olub. Serj Erm\u0259nistanda f\u0259aliyy\u0259t g\u00f6st\u0259r\u0259n banklar\u0131 m\u0259cbur edib ki, qondarma rejimin buraxd\u0131\u011f\u0131 istiqrazlar\u0131 als\u0131nlar. Bu g\u00fcn is\u0259 bir s\u0131ra banklar Erm\u0259nistan h\u00f6kum\u0259tind\u0259n istiqrazlar \u00fc\u00e7\u00fcn \u00f6d\u0259nilmi\u015f pulun kompensasiyas\u0131n\u0131 t\u0259l\u0259b edirl\u0259r. Ortada olan v\u0259sait is\u0259 800 milyon dollard\u0131r. Bu, h\u0259r il b\u00fcdc\u0259 k\u0259siri v\u0259 xarici d\u00f6vl\u0259t borcu artan Erm\u0259nistan \u00fc\u00e7\u00fcn kifay\u0259t q\u0259d\u0259r b\u00f6y\u00fck r\u0259q\u0259mdir. Bu s\u0259b\u0259bd\u0259n d\u0259 \u00f6t\u0259n h\u0259ft\u0259 hakim fraksiyan\u0131n b\u0259zi deputatlar\u0131 ba\u015f nazirin m\u00fcavini Mher Qriqoryan v\u0259 Erm\u0259nistan\u0131n M\u0259rk\u0259zi Bank\u0131n\u0131n s\u0259dri il\u0259 qapal\u0131 g\u00f6r\u00fc\u015f ke\u00e7iribl\u0259r. M\u0259s\u0259l\u0259 is\u0259 getdikc\u0259 b\u00f6y\u00fcy\u00fcr. Bu m\u0259bl\u0259\u011f Erm\u0259nistan h\u00f6kum\u0259tinin bo\u011faz\u0131na ili\u015f\u0259n ilan s\u00fcm\u00fcy\u00fcn\u0259 \u00e7evrilib. H\u00f6kum\u0259t pulu \u00f6d\u0259m\u0259kd\u0259n imtina ed\u0259 bilmir. \u00c7\u00fcnki bel\u0259 bir q\u0259rar \u00f6lk\u0259d\u0259 yeni qalmaqala v\u0259 etiraza s\u0259b\u0259b ola bil\u0259r. Pa\u015finyan is\u0259 faktdan yararlanmaq q\u0259rar\u0131na g\u0259lib. \u00c7\u00fcnki qurulan sxem\u0259 g\u00f6r\u0259, Serj Sarqsyan banklar vasit\u0259sil\u0259 \u0259m\u0259lli-ba\u015fl\u0131 pul qazan\u0131b. Buna g\u00f6r\u0259 d\u0259 ona qar\u015f\u0131 a\u00e7\u0131lan cinay\u0259t i\u015fl\u0259rin\u0259 biri d\u0259 \u0259lav\u0259 edil\u0259 bil\u0259r. B\u0259lk\u0259 d\u0259 bu s\u0259b\u0259bd\u0259n Sarkisyan son g\u00fcnl\u0259r \u201cQaraba\u011f m\u00f6vzusu m\u0259nim \u00fc\u00e7\u00fcn ba\u011flanmay\u0131b\u201d a\u00e7\u0131qlamas\u0131n\u0131 s\u0259sl\u0259ndirir.<\/p>\n<p>Yuxar\u0131da sadalananlar\u0131n q\u0131sa izah\u0131na g\u0259ldikd\u0259, el misal\u0131nda deyildiyi kimi, dava yor\u011fan davas\u0131d\u0131r. Ortada maliyy\u0259 faktoru var v\u0259 n\u0259 Qaraba\u011f\u0131n separat\u00e7\u0131 rejimi, n\u0259 d\u0259 Nikol Pa\u015finyan bu resursa n\u0259zar\u0259ti itirm\u0259k ist\u0259mir. H\u0259r iki t\u0259r\u0259f maliyy\u0259y\u0259 t\u0259kba\u015f\u0131na yiy\u0259lik etm\u0259k q\u0259rar\u0131na g\u0259lib. Ba\u015f nazir art\u0131q \u0259lind\u0259ki r\u0131\u00e7aqlardan istifad\u0259 etm\u0259y\u0259 ba\u015flay\u0131b, \u201cpiroqu\u201d separat\u00e7\u0131 rejim\u0259 qapd\u0131rmaq niyy\u0259tind\u0259 olmad\u0131\u011f\u0131n\u0131 a\u00e7\u0131q-a\u015fkar bildirir.<\/p>\n<p><strong>\u201cReport\u201d \u0130nformasiya Agentliyi<\/strong><\/p>\n","protected":false},"excerpt":{"rendered":"<p>D\u00fcn\u0259n Erm\u0259nistan\u0131n paytaxt\u0131 \u0130r\u0259vanda Qaraba\u011f erm\u0259nil\u0259ri separat\u00e7\u0131 rejimin binas\u0131na h\u00fccum edibl\u0259r. Binaya daxil olan etiraz\u00e7\u0131lar \u00f6z\u00fcn\u00fc h\u0259l\u0259 d\u0259 quldur rejimin \u201cr\u0259hb\u0259ri\u201d sayan Samvel \u015eahramanyanla g\u00f6r\u00fc\u015f\u00fcbl\u0259r. \u015eahramanyan Qaraba\u011f erm\u0259nil\u0259rini sakitl\u0259\u015fdirm\u0259y\u0259 \u00e7al\u0131\u015fsa da, etirazlar s\u0259ngim\u0259yib. A\u00e7\u0131qlamaya g\u00f6r\u0259, Qaraba\u011f erm\u0259nil\u0259ri onlar\u0131 maraqland\u0131ran suallara cavab t\u0259l\u0259b edibl\u0259r. \u015eahramanyan \u00fcz\u0259 \u00e7\u0131x\u0131b a\u00e7\u0131qlama vers\u0259 d\u0259, onun dedikl\u0259ri etiraz\u00e7\u0131lar\u0131 sakitl\u0259\u015fdirm\u0259yib. Bir m\u00fcdd\u0259t sonra is\u0259 ara qar\u0131\u015f\u0131b, m\u0259zh\u0259b itib. Etiraz\u00e7\u0131lar Samvel \u015eahramanyan\u0131n qarda\u015f\u0131 Karen \u015eahramanyan\u0131 \u0259m\u0259lli-ba\u015fl\u0131 \u0259zi\u015fdiribl\u0259r. B\u00fct\u00fcn bunlar medal\u0131n g\u00f6r\u00fcn\u0259n \u00fcz\u00fcd\u00fcr. B\u0259s \u0259slind\u0259 Qaraba\u011f erm\u0259nil\u0259rini separat\u00e7\u0131 rejim\u0259 qar\u015f\u0131 q\u0131z\u0131\u015fd\u0131rmaq kim\u0259 laz\u0131md\u0131r? Bu kimi hallar n\u0259y\u0259 xidm\u0259t edir?&hellip;<\/p>\n","protected":false},"author":2,"featured_media":648352,"comment_status":"closed","ping_status":"closed","sticky":false,"template":"","format":"standard","meta":{"om_disable_all_campaigns":false,"_monsterinsights_skip_tracking":false,"_monsterinsights_sitenote_active":false,"_monsterinsights_sitenote_note":"","_monsterinsights_sitenote_category":0},"categories":[4],"tags":[],"aioseo_notices":[],"gutentor_comment":0,"rttpg_featured_image_url":{"full":["https:\/\/arantv.az\/wp-content\/uploads\/2023\/10\/FotoJet-64.jpg",620,413,false],"landscape":["https:\/\/arantv.az\/wp-content\/uploads\/2023\/10\/FotoJet-64.jpg",620,413,false],"portraits":["https:\/\/arantv.az\/wp-content\/uploads\/2023\/10\/FotoJet-64.jpg",620,413,false],"thumbnail":["https:\/\/arantv.az\/wp-content\/uploads\/2023\/10\/FotoJet-64-500x280.jpg",500,280,true],"medium":["https:\/\/arantv.az\/wp-content\/uploads\/2023\/10\/FotoJet-64-548x365.jpg",548,365,true],"large":["https:\/\/arantv.az\/wp-content\/uploads\/2023\/10\/FotoJet-64.jpg",620,413,false],"1536x1536":["https:\/\/arantv.az\/wp-content\/uploads\/2023\/10\/FotoJet-64.jpg",620,413,false],"2048x2048":["https:\/\/arantv.az\/wp-content\/uploads\/2023\/10\/FotoJet-64.jpg",620,413,false],"post-thumbnail":["https:\/\/arantv.az\/wp-content\/uploads\/2023\/10\/FotoJet-64-240x172.jpg",240,172,true],"advps-thumb-one":["https:\/\/arantv.az\/wp-content\/uploads\/2023\/10\/FotoJet-64.jpg",620,413,false]},"rttpg_author":{"display_name":"V\u00fcsal Rafiqo\u011flu","author_link":"https:\/\/arantv.az\/?author=2"},"rttpg_comment":0,"rttpg_category":"<a href=\"https:\/\/arantv.az\/?cat=4\" rel=\"category\">Siyas\u0259t<\/a>","rttpg_excerpt":"D\u00fcn\u0259n Erm\u0259nistan\u0131n paytaxt\u0131 \u0130r\u0259vanda Qaraba\u011f erm\u0259nil\u0259ri separat\u00e7\u0131 rejimin binas\u0131na h\u00fccum edibl\u0259r. Binaya daxil olan etiraz\u00e7\u0131lar \u00f6z\u00fcn\u00fc h\u0259l\u0259 d\u0259 quldur rejimin \u201cr\u0259hb\u0259ri\u201d sayan Samvel \u015eahramanyanla g\u00f6r\u00fc\u015f\u00fcbl\u0259r. \u015eahramanyan Qaraba\u011f erm\u0259nil\u0259rini sakitl\u0259\u015fdirm\u0259y\u0259 \u00e7al\u0131\u015fsa da, etirazlar s\u0259ngim\u0259yib. A\u00e7\u0131qlamaya g\u00f6r\u0259, Qaraba\u011f erm\u0259nil\u0259ri onlar\u0131 maraqland\u0131ran suallara cavab t\u0259l\u0259b edibl\u0259r. \u015eahramanyan \u00fcz\u0259 \u00e7\u0131x\u0131b a\u00e7\u0131qlama vers\u0259 d\u0259, onun dedikl\u0259ri etiraz\u00e7\u0131lar\u0131 sakitl\u0259\u015fdirm\u0259yib. Bir m\u00fcdd\u0259t&hellip;","_links":{"self":[{"href":"https:\/\/arantv.az\/index.php?rest_route=\/wp\/v2\/posts\/648350"}],"collection":[{"href":"https:\/\/arantv.az\/index.php?rest_route=\/wp\/v2\/posts"}],"about":[{"href":"https:\/\/arantv.az\/index.php?rest_route=\/wp\/v2\/types\/post"}],"author":[{"embeddable":true,"href":"https:\/\/arantv.az\/index.php?rest_route=\/wp\/v2\/users\/2"}],"replies":[{"embeddable":true,"href":"https:\/\/arantv.az\/index.php?rest_route=%2Fwp%2Fv2%2Fcomments&post=648350"}],"version-history":[{"count":0,"href":"https:\/\/arantv.az\/index.php?rest_route=\/wp\/v2\/posts\/648350\/revisions"}],"wp:featuredmedia":[{"embeddable":true,"href":"https:\/\/arantv.az\/index.php?rest_route=\/wp\/v2\/media\/648352"}],"wp:attachment":[{"href":"https:\/\/arantv.az\/index.php?rest_route=%2Fwp%2Fv2%2Fmedia&parent=648350"}],"wp:term":[{"taxonomy":"category","embeddable":true,"href":"https:\/\/arantv.az\/index.php?rest_route=%2Fwp%2Fv2%2Fcategories&post=648350"},{"taxonomy":"post_tag","embeddable":true,"href":"https:\/\/arantv.az\/index.php?rest_route=%2Fwp%2Fv2%2Ftags&post=648350"}],"curies":[{"name":"wp","href":"https:\/\/api.w.org\/{rel}","templated":true}]}}