{"id":648355,"date":"2023-10-21T19:34:15","date_gmt":"2023-10-21T15:34:15","guid":{"rendered":"https:\/\/arantv.az\/?p=648355"},"modified":"2023-10-21T19:34:15","modified_gmt":"2023-10-21T15:34:15","slug":"fransa-hokum%c9%99ti-olk%c9%99y%c9%99-n%c9%99zar%c9%99ti-itirir-kaspinin-t%c9%99hlili-foto","status":"publish","type":"post","link":"https:\/\/arantv.az\/?p=648355","title":{"rendered":"Fransa h\u00f6kum\u0259ti \u00f6lk\u0259y\u0259 n\u0259zar\u0259ti itirir &#8211; \u201cKaspi\u201dnin T\u018fHL\u0130L\u0130 + FOTO"},"content":{"rendered":"<p>Yax\u0131n \u015e\u0259rqd\u0259 \u0130sraill\u0259 H\u018fMAS aras\u0131nda ya\u015fanan m\u00fcharib\u0259 t\u0259k regionda deyil, min kilometrl\u0259rl\u0259 k\u0259narda da hiss olunmaqdad\u0131r. M\u00fcharib\u0259nin t\u0259sirl\u0259ri art\u0131q Yax\u0131n \u015e\u0259rqd\u0259n Avropaya s\u0131\u00e7ray\u0131b. Y\u0259hudi v\u0259 \u0259r\u0259b miqrantlar\u0131n ya\u015fad\u0131\u011f\u0131 \u00f6lk\u0259l\u0259rd\u0259 g\u0259rginlik hiss olunmaqdad\u0131r. Miqrantlara qar\u015f\u0131 s\u0259rt m\u00f6vqe n\u00fcmayi\u015f etdir\u0259n Fransa da \u0259r\u0259b-y\u0259hudi qar\u015f\u0131durmas\u0131n\u0131 daxilind\u0259 hiss etm\u0259y\u0259 ba\u015flay\u0131b.<\/p>\n<p><a href=\"https:\/\/kaspi.az\/fransa-hokumeti-olkeye-nezareti-itirir?fbclid=IwAR0wyJRdE3pqJFSrs_rK1NSBLJRyolC0l_rmiGIQwhS__Sr6kHVdU8BVxFY\" target=\"_blank\" rel=\"noopener\"><strong>\u201cKaspi\u201d\u00a0<\/strong><\/a>q\u0259zeti m\u00f6vzu il\u0259 ba\u011fl\u0131 m\u0259qal\u0259 d\u0259rc edib.<\/p>\n<p>\u018fvv\u0259ld\u0259n proqnoz edilirdi ki, Fransan\u0131n ba\u015fqa \u00f6lk\u0259l\u0259rin, d\u00f6vl\u0259tl\u0259rin i\u015fin\u0259 m\u00fcdaxil\u0259si m\u0259nfi n\u0259tic\u0259l\u0259r\u0259 g\u0259tirib \u00e7\u0131xaracaq v\u0259 \u00e7\u0131xar\u0131r da. H\u0259r bir \u00f6lk\u0259 \u00f6z daxilind\u0259ki probleml\u0259ri h\u0259ll edib sonra mara\u011f\u0131nda olan xarici m\u0259s\u0259l\u0259l\u0259r\u0259 y\u00f6n\u0259lm\u0259lidir. Bu, aksiomad\u0131r. Lakin Fransa kimi d\u00f6vl\u0259tl\u0259r buna m\u0259h\u0259l qoymur v\u0259 bu s\u0259b\u0259bd\u0259n d\u0259 probleml\u0259rl\u0259 \u00fczl\u0259\u015firl\u0259r.<\/p>\n<p><strong>\u0130srail-H\u018fMAS g\u0259rginliyi Fransaya ke\u00e7ib<\/strong><\/p>\n<p>Bel\u0259likl\u0259, son g\u00fcnl\u0259r Fransada t\u0259hl\u00fck\u0259sizlikl\u0259 ba\u011fl\u0131 durum g\u0259rginl\u0259\u015fib. R\u0259smi Paris bu probleml\u0259rin \u0259lind\u0259 aciz qal\u0131b. Miqrantlara qar\u015f\u0131 ayr\u0131-se\u00e7kilik, h\u0259tta onlar\u0131n \u00f6ld\u00fcr\u00fclm\u0259si k\u00fctl\u0259vi hal al\u0131b. Bu g\u00fcnl\u0259rd\u0259 \u0130nqu\u015fetiyadan olan 20 ya\u015fl\u0131 \u00e7e\u00e7enin \u0259d\u0259biyyat m\u00fc\u0259llimini \u00f6ld\u00fcr\u00fcb, iki n\u0259f\u0259ri yaralamas\u0131 \u00f6lk\u0259d\u0259 etirazlara s\u0259b\u0259b olub. Bu hadis\u0259nin d\u0259 k\u00f6k\u00fcnd\u0259 \u0259r\u0259b-y\u0259hudi m\u00fcnaqi\u015f\u0259sinin dayand\u0131\u011f\u0131 vur\u011fulan\u0131r. Art\u0131q Fransan\u0131n hakimiyy\u0259t orqanlar\u0131 \u00f6lk\u0259 \u0259razisind\u0259 F\u0259l\u0259stin\u0259 d\u0259st\u0259k n\u00fcmayi\u015fl\u0259rini qada\u011fan edib. M\u00fcmk\u00fcn terror aktlar\u0131n\u0131n qar\u015f\u0131s\u0131n\u0131 almaq \u00fc\u00e7\u00fcn h\u00fcquq-m\u00fchafiz\u0259 q\u00fcvv\u0259l\u0259ri s\u0259f\u0259rb\u0259r edilib. T\u0259hl\u00fck\u0259sizliyin t\u0259min edilm\u0259si il\u0259 ba\u011fl\u0131 t\u0259dbirl\u0259r\u0259 yeddi mind\u0259n \u00e7ox \u0259lav\u0259 \u0259sg\u0259r c\u0259lb edilib. \u00d6lk\u0259d\u0259 terror t\u0259hl\u00fck\u0259sinin \u0259n y\u00fcks\u0259k s\u0259viyy\u0259si elan olunub. S\u0259s-k\u00fcyl\u00fc q\u0259tll\u0259 ba\u011fl\u0131 10-a yax\u0131n adam, o c\u00fcml\u0259d\u0259n terror\u00e7unun ail\u0259 \u00fczvl\u0259ri, qarda\u015f\u0131 saxlan\u0131l\u0131b. Makron is\u0259 yen\u0259 \u201cg\u00fcl vurub\u201d. O, ba\u015f vermi\u015f hadis\u0259ni \u201cislam terroru\u201d adland\u0131r\u0131b.<\/p>\n<p><img src=\"https:\/\/cdn.oxu.az\/uploads\/W1siZiIsIjIwMjMvMTAvMjEvMTAvMTQvMzMvZWE0ZmUxNjEtOWE3MS00NDRmLThjNjMtZTI3N2I4NDUxZGU1L1hHNVNxR2k1aWZRalRDeHV2Y3JSZjZsTXd4ZlpJZlRVdEk2Nkp6OG0uanBnIl0sWyJwIiwiZW5jb2RlIiwianBnIiwiLXF1YWxpdHkgODAiXSxbInAiLCJ0aHVtYiIsIjU5MHg1OTBcdTAwM2UiXV0?sha=3fa373137f0c496e\" alt=\"\" \/><\/p>\n<p><strong>\u0130srail Fransadak\u0131 antisemitizm t\u0259zah\u00fcrl\u0259rind\u0259n narahatd\u0131r<\/strong><\/p>\n<p>\u0130srail hakimiyy\u0259ti d\u0259 Fransada son g\u00fcnl\u0259r i\u011fti\u015fa\u015flar zaman\u0131 \u00f6z\u00fcn\u00fc g\u00f6st\u0259r\u0259n antisemit \u0259hvali-ruhiyy\u0259nin artmas\u0131ndan narahatl\u0131\u011f\u0131n\u0131 ifad\u0259 edib. \u201c\u0130srail h\u00f6kum\u0259ti Fransan\u0131 b\u00fcr\u00fcy\u0259n antisemitizmin t\u0259zah\u00fcrl\u0259rini v\u0259 dal\u011falar\u0131n\u0131 h\u0259dsiz narahatl\u0131qla izl\u0259yir. Son g\u00fcnl\u0259rd\u0259 biz Fransada y\u0259hudi h\u0259d\u0259fl\u0259rin\u0259 cinay\u0259tkar h\u00fccumlar\u0131n \u015fahidi olduq. Biz bu h\u00fccumlar\u0131 q\u0259tiyy\u0259tl\u0259 pisl\u0259yirik\u201d, &#8211; dey\u0259 Ba\u015f nazir Benyamin Netanyahu bildirib.<br \/>\nOnu da qeyd ed\u0259k ki, \u0259d\u0259biyyat m\u00fc\u0259lliminin q\u0259tlini daha dramatik ed\u0259n hadis\u0259nin ba\u015f verdiyi Arras \u015f\u0259h\u0259rind\u0259 m\u00fcs\u0259lmanlar\u0131n v\u0259 etnik y\u0259hudil\u0259rin ya\u015fad\u0131\u011f\u0131 b\u00f6y\u00fck ya\u015fay\u0131\u015f m\u0259nt\u0259q\u0259l\u0259rinin olmas\u0131d\u0131r. T\u0259bii ki, frans\u0131zlar \u00fc\u00e7 il \u0259vv\u0259l ba\u015fqa bir g\u0259nc \u00e7e\u00e7en radikal\u0131 t\u0259r\u0259find\u0259n \u00f6ld\u00fcr\u00fcl\u0259n Samuel Patini unutmurlar. O vaxt Paris terror h\u00fccumlar\u0131n\u0131n qar\u015f\u0131s\u0131n\u0131 almaq \u00fc\u00e7\u00fcn \u00e7ox \u015fey ed\u0259c\u0259yini v\u0259d etdi v\u0259 h\u0259tta m\u00fcs\u0259lmanlar\u0131n xo\u015funa g\u0259lm\u0259y\u0259n bir s\u0131ra add\u0131mlar atd\u0131. X\u00fcsusil\u0259 radikal \u0259cn\u0259bi imamlar deportasiya il\u0259 \u00fczl\u0259\u015fdil\u0259r. Fransa h\u00fcquq-m\u00fchafiz\u0259 orqanlar\u0131n\u0131n \u0259m\u0259kda\u015flar\u0131 onlar\u0131n moiz\u0259l\u0259rinin m\u0259zmununa n\u0259zar\u0259t etm\u0259y\u0259 ba\u015flad\u0131lar. Zirz\u0259mil\u0259rd\u0259 f\u0259aliyy\u0259t g\u00f6st\u0259r\u0259n dini m\u0259kt\u0259bl\u0259r ba\u011fland\u0131. Amma h\u0259r \u015feyi n\u0259zar\u0259td\u0259 saxlamaq da m\u00fcmk\u00fcn deyil.<\/p>\n<p><strong>Sa\u011f\u00e7\u0131 q\u00fcvv\u0259l\u0259r \u0259lav\u0259 reytinq qazan\u0131rlar<\/strong><\/p>\n<p>\u00dcmumiyy\u0259tl\u0259, son vaxtlar Fransa h\u00fcquq-m\u00fchafiz\u0259 orqanlar\u0131 \u0259m\u0259kda\u015flar\u0131n\u0131n i\u015fi kifay\u0259t q\u0259d\u0259rdir. Bel\u0259 ki, Luvrda bomba t\u0259hl\u00fck\u0259si il\u0259 ba\u011fl\u0131 mesaj al\u0131nd\u0131qdan sonra \u00fc\u00e7 min\u0259 yax\u0131n insan t\u0259xliy\u0259 edilib. Ox\u015far hadis\u0259y\u0259 g\u00f6r\u0259 Versal saray\u0131na g\u0259l\u0259nl\u0259r d\u0259 \u00e7\u0259tinlikl\u0259r ya\u015fay\u0131blar.<\/p>\n<p>B\u00fct\u00fcn bunlar se\u00e7ki \u0259r\u0259f\u0259sind\u0259 sa\u011f\u00e7\u0131 q\u00fcvv\u0259l\u0259r\u0259 \u0259lav\u0259 reytinq qazand\u0131racaq. \u0130lk n\u00f6vb\u0259d\u0259 g\u0259nc Cordan Bardellan\u0131n r\u0259hb\u0259rlik etdiyi Milli Q\u00fcvv\u0259 ir\u0259li \u00e7\u0131xacaq. Fransa \u0130ctimai R\u0259y \u0130nstitutunun aprel sor\u011fular\u0131 g\u00f6st\u0259rmi\u015fdi ki, yeni prezident se\u00e7kisi olaca\u011f\u0131 t\u0259qdird\u0259 hakimiyy\u0259t Bardellaya ke\u00e7\u0259c\u0259k.<\/p>\n<p><strong>Makronun u\u011fursuz siyas\u0259tinin n\u0259tic\u0259si<\/strong><\/p>\n<p>S\u00f6zs\u00fcz ki, b\u00fct\u00fcn bu u\u011fursuzluqlar\u0131n \u0259sas s\u0259b\u0259bkar\u0131 prezident Emmanuel Makron v\u0259 onun komandas\u0131d\u0131r. Mali, M\u0259rk\u0259zi Afrika Respublikas\u0131, Burkina-Faso, son vaxtlar is\u0259 Niger Fransadan, onun \u015firk\u0259tl\u0259rind\u0259n v\u0259 ordusundan imtina edir. Bu \u00f6lk\u0259l\u0259rin \u0259razil\u0259rind\u0259 anti-Fransa n\u00fcmayi\u015fl\u0259ri ke\u00e7irilir. Nigerd\u0259ki \u00e7evrili\u015f Fransan\u0131n Afrika siyas\u0259tinin fiaskoya u\u011frad\u0131\u011f\u0131n\u0131 bir daha t\u0259sdiql\u0259yir. Ba\u015f ver\u0259nl\u0259r\u0259 \u0259sas\u0259n ehtimal etm\u0259k olar ki, Fransa Afrikadan n\u00f6vb\u0259ti d\u0259f\u0259 qovulur. Ba\u015fqa s\u00f6zl\u0259, bu qit\u0259nin v\u0259t\u0259nda\u015flar\u0131 Fransan\u0131n yeni m\u00fcst\u0259ml\u0259k\u0259\u00e7ilik siyas\u0259ti il\u0259 ya\u015famaq ist\u0259mirl\u0259r. Fransa Asiyadan da s\u0131x\u0131\u015fd\u0131r\u0131l\u0131r. \u018fr\u0259b \u00f6lk\u0259l\u0259rinin \u00e7oxu uzun ill\u0259rdir \u0259laq\u0259l\u0259rd\u0259 \u00fcst\u00fcnl\u00fcy\u00fc AB\u015e, B\u00f6y\u00fck Britaniya, \u00c7in v\u0259 T\u00fcrkiy\u0259y\u0259 verirl\u0259r. Fransan\u0131n Livandak\u0131 \u0259m\u0259ll\u0259ri onun \u0259r\u0259b d\u00fcnyas\u0131ndak\u0131 siyas\u0259tinin d\u0259 u\u011fursuzlu\u011funu t\u0259sdiql\u0259yir. Vyetnam, Kamboca, Laos kimi ke\u00e7mi\u015f m\u00fcst\u0259ml\u0259k\u0259 \u0259razil\u0259ri d\u0259 Fransadan imtina edibl\u0259r. Bu \u00f6lk\u0259l\u0259r d\u0259 AB\u015e, Avstraliya, \u00c7in v\u0259 Yaponiya il\u0259 \u0259m\u0259kda\u015fl\u0131\u011fa \u00fcst\u00fcnl\u00fck verirl\u0259r.<\/p>\n<p><strong>B\u0259s Fransa niy\u0259 u\u011fursuzlu\u011fa d\u00fc\u00e7ar olur?<\/strong><\/p>\n<p>B\u0259s Fransa niy\u0259 u\u011fursuzlu\u011fa d\u00fc\u00e7ar olur? \u0130lk n\u00f6vb\u0259d\u0259, bu \u00f6lk\u0259 ke\u00e7mi\u015f m\u00fcst\u0259ml\u0259k\u0259 \u00f6lk\u0259l\u0259rin\u0259 m\u00fcnasib\u0259tini d\u0259yi\u015f\u0259 bilmir. H\u0259l\u0259 d\u0259 onlar\u0131 qul, \u00f6z\u00fcn\u00fc quldar g\u00f6r\u00fcr. Fransan\u0131n xarici siyas\u0259tind\u0259 dini ayr\u0131-se\u00e7kilik apar\u0131c\u0131 ideologiyaya \u00e7evrilib. \u00d6lk\u0259 daxilind\u0259 bel\u0259, insanlar d\u0259ril\u0259rinin r\u0259ngl\u0259rin\u0259 g\u00f6r\u0259 ayr\u0131-se\u00e7kiliy\u0259 m\u0259ruz qal\u0131rlar. Ultra-sa\u011f\u00e7\u0131lar\u0131n, mill\u0259t\u00e7il\u0259rin toparlanmas\u0131 \u0259lam\u0259tl\u0259rini g\u00f6rm\u0259k olur. 17 ya\u015fl\u0131 \u0259lc\u0259zairli g\u0259nci g\u00fcll\u0259l\u0259mi\u015f polisi m\u00fcdafi\u0259 ed\u0259nl\u0259r d\u0259 az deyil. Onun m\u00fcdafi\u0259si \u00fc\u00e7\u00fcn qurulmu\u015f yard\u0131m fonduna q\u0131sa zamanda 1 milyon avro v\u0259sait y\u0131\u011f\u0131l\u0131b. Bu, qorxuludur. Antimiqrant ruhunun artmas\u0131 Marin Le Pen, Erik Zimmer v\u0259 Valeri Pekres kimi sa\u011f\u00e7\u0131 populist liderl\u0259rin d\u0259yirman\u0131na su t\u00f6k\u00fcr. B\u00fct\u00fcn bunlar da Fransada i\u00e7 harmoniya v\u0259 sabitlik \u00fc\u00e7\u00fcn t\u0259hl\u00fck\u0259 yarad\u0131r, \u00f6lk\u0259nin sonunu yax\u0131nla\u015fd\u0131r\u0131r.<\/p>\n","protected":false},"excerpt":{"rendered":"<p>Yax\u0131n \u015e\u0259rqd\u0259 \u0130sraill\u0259 H\u018fMAS aras\u0131nda ya\u015fanan m\u00fcharib\u0259 t\u0259k regionda deyil, min kilometrl\u0259rl\u0259 k\u0259narda da hiss olunmaqdad\u0131r. M\u00fcharib\u0259nin t\u0259sirl\u0259ri art\u0131q Yax\u0131n \u015e\u0259rqd\u0259n Avropaya s\u0131\u00e7ray\u0131b. Y\u0259hudi v\u0259 \u0259r\u0259b miqrantlar\u0131n ya\u015fad\u0131\u011f\u0131 \u00f6lk\u0259l\u0259rd\u0259 g\u0259rginlik hiss olunmaqdad\u0131r. Miqrantlara qar\u015f\u0131 s\u0259rt m\u00f6vqe n\u00fcmayi\u015f etdir\u0259n Fransa da \u0259r\u0259b-y\u0259hudi qar\u015f\u0131durmas\u0131n\u0131 daxilind\u0259 hiss etm\u0259y\u0259 ba\u015flay\u0131b. \u201cKaspi\u201d\u00a0q\u0259zeti m\u00f6vzu il\u0259 ba\u011fl\u0131 m\u0259qal\u0259 d\u0259rc edib. \u018fvv\u0259ld\u0259n proqnoz edilirdi ki, Fransan\u0131n ba\u015fqa \u00f6lk\u0259l\u0259rin, d\u00f6vl\u0259tl\u0259rin i\u015fin\u0259 m\u00fcdaxil\u0259si m\u0259nfi n\u0259tic\u0259l\u0259r\u0259 g\u0259tirib \u00e7\u0131xaracaq v\u0259 \u00e7\u0131xar\u0131r da. H\u0259r bir \u00f6lk\u0259 \u00f6z daxilind\u0259ki probleml\u0259ri h\u0259ll edib sonra mara\u011f\u0131nda olan xarici m\u0259s\u0259l\u0259l\u0259r\u0259 y\u00f6n\u0259lm\u0259lidir. Bu, aksiomad\u0131r. Lakin Fransa kimi d\u00f6vl\u0259tl\u0259r&hellip;<\/p>\n","protected":false},"author":2,"featured_media":648357,"comment_status":"closed","ping_status":"closed","sticky":false,"template":"","format":"standard","meta":{"om_disable_all_campaigns":false,"_monsterinsights_skip_tracking":false,"_monsterinsights_sitenote_active":false,"_monsterinsights_sitenote_note":"","_monsterinsights_sitenote_category":0},"categories":[4],"tags":[],"aioseo_notices":[],"gutentor_comment":0,"rttpg_featured_image_url":{"full":["https:\/\/arantv.az\/wp-content\/uploads\/2023\/10\/zY6X3Y3g5xkmgb9JPYtDy0OL0zUcjJYMw9XrlpbI.jpg",620,413,false],"landscape":["https:\/\/arantv.az\/wp-content\/uploads\/2023\/10\/zY6X3Y3g5xkmgb9JPYtDy0OL0zUcjJYMw9XrlpbI.jpg",620,413,false],"portraits":["https:\/\/arantv.az\/wp-content\/uploads\/2023\/10\/zY6X3Y3g5xkmgb9JPYtDy0OL0zUcjJYMw9XrlpbI.jpg",620,413,false],"thumbnail":["https:\/\/arantv.az\/wp-content\/uploads\/2023\/10\/zY6X3Y3g5xkmgb9JPYtDy0OL0zUcjJYMw9XrlpbI-500x280.jpg",500,280,true],"medium":["https:\/\/arantv.az\/wp-content\/uploads\/2023\/10\/zY6X3Y3g5xkmgb9JPYtDy0OL0zUcjJYMw9XrlpbI-548x365.jpg",548,365,true],"large":["https:\/\/arantv.az\/wp-content\/uploads\/2023\/10\/zY6X3Y3g5xkmgb9JPYtDy0OL0zUcjJYMw9XrlpbI.jpg",620,413,false],"1536x1536":["https:\/\/arantv.az\/wp-content\/uploads\/2023\/10\/zY6X3Y3g5xkmgb9JPYtDy0OL0zUcjJYMw9XrlpbI.jpg",620,413,false],"2048x2048":["https:\/\/arantv.az\/wp-content\/uploads\/2023\/10\/zY6X3Y3g5xkmgb9JPYtDy0OL0zUcjJYMw9XrlpbI.jpg",620,413,false],"post-thumbnail":["https:\/\/arantv.az\/wp-content\/uploads\/2023\/10\/zY6X3Y3g5xkmgb9JPYtDy0OL0zUcjJYMw9XrlpbI-240x172.jpg",240,172,true],"advps-thumb-one":["https:\/\/arantv.az\/wp-content\/uploads\/2023\/10\/zY6X3Y3g5xkmgb9JPYtDy0OL0zUcjJYMw9XrlpbI.jpg",620,413,false]},"rttpg_author":{"display_name":"V\u00fcsal Rafiqo\u011flu","author_link":"https:\/\/arantv.az\/?author=2"},"rttpg_comment":0,"rttpg_category":"<a href=\"https:\/\/arantv.az\/?cat=4\" rel=\"category\">Siyas\u0259t<\/a>","rttpg_excerpt":"Yax\u0131n \u015e\u0259rqd\u0259 \u0130sraill\u0259 H\u018fMAS aras\u0131nda ya\u015fanan m\u00fcharib\u0259 t\u0259k regionda deyil, min kilometrl\u0259rl\u0259 k\u0259narda da hiss olunmaqdad\u0131r. M\u00fcharib\u0259nin t\u0259sirl\u0259ri art\u0131q Yax\u0131n \u015e\u0259rqd\u0259n Avropaya s\u0131\u00e7ray\u0131b. Y\u0259hudi v\u0259 \u0259r\u0259b miqrantlar\u0131n ya\u015fad\u0131\u011f\u0131 \u00f6lk\u0259l\u0259rd\u0259 g\u0259rginlik hiss olunmaqdad\u0131r. Miqrantlara qar\u015f\u0131 s\u0259rt m\u00f6vqe n\u00fcmayi\u015f etdir\u0259n Fransa da \u0259r\u0259b-y\u0259hudi qar\u015f\u0131durmas\u0131n\u0131 daxilind\u0259 hiss etm\u0259y\u0259 ba\u015flay\u0131b. \u201cKaspi\u201d\u00a0q\u0259zeti m\u00f6vzu il\u0259 ba\u011fl\u0131 m\u0259qal\u0259 d\u0259rc edib. \u018fvv\u0259ld\u0259n proqnoz&hellip;","_links":{"self":[{"href":"https:\/\/arantv.az\/index.php?rest_route=\/wp\/v2\/posts\/648355"}],"collection":[{"href":"https:\/\/arantv.az\/index.php?rest_route=\/wp\/v2\/posts"}],"about":[{"href":"https:\/\/arantv.az\/index.php?rest_route=\/wp\/v2\/types\/post"}],"author":[{"embeddable":true,"href":"https:\/\/arantv.az\/index.php?rest_route=\/wp\/v2\/users\/2"}],"replies":[{"embeddable":true,"href":"https:\/\/arantv.az\/index.php?rest_route=%2Fwp%2Fv2%2Fcomments&post=648355"}],"version-history":[{"count":0,"href":"https:\/\/arantv.az\/index.php?rest_route=\/wp\/v2\/posts\/648355\/revisions"}],"wp:featuredmedia":[{"embeddable":true,"href":"https:\/\/arantv.az\/index.php?rest_route=\/wp\/v2\/media\/648357"}],"wp:attachment":[{"href":"https:\/\/arantv.az\/index.php?rest_route=%2Fwp%2Fv2%2Fmedia&parent=648355"}],"wp:term":[{"taxonomy":"category","embeddable":true,"href":"https:\/\/arantv.az\/index.php?rest_route=%2Fwp%2Fv2%2Fcategories&post=648355"},{"taxonomy":"post_tag","embeddable":true,"href":"https:\/\/arantv.az\/index.php?rest_route=%2Fwp%2Fv2%2Ftags&post=648355"}],"curies":[{"name":"wp","href":"https:\/\/api.w.org\/{rel}","templated":true}]}}