{"id":648360,"date":"2023-10-21T19:35:02","date_gmt":"2023-10-21T15:35:02","guid":{"rendered":"https:\/\/arantv.az\/?p=648360"},"modified":"2023-10-21T19:35:02","modified_gmt":"2023-10-21T15:35:02","slug":"trt-world-fransanin-must%c9%99ml%c9%99k%c9%99-siyas%c9%99tin%c9%99-qarsi-bakida-keciril%c9%99n-t%c9%99dbiri-isiqlandirdi-video","status":"publish","type":"post","link":"https:\/\/arantv.az\/?p=648360","title":{"rendered":"\u201cTRT World\u201d Fransan\u0131n m\u00fcst\u0259ml\u0259k\u0259 siyas\u0259tin\u0259 qar\u015f\u0131 Bak\u0131da ke\u00e7iril\u0259n t\u0259dbiri i\u015f\u0131qland\u0131rd\u0131 &#8211; V\u0130DEO"},"content":{"rendered":"<p>\u201cTRT World\u201d telekanal\u0131 Bak\u0131da ke\u00e7irilmi\u015f \u201cNeokolonializm: \u0130nsan haqlar\u0131n\u0131n pozulmas\u0131 v\u0259 \u0259dal\u0259tsizlik\u201d m\u00f6vzusunda beyn\u0259lxalq konfransla ba\u011fl\u0131 reportaj haz\u0131rlay\u0131b.<\/p>\n<p>Reportajda Afrika \u00f6lk\u0259l\u0259rinin n\u00fcmay\u0259nd\u0259l\u0259rinin h\u00fcquq pozuntular\u0131na qar\u015f\u0131 m\u00fcbariz\u0259 aparmaq \u00fc\u00e7\u00fcn Bak\u0131da bir araya g\u0259ldikl\u0259ri bildirilib.<\/p>\n<p>Afrikadak\u0131 ke\u00e7mi\u015f Fransa m\u00fcst\u0259ml\u0259k\u0259l\u0259rinin, Fransan\u0131n d\u0259niza\u015f\u0131r\u0131 \u0259razil\u0259rinin v\u0259 Korsikan\u0131n n\u00fcmay\u0259nd\u0259l\u0259ri\u00a0insan haqlar\u0131 m\u0259s\u0259l\u0259l\u0259rinin h\u0259ll edilm\u0259si m\u0259qs\u0259dil\u0259 Bak\u0131da ke\u00e7irilmi\u015f t\u0259dbird\u0259\u00a0Fransan\u0131 ke\u00e7mi\u015f m\u00fcst\u0259ml\u0259k\u0259 d\u00f6vl\u0259tl\u0259rinin daxili i\u015fl\u0259rin\u0259 qar\u0131\u015fmaqda g\u00fcnahland\u0131r\u0131blar. Eyni zamanda, Fransan\u0131n m\u00fcst\u0259ml\u0259k\u0259si alt\u0131nda olan d\u00f6vl\u0259tl\u0259rd\u0259, \u0259razil\u0259rd\u0259 apard\u0131\u011f\u0131 etnik t\u0259mizl\u0259m\u0259, insan haqlar\u0131n\u0131n ciddi \u015f\u0259kild\u0259 pozulmas\u0131 faktlar\u0131 diqq\u0259t\u0259 \u00e7atd\u0131r\u0131l\u0131b.<\/p>\n<p>Konfransda Fransan\u0131n m\u00fcst\u0259ml\u0259k\u0259l\u0259rd\u0259 yerli \u0259haliy\u0259 qar\u015f\u0131 h\u0259yata ke\u00e7irdiyi a\u011f\u0131r i\u015fg\u0259nc\u0259l\u0259r v\u0259 insan haqlar\u0131n\u0131n pozulmas\u0131n\u0131 g\u00f6st\u0259r\u0259n fotos\u0259rginin\u00a0d\u0259 n\u00fcmayi\u015f olunmas\u0131 vur\u011fulan\u0131b.<\/p>\n<p>H\u0259min reportaj\u0131 t\u0259qdim edirik:<\/p>\n<div><iframe loading=\"lazy\" src=\"https:\/\/baku.tv\/embed\/103938\" width=\"560\" height=\"315\" frameborder=\"0\" allowfullscreen=\"allowfullscreen\" data-mce-fragment=\"1\"><\/iframe><\/div>\n<p>M\u0259nb\u0259: Trtworld.com<\/p>\n","protected":false},"excerpt":{"rendered":"<p>\u201cTRT World\u201d telekanal\u0131 Bak\u0131da ke\u00e7irilmi\u015f \u201cNeokolonializm: \u0130nsan haqlar\u0131n\u0131n pozulmas\u0131 v\u0259 \u0259dal\u0259tsizlik\u201d m\u00f6vzusunda beyn\u0259lxalq konfransla ba\u011fl\u0131 reportaj haz\u0131rlay\u0131b. Reportajda Afrika \u00f6lk\u0259l\u0259rinin n\u00fcmay\u0259nd\u0259l\u0259rinin h\u00fcquq pozuntular\u0131na qar\u015f\u0131 m\u00fcbariz\u0259 aparmaq \u00fc\u00e7\u00fcn Bak\u0131da bir araya g\u0259ldikl\u0259ri bildirilib. Afrikadak\u0131 ke\u00e7mi\u015f Fransa m\u00fcst\u0259ml\u0259k\u0259l\u0259rinin, Fransan\u0131n d\u0259niza\u015f\u0131r\u0131 \u0259razil\u0259rinin v\u0259 Korsikan\u0131n n\u00fcmay\u0259nd\u0259l\u0259ri\u00a0insan haqlar\u0131 m\u0259s\u0259l\u0259l\u0259rinin h\u0259ll edilm\u0259si m\u0259qs\u0259dil\u0259 Bak\u0131da ke\u00e7irilmi\u015f t\u0259dbird\u0259\u00a0Fransan\u0131 ke\u00e7mi\u015f m\u00fcst\u0259ml\u0259k\u0259 d\u00f6vl\u0259tl\u0259rinin daxili i\u015fl\u0259rin\u0259 qar\u0131\u015fmaqda g\u00fcnahland\u0131r\u0131blar. Eyni zamanda, Fransan\u0131n m\u00fcst\u0259ml\u0259k\u0259si alt\u0131nda olan d\u00f6vl\u0259tl\u0259rd\u0259, \u0259razil\u0259rd\u0259 apard\u0131\u011f\u0131 etnik t\u0259mizl\u0259m\u0259, insan haqlar\u0131n\u0131n ciddi \u015f\u0259kild\u0259 pozulmas\u0131 faktlar\u0131 diqq\u0259t\u0259 \u00e7atd\u0131r\u0131l\u0131b. Konfransda Fransan\u0131n m\u00fcst\u0259ml\u0259k\u0259l\u0259rd\u0259 yerli \u0259haliy\u0259 qar\u015f\u0131 h\u0259yata ke\u00e7irdiyi a\u011f\u0131r i\u015fg\u0259nc\u0259l\u0259r v\u0259 insan haqlar\u0131n\u0131n pozulmas\u0131n\u0131&hellip;<\/p>\n","protected":false},"author":2,"featured_media":648362,"comment_status":"closed","ping_status":"closed","sticky":false,"template":"","format":"standard","meta":{"om_disable_all_campaigns":false,"_monsterinsights_skip_tracking":false,"_monsterinsights_sitenote_active":false,"_monsterinsights_sitenote_note":"","_monsterinsights_sitenote_category":0},"categories":[4],"tags":[],"aioseo_notices":[],"gutentor_comment":0,"rttpg_featured_image_url":{"full":["https:\/\/arantv.az\/wp-content\/uploads\/2023\/10\/FotoJet-2023-10-21T133349.891-1.jpg",620,413,false],"landscape":["https:\/\/arantv.az\/wp-content\/uploads\/2023\/10\/FotoJet-2023-10-21T133349.891-1.jpg",620,413,false],"portraits":["https:\/\/arantv.az\/wp-content\/uploads\/2023\/10\/FotoJet-2023-10-21T133349.891-1.jpg",620,413,false],"thumbnail":["https:\/\/arantv.az\/wp-content\/uploads\/2023\/10\/FotoJet-2023-10-21T133349.891-1-500x280.jpg",500,280,true],"medium":["https:\/\/arantv.az\/wp-content\/uploads\/2023\/10\/FotoJet-2023-10-21T133349.891-1-548x365.jpg",548,365,true],"large":["https:\/\/arantv.az\/wp-content\/uploads\/2023\/10\/FotoJet-2023-10-21T133349.891-1.jpg",620,413,false],"1536x1536":["https:\/\/arantv.az\/wp-content\/uploads\/2023\/10\/FotoJet-2023-10-21T133349.891-1.jpg",620,413,false],"2048x2048":["https:\/\/arantv.az\/wp-content\/uploads\/2023\/10\/FotoJet-2023-10-21T133349.891-1.jpg",620,413,false],"post-thumbnail":["https:\/\/arantv.az\/wp-content\/uploads\/2023\/10\/FotoJet-2023-10-21T133349.891-1-240x172.jpg",240,172,true],"advps-thumb-one":["https:\/\/arantv.az\/wp-content\/uploads\/2023\/10\/FotoJet-2023-10-21T133349.891-1.jpg",620,413,false]},"rttpg_author":{"display_name":"V\u00fcsal Rafiqo\u011flu","author_link":"https:\/\/arantv.az\/?author=2"},"rttpg_comment":0,"rttpg_category":"<a href=\"https:\/\/arantv.az\/?cat=4\" rel=\"category\">Siyas\u0259t<\/a>","rttpg_excerpt":"\u201cTRT World\u201d telekanal\u0131 Bak\u0131da ke\u00e7irilmi\u015f \u201cNeokolonializm: \u0130nsan haqlar\u0131n\u0131n pozulmas\u0131 v\u0259 \u0259dal\u0259tsizlik\u201d m\u00f6vzusunda beyn\u0259lxalq konfransla ba\u011fl\u0131 reportaj haz\u0131rlay\u0131b. Reportajda Afrika \u00f6lk\u0259l\u0259rinin n\u00fcmay\u0259nd\u0259l\u0259rinin h\u00fcquq pozuntular\u0131na qar\u015f\u0131 m\u00fcbariz\u0259 aparmaq \u00fc\u00e7\u00fcn Bak\u0131da bir araya g\u0259ldikl\u0259ri bildirilib. Afrikadak\u0131 ke\u00e7mi\u015f Fransa m\u00fcst\u0259ml\u0259k\u0259l\u0259rinin, Fransan\u0131n d\u0259niza\u015f\u0131r\u0131 \u0259razil\u0259rinin v\u0259 Korsikan\u0131n n\u00fcmay\u0259nd\u0259l\u0259ri\u00a0insan haqlar\u0131 m\u0259s\u0259l\u0259l\u0259rinin h\u0259ll edilm\u0259si m\u0259qs\u0259dil\u0259 Bak\u0131da ke\u00e7irilmi\u015f t\u0259dbird\u0259\u00a0Fransan\u0131 ke\u00e7mi\u015f m\u00fcst\u0259ml\u0259k\u0259 d\u00f6vl\u0259tl\u0259rinin daxili i\u015fl\u0259rin\u0259&hellip;","_links":{"self":[{"href":"https:\/\/arantv.az\/index.php?rest_route=\/wp\/v2\/posts\/648360"}],"collection":[{"href":"https:\/\/arantv.az\/index.php?rest_route=\/wp\/v2\/posts"}],"about":[{"href":"https:\/\/arantv.az\/index.php?rest_route=\/wp\/v2\/types\/post"}],"author":[{"embeddable":true,"href":"https:\/\/arantv.az\/index.php?rest_route=\/wp\/v2\/users\/2"}],"replies":[{"embeddable":true,"href":"https:\/\/arantv.az\/index.php?rest_route=%2Fwp%2Fv2%2Fcomments&post=648360"}],"version-history":[{"count":0,"href":"https:\/\/arantv.az\/index.php?rest_route=\/wp\/v2\/posts\/648360\/revisions"}],"wp:featuredmedia":[{"embeddable":true,"href":"https:\/\/arantv.az\/index.php?rest_route=\/wp\/v2\/media\/648362"}],"wp:attachment":[{"href":"https:\/\/arantv.az\/index.php?rest_route=%2Fwp%2Fv2%2Fmedia&parent=648360"}],"wp:term":[{"taxonomy":"category","embeddable":true,"href":"https:\/\/arantv.az\/index.php?rest_route=%2Fwp%2Fv2%2Fcategories&post=648360"},{"taxonomy":"post_tag","embeddable":true,"href":"https:\/\/arantv.az\/index.php?rest_route=%2Fwp%2Fv2%2Ftags&post=648360"}],"curies":[{"name":"wp","href":"https:\/\/api.w.org\/{rel}","templated":true}]}}