{"id":648373,"date":"2023-10-21T20:23:45","date_gmt":"2023-10-21T16:23:45","guid":{"rendered":"https:\/\/arantv.az\/?p=648373"},"modified":"2023-10-21T20:23:45","modified_gmt":"2023-10-21T16:23:45","slug":"sarl-misel-qahir%c9%99d%c9%99-f%c9%99l%c9%99stin-prezidenti-mahmud-abbasla-gorusub","status":"publish","type":"post","link":"https:\/\/arantv.az\/?p=648373","title":{"rendered":"\u015earl Mi\u015fel Qahir\u0259d\u0259 F\u0259l\u0259stin Prezidenti Mahmud Abbasla g\u00f6r\u00fc\u015f\u00fcb"},"content":{"rendered":"<p>Avropa \u015euras\u0131n\u0131n r\u0259hb\u0259ri \u015earl Mi\u015fel Qahir\u0259 s\u00fclh sammiti \u00e7\u0259r\u00e7iv\u0259sind\u0259 F\u0259l\u0259stin Prezidenti Mahmud Abbasla g\u00f6r\u00fc\u015f ke\u00e7irib. O,\u00a0m\u00fcharib\u0259 ed\u0259n t\u0259r\u0259fl\u0259r aras\u0131nda s\u00fclh\u0259 alternativin olmad\u0131\u011f\u0131n\u0131 bildirib.<\/p>\n<p>\u201cQahir\u0259d\u0259 ke\u00e7iril\u0259n sammit \u00e7\u0259r\u00e7iv\u0259sind\u0259 Mahmud\u00a0Abbasla g\u00f6r\u00fc\u015f ba\u015f tutub. \u0130ki d\u00f6vl\u0259tin yana\u015f\u0131 ya\u015fay\u0131\u015f\u0131na \u0259saslanan d\u00fcnyaya ba\u015fqa alternativ yoxdur\u201d, &#8211; dey\u0259 \u00a0qeyd edib.<\/p>\n<p>Mi\u015fel Avropa \u0130ttifaq\u0131n\u0131n bu istiqam\u0259td\u0259 s\u0259yl\u0259rini davam etdirm\u0259y\u0259 haz\u0131r oldu\u011funu da vur\u011fulay\u0131b.<\/p>\n<p>M\u0259nb\u0259: gazeta.ru<\/p>\n","protected":false},"excerpt":{"rendered":"<p>Avropa \u015euras\u0131n\u0131n r\u0259hb\u0259ri \u015earl Mi\u015fel Qahir\u0259 s\u00fclh sammiti \u00e7\u0259r\u00e7iv\u0259sind\u0259 F\u0259l\u0259stin Prezidenti Mahmud Abbasla g\u00f6r\u00fc\u015f ke\u00e7irib. O,\u00a0m\u00fcharib\u0259 ed\u0259n t\u0259r\u0259fl\u0259r aras\u0131nda s\u00fclh\u0259 alternativin olmad\u0131\u011f\u0131n\u0131 bildirib. \u201cQahir\u0259d\u0259 ke\u00e7iril\u0259n sammit \u00e7\u0259r\u00e7iv\u0259sind\u0259 Mahmud\u00a0Abbasla g\u00f6r\u00fc\u015f ba\u015f tutub. \u0130ki d\u00f6vl\u0259tin yana\u015f\u0131 ya\u015fay\u0131\u015f\u0131na \u0259saslanan d\u00fcnyaya ba\u015fqa alternativ yoxdur\u201d, &#8211; dey\u0259 \u00a0qeyd edib. Mi\u015fel Avropa \u0130ttifaq\u0131n\u0131n bu istiqam\u0259td\u0259 s\u0259yl\u0259rini davam etdirm\u0259y\u0259 haz\u0131r oldu\u011funu da vur\u011fulay\u0131b. M\u0259nb\u0259: gazeta.ru<\/p>\n","protected":false},"author":2,"featured_media":648375,"comment_status":"closed","ping_status":"closed","sticky":false,"template":"","format":"standard","meta":{"om_disable_all_campaigns":false,"_monsterinsights_skip_tracking":false,"_monsterinsights_sitenote_active":false,"_monsterinsights_sitenote_note":"","_monsterinsights_sitenote_category":0},"categories":[7],"tags":[],"aioseo_notices":[],"gutentor_comment":0,"rttpg_featured_image_url":{"full":["https:\/\/arantv.az\/wp-content\/uploads\/2023\/10\/FotoJet-17-4.jpg",620,413,false],"landscape":["https:\/\/arantv.az\/wp-content\/uploads\/2023\/10\/FotoJet-17-4.jpg",620,413,false],"portraits":["https:\/\/arantv.az\/wp-content\/uploads\/2023\/10\/FotoJet-17-4.jpg",620,413,false],"thumbnail":["https:\/\/arantv.az\/wp-content\/uploads\/2023\/10\/FotoJet-17-4-500x280.jpg",500,280,true],"medium":["https:\/\/arantv.az\/wp-content\/uploads\/2023\/10\/FotoJet-17-4-548x365.jpg",548,365,true],"large":["https:\/\/arantv.az\/wp-content\/uploads\/2023\/10\/FotoJet-17-4.jpg",620,413,false],"1536x1536":["https:\/\/arantv.az\/wp-content\/uploads\/2023\/10\/FotoJet-17-4.jpg",620,413,false],"2048x2048":["https:\/\/arantv.az\/wp-content\/uploads\/2023\/10\/FotoJet-17-4.jpg",620,413,false],"post-thumbnail":["https:\/\/arantv.az\/wp-content\/uploads\/2023\/10\/FotoJet-17-4-240x172.jpg",240,172,true],"advps-thumb-one":["https:\/\/arantv.az\/wp-content\/uploads\/2023\/10\/FotoJet-17-4.jpg",620,413,false]},"rttpg_author":{"display_name":"V\u00fcsal Rafiqo\u011flu","author_link":"https:\/\/arantv.az\/?author=2"},"rttpg_comment":0,"rttpg_category":"<a href=\"https:\/\/arantv.az\/?cat=7\" rel=\"category\">D\u00fcnya<\/a>","rttpg_excerpt":"Avropa \u015euras\u0131n\u0131n r\u0259hb\u0259ri \u015earl Mi\u015fel Qahir\u0259 s\u00fclh sammiti \u00e7\u0259r\u00e7iv\u0259sind\u0259 F\u0259l\u0259stin Prezidenti Mahmud Abbasla g\u00f6r\u00fc\u015f ke\u00e7irib. O,\u00a0m\u00fcharib\u0259 ed\u0259n t\u0259r\u0259fl\u0259r aras\u0131nda s\u00fclh\u0259 alternativin olmad\u0131\u011f\u0131n\u0131 bildirib. \u201cQahir\u0259d\u0259 ke\u00e7iril\u0259n sammit \u00e7\u0259r\u00e7iv\u0259sind\u0259 Mahmud\u00a0Abbasla g\u00f6r\u00fc\u015f ba\u015f tutub. \u0130ki d\u00f6vl\u0259tin yana\u015f\u0131 ya\u015fay\u0131\u015f\u0131na \u0259saslanan d\u00fcnyaya ba\u015fqa alternativ yoxdur\u201d, &#8211; dey\u0259 \u00a0qeyd edib. Mi\u015fel Avropa \u0130ttifaq\u0131n\u0131n bu istiqam\u0259td\u0259 s\u0259yl\u0259rini davam etdirm\u0259y\u0259 haz\u0131r oldu\u011funu da&hellip;","_links":{"self":[{"href":"https:\/\/arantv.az\/index.php?rest_route=\/wp\/v2\/posts\/648373"}],"collection":[{"href":"https:\/\/arantv.az\/index.php?rest_route=\/wp\/v2\/posts"}],"about":[{"href":"https:\/\/arantv.az\/index.php?rest_route=\/wp\/v2\/types\/post"}],"author":[{"embeddable":true,"href":"https:\/\/arantv.az\/index.php?rest_route=\/wp\/v2\/users\/2"}],"replies":[{"embeddable":true,"href":"https:\/\/arantv.az\/index.php?rest_route=%2Fwp%2Fv2%2Fcomments&post=648373"}],"version-history":[{"count":0,"href":"https:\/\/arantv.az\/index.php?rest_route=\/wp\/v2\/posts\/648373\/revisions"}],"wp:featuredmedia":[{"embeddable":true,"href":"https:\/\/arantv.az\/index.php?rest_route=\/wp\/v2\/media\/648375"}],"wp:attachment":[{"href":"https:\/\/arantv.az\/index.php?rest_route=%2Fwp%2Fv2%2Fmedia&parent=648373"}],"wp:term":[{"taxonomy":"category","embeddable":true,"href":"https:\/\/arantv.az\/index.php?rest_route=%2Fwp%2Fv2%2Fcategories&post=648373"},{"taxonomy":"post_tag","embeddable":true,"href":"https:\/\/arantv.az\/index.php?rest_route=%2Fwp%2Fv2%2Ftags&post=648373"}],"curies":[{"name":"wp","href":"https:\/\/api.w.org\/{rel}","templated":true}]}}