{"id":648381,"date":"2023-10-21T20:40:28","date_gmt":"2023-10-21T16:40:28","guid":{"rendered":"https:\/\/arantv.az\/?p=648381"},"modified":"2023-10-21T20:40:28","modified_gmt":"2023-10-21T16:40:28","slug":"bakida-kecirilmis-beyn%c9%99lxalq-konfrans-xarici-kiv-l%c9%99rin-diqq%c9%99t-m%c9%99rk%c9%99zind%c9%99-foto","status":"publish","type":"post","link":"https:\/\/arantv.az\/?p=648381","title":{"rendered":"Bak\u0131da ke\u00e7irilmi\u015f beyn\u0259lxalq konfrans xarici K\u0130V-l\u0259rin diqq\u0259t m\u0259rk\u0259zind\u0259 &#8211; FOTO"},"content":{"rendered":"<p>Bak\u0131 T\u0259\u015f\u0259bb\u00fcs Qrupunun t\u0259\u015fkilat\u00e7\u0131l\u0131\u011f\u0131 il\u0259 Az\u0259rbaycan paytaxt\u0131nda ke\u00e7iril\u0259n \u201cNeokolonializm: \u0130nsan H\u00fcquqlar\u0131n\u0131n Pozulmas\u0131 v\u0259 \u018fdal\u0259tsizlik\u201d m\u00f6vzusunda beyn\u0259lxalq konfrans bir s\u0131ra n\u00fcfuzlu xarici K\u0130V-l\u0259rd\u0259 geni\u015f i\u015f\u0131qland\u0131r\u0131l\u0131b.<\/p>\n<p>AZ\u018fRTAC \u00a0x\u0259b\u0259r verir ki, T\u00fcrkiy\u0259nin\u00a0<strong><a href=\"https:\/\/www.aa.com.tr\/fr\/monde\/aliyev-d%C3%A9nonce-la-politique-colonialiste-de-la-france\/3027321\" target=\"_blank\" rel=\"noopener\">Anadolu agentliyinin<\/a><\/strong>\u00a0frans\u0131zdilli versiyas\u0131nda,\u00a0\u201c<strong><a href=\"https:\/\/www.youtube.com\/watch?v=ntcPUaumTFI\" target=\"_blank\" rel=\"noopener\">TRT World<\/a><\/strong>\u201d<strong>,\u00a0<\/strong>\u201c<strong><a href=\"https:\/\/www.youtube.com\/watch?v=pY5gRjbQRdk\" target=\"_blank\" rel=\"noopener\">Haber Global<\/a><\/strong>\u201d\u00a0televiziya kanallar\u0131nda konfransla ba\u011fl\u0131 yay\u0131mlanan x\u0259b\u0259r v\u0259 s\u00fcjetl\u0259rd\u0259 Az\u0259rbaycan Prezidentinin t\u0259dbir i\u015ftirak\u00e7\u0131lar\u0131na m\u00fcraci\u0259tin\u0259 geni\u015f yer verilib. X\u0259b\u0259rl\u0259rd\u0259 d\u00f6vl\u0259timizin ba\u015f\u00e7\u0131s\u0131n\u0131n Az\u0259rbaycan Respublikas\u0131 Prezidentinin k\u00f6m\u0259k\u00e7isi &#8211; Prezident Administrasiyas\u0131n\u0131n Xarici siyas\u0259t m\u0259s\u0259l\u0259l\u0259ri \u015f\u00f6b\u0259sinin m\u00fcdiri Hikm\u0259t Hac\u0131yev t\u0259r\u0259find\u0259n s\u0259sl\u0259ndiril\u0259n m\u00fcraci\u0259tind\u0259 \u0259sas\u0259n Fransan\u0131n i\u015f\u011fal etdiyi v\u0259 m\u00fcst\u0259ml\u0259k\u0259 v\u0259ziyy\u0259tin\u0259 sald\u0131\u011f\u0131 \u00f6lk\u0259l\u0259rd\u0259 insanl\u0131\u011fa qar\u015f\u0131 \u00e7oxsayl\u0131 cinay\u0259tl\u0259r t\u00f6r\u0259tm\u0259si bar\u0259d\u0259 fikirl\u0259ri x\u00fcsusi vur\u011fulan\u0131b:<\/p>\n<p>\u201cBiz Fransada neokolonializm meyill\u0259ri il\u0259 paralel olaraq irq\u00e7ilik v\u0259 islamofobiyan\u0131n da geni\u015f v\u00fcs\u0259t ald\u0131\u011f\u0131n\u0131 m\u00fc\u015fahid\u0259 edirik. Bu g\u00fcn burada t\u0259msil olunan insanlar\u0131n b\u0259zil\u0259ri m\u00fcxt\u0259lif formada t\u0259zyiq v\u0259 ayr\u0131-se\u00e7kiliy\u0259, irq\u00e7i h\u00fccumlara m\u0259ruz qal\u0131r. Daxild\u0259 bu c\u00fcr narahatedici v\u0259 t\u0259hl\u00fck\u0259li meyill\u0259rl\u0259 m\u00fcbariz\u0259 aparmal\u0131 olan Fransa hakimiyy\u0259ti ba\u015fqa d\u00f6vl\u0259tl\u0259r\u0259 d\u0259rs ke\u00e7m\u0259y\u0259, dig\u0259r \u00f6lk\u0259l\u0259rin daxili i\u015fl\u0259rin\u0259 qar\u0131\u015fma\u011fa c\u0259hd edir\u201d.<\/p>\n<p>Habel\u0259 bildirilib ki, Az\u0259rbaycan Prezidenti m\u00fcraci\u0259tind\u0259 Fransan\u0131n m\u00fcst\u0259ml\u0259k\u0259l\u0259rind\u0259 insanl\u0131\u011fa qar\u015f\u0131 \u00e7oxsayl\u0131 cinay\u0259tl\u0259r t\u00f6r\u0259tdiyini, XX \u0259srd\u0259 30 il \u0259rzind\u0259 Frans\u0131z Polineziyas\u0131nda 200-\u0259 yax\u0131n, 6 il \u0259rzind\u0259 is\u0259 \u018flc\u0259zaird\u0259 17 n\u00fcv\u0259 s\u0131na\u011f\u0131 h\u0259yata ke\u00e7irdiyini, s\u0131naqlar\u0131n a\u011f\u0131r f\u0259sadlar\u0131n\u0131n Polineziya v\u0259 \u018flc\u0259zair xalqlar\u0131 t\u0259r\u0259find\u0259n bu g\u00fcn d\u0259 ya\u015fand\u0131\u011f\u0131n\u0131 xat\u0131rlad\u0131b.<\/p>\n<p>X\u0259b\u0259rl\u0259rd\u0259 riyakar v\u0259 ikili standartlara \u0259saslanan siyas\u0259t y\u00fcr\u00fcd\u0259n Fransan\u0131n, eyni zamanda, regionumuzda milli azl\u0131qlar\u0131n m\u00fcdafi\u0259\u00e7isi kimi \u00f6z\u00fcn\u00fc t\u0259qdim etm\u0259y\u0259 \u00e7al\u0131\u015fmas\u0131n\u0131 da Az\u0259rbaycan Prezidentinin\u00a0s\u0259rt t\u0259nqid etdiyi bildirilib:<\/p>\n<p>\u201cBiz Fransada neokolonializm meyill\u0259ri il\u0259 paralel olaraq irq\u00e7ilik v\u0259 islamofobiyan\u0131n da geni\u015f v\u00fcs\u0259t ald\u0131\u011f\u0131n\u0131 m\u00fc\u015fahid\u0259 edirik. Bu g\u00fcn burada t\u0259msil olunan insanlar\u0131n b\u0259zil\u0259ri m\u00fcxt\u0259lif formada t\u0259zyiq v\u0259 ayr\u0131-se\u00e7kiliy\u0259, irq\u00e7i h\u00fccumlara m\u0259ruz qal\u0131r. Daxild\u0259 bu c\u00fcr narahatedici v\u0259 t\u0259hl\u00fck\u0259li meyill\u0259rl\u0259 m\u00fcbariz\u0259 aparmal\u0131 olan Fransa hakimiyy\u0259ti ba\u015fqa d\u00f6vl\u0259tl\u0259r\u0259 d\u0259rs ke\u00e7m\u0259y\u0259, dig\u0259r \u00f6lk\u0259l\u0259rin daxili i\u015fl\u0259rin\u0259 qar\u0131\u015fma\u011fa c\u0259hd edir. Fransa qo\u015funlar\u0131n\u0131n bu yax\u0131nlarda Mali, Niger v\u0259 Burkina-Fasodan \u00e7\u0131xar\u0131lmas\u0131 onun Afrikadak\u0131 amans\u0131z neokolonializm siyas\u0259tinin u\u011fursuzlu\u011fa m\u0259hkum oldu\u011funu bir daha g\u00f6st\u0259rdi. Qanl\u0131 cinay\u0259tl\u0259rl\u0259 z\u0259ngin kolonializm tarixin\u0259 g\u00f6r\u0259 utanmal\u0131 olan Fransa t\u00f6r\u0259tdiyi v\u0259h\u015filikl\u0259r\u0259 g\u00f6r\u0259 \u00fczr ist\u0259m\u0259k \u0259v\u0259zin\u0259, dig\u0259r \u00f6lk\u0259l\u0259rd\u0259 uydurma etnik t\u0259mizl\u0259m\u0259l\u0259rd\u0259n dan\u0131\u015f\u0131r. Bu \u00f6lk\u0259 BMT T\u0259hl\u00fck\u0259sizlik \u015euras\u0131n\u0131n daimi \u00fczv\u00fc statusundan \u00f6z q\u0259r\u0259zli, qeyri-obyektiv siyas\u0259tini y\u00fcr\u00fctm\u0259k \u00fc\u00e7\u00fcn sui-istifad\u0259 edir, m\u00fcxt\u0259lif regionlarda geosiyasi intriqalarla m\u0259\u015f\u011ful olur\u201d.<\/p>\n<p>Telekanallarda yay\u0131mlanan s\u00fcjetl\u0259rd\u0259 Bak\u0131dak\u0131 konfransda kolonializm siyas\u0259tin\u0259 m\u0259ruz qalan \u00f6lk\u0259l\u0259rd\u0259n \u00e7oxlu sayda n\u00fcmay\u0259nd\u0259nin i\u015ftirak etdiyi vur\u011fulan\u0131b. Konfrans i\u015ftirak\u00e7\u0131lar\u0131n\u0131n Fransan\u0131n Avropadan k\u0259narda, Sakit v\u0259 Atlantik okeanlar\u0131nda d\u0259niza\u015f\u0131r\u0131 icma v\u0259 \u0259razil\u0259rind\u0259 ya\u015fayan xalqlar\u0131n azadl\u0131q arzular\u0131na v\u0259 h\u00fcquqlar\u0131na h\u00f6rm\u0259t etm\u0259diyi, h\u0259min \u00f6lk\u0259l\u0259ri \u0259srl\u0259rd\u0259 m\u00fcst\u0259ml\u0259k\u0259\u00e7ilik siyas\u0259ti il\u0259 \u0259sar\u0259t alt\u0131nda saxlamas\u0131 bar\u0259d\u0259 fikirl\u0259ri diqq\u0259t\u0259 \u00e7atd\u0131r\u0131l\u0131b. Bel\u0259 ki, Martinikan\u0131n Azadl\u0131q Partiyas\u0131n\u0131n n\u00fcmay\u0259nd\u0259si Lyuk Frensis Kerolun m\u00fcsahib\u0259sind\u0259 a\u015fa\u011f\u0131dak\u0131 fikirl\u0259ri t\u0259qdim olunub:<\/p>\n<p>\u201cAfrikada bir \u00e7ox \u00f6lk\u0259 Fransan\u0131n neokolonializm siyas\u0259tin\u0259 qar\u015f\u0131 m\u00fcbariz\u0259 apar\u0131r. Fransa Sakit okean v\u0259 Karib d\u0259nizind\u0259 ill\u0259rdir eyni siyas\u0259ti davam etdirir, amma bu g\u00fcn Az\u0259rbaycana, T\u00fcrkiy\u0259y\u0259 v\u0259 F\u0259l\u0259stin\u0259 insan h\u00fcquqlar\u0131 v\u0259 azadl\u0131q d\u0259rsi verm\u0259y\u0259 \u00e7al\u0131\u015f\u0131r. Burada dan\u0131\u015fmaq ist\u0259diyimiz m\u00f6vzu \u0259slind\u0259 el\u0259 budur. \u00dc\u00e7 y\u00fcz il \u0259vv\u0259l Fransa \u00f6lk\u0259mizi k\u00f6l\u0259y\u0259 \u00e7evirdi. Biz h\u0259l\u0259 d\u0259 qida sektoru kimi bir \u00e7ox sah\u0259d\u0259 onlardan as\u0131l\u0131y\u0131q, \u00e7\u00fcnki \u00f6lk\u0259mizd\u0259 qida m\u0259hsullar\u0131n\u0131n 80 faizi Fransadan g\u0259lir v\u0259 onlar biz\u0259 \u00f6z k\u0259nd t\u0259s\u0259rr\u00fcfat\u0131m\u0131z\u0131 inki\u015faf etdirib m\u00fcst\u0259qil olma\u011fa imkan vermirl\u0259r. Bu konfransda Fransan\u0131n bizim \u00f6lk\u0259l\u0259rimizin daxili i\u015fl\u0259rin\u0259 m\u00fcdaxil\u0259si, azadl\u0131q s\u0259yl\u0259rini bo\u011fmas\u0131, koloniyalarda insan h\u00fcquqlar\u0131n\u0131 kobud \u015f\u0259kild\u0259 pozmas\u0131, o c\u00fcml\u0259d\u0259n neokolonializm siyas\u0259ti m\u00fczakir\u0259 olunur. Konfrans h\u0259m d\u0259 d\u00fcnyan\u0131n m\u00fcxt\u0259lif b\u00f6lg\u0259l\u0259rind\u0259 yerl\u0259\u015f\u0259n v\u0259 h\u0259l\u0259 d\u0259 kolonializm siyas\u0259tind\u0259n \u0259ziyy\u0259t \u00e7\u0259k\u0259n xalqlar\u0131n s\u0259sinin beyn\u0259lxalq al\u0259m\u0259 \u00e7atd\u0131r\u0131lmas\u0131 \u00fc\u00e7\u00fcn g\u00f6z\u0259l imkand\u0131r\u201d.<\/p>\n<p>\u201c<strong><a href=\"https:\/\/fr.sputniknews.africa\/20231020\/paris-se-livre-a-des-intrigues-geopolitiques-en-afrique-et-ailleurs-selon-bakou-1062957512.html\" target=\"_blank\" rel=\"noopener\">Sputnik<\/a><\/strong>\u201din\u00a0frans\u0131z dili b\u00f6lm\u0259sind\u0259 yay\u0131mlanan x\u0259b\u0259rd\u0259 Az\u0259rbaycan Prezidenti\u00a0<strong>\u0130lham \u018fliyevin<\/strong>\u00a0m\u00fcraci\u0259tind\u0259 BMT T\u0259hl\u00fck\u0259sizlik \u015euras\u0131n\u0131n daimi \u00fczv\u00fc statusundan istifad\u0259 ed\u0259r\u0259k Afrikada q\u0259r\u0259zli siyas\u0259t y\u00fcr\u00fcd\u0259n v\u0259 \u018flc\u0259zaird\u0259 milyonlarla mina basd\u0131ran Fransan\u0131n neokolonial siyas\u0259tinin s\u0259rt \u015f\u0259kild\u0259 pisl\u0259ndiyi vur\u011fulan\u0131b. Yaz\u0131da d\u00f6vl\u0259timizin ba\u015f\u00e7\u0131s\u0131n\u0131n m\u00fcraci\u0259tind\u0259ki \u201cAfrika, C\u0259nub-\u015e\u0259rqi Asiya, Sakit Okean, Lat\u0131n Amerikas\u0131nda onlarla \u00f6lk\u0259ni i\u015f\u011fal ed\u0259n, s\u0259rv\u0259tl\u0259rini talan ed\u0259n, xalqlar\u0131n\u0131 uzun ill\u0259r \u0259sar\u0259td\u0259 saxlayan Fransa h\u0259min \u0259razil\u0259rd\u0259 h\u0259rbi v\u0259 b\u0259\u015f\u0259riyy\u0259t \u0259leyhin\u0259 \u00e7oxsayl\u0131 cinay\u0259tl\u0259r t\u00f6r\u0259tmi\u015fdir, frans\u0131z silahl\u0131 q\u00fcvv\u0259l\u0259ri etnik v\u0259 dini m\u0259nsubiyy\u0259tin\u0259 g\u00f6r\u0259 y\u00fcz minl\u0259rl\u0259 dinc sakini soyq\u0131r\u0131m\u0131na m\u0259ruz qoymu\u015fdur\u201d fikri sitat g\u0259tirilib.<\/p>\n<p>K\u0130V-l\u0259rd\u0259 yay\u0131mlanan x\u0259b\u0259rl\u0259rd\u0259 konfrans \u00e7\u0259r\u00e7iv\u0259sind\u0259 a\u00e7\u0131lan s\u0259rgid\u0259 Fransan\u0131n onillikl\u0259r \u0259rzind\u0259 neokolonializm siyas\u0259ti h\u0259yata ke\u00e7irdiyi \u00f6lk\u0259l\u0259rd\u0259 insan h\u00fcquqlar\u0131n\u0131 kobud \u015f\u0259kild\u0259 pozmas\u0131n\u0131, h\u0259min xalqlara qar\u015f\u0131 t\u00f6r\u0259tdiyi v\u0259h\u015filik v\u0259 soyq\u0131r\u0131mlar\u0131n\u0131 \u0259ks etdir\u0259n foto\u015f\u0259kill\u0259rin n\u00fcmayi\u015f olundu\u011fu bildirilib.<\/p>\n<p>&nbsp;<\/p>\n<div class=\"gallery\">\n<div class=\"gallery-i\"><img src=\"https:\/\/cdn.oxu.az\/uploads\/W1siZiIsIjIwMjMvMTAvMjEvMTkvNTgvMzEvZDE3MDJmOWUtODc5MC00OTYzLWI1NjEtNTg0YTk2MTM4YWNjL0ExLmpwZyJdLFsicCIsImVuY29kZSIsImpwZyIsIi1xdWFsaXR5IDgwIl0sWyJwIiwidGh1bWIiLCI1OTB4NTkwXHUwMDNlIl1d?sha=18197548845ef3b9\" alt=\"\" \/><\/p>\n<div class=\"gallery-i-caption\"><\/div>\n<\/div>\n<div class=\"gallery-i\"><img src=\"https:\/\/cdn.oxu.az\/uploads\/W1siZiIsIjIwMjMvMTAvMjEvMTkvNTgvMzIvZTNmMjQ0NGQtMjhhMS00MzZkLTkyMmUtYWUyODFhY2VhNGU5L0EyLmpwZyJdLFsicCIsImVuY29kZSIsImpwZyIsIi1xdWFsaXR5IDgwIl0sWyJwIiwidGh1bWIiLCI1OTB4NTkwXHUwMDNlIl1d?sha=efd9d8e7d1ade1ae\" alt=\"\" \/><\/p>\n<div class=\"gallery-i-caption\"><\/div>\n<\/div>\n<div class=\"gallery-i\"><img src=\"https:\/\/cdn.oxu.az\/uploads\/W1siZiIsIjIwMjMvMTAvMjEvMTkvNTgvMzIvNTgzZTAyYmItZDEwOC00NThlLWJhYmYtOTg1MjZjYzYwNGQzL0EzLmpwZyJdLFsicCIsImVuY29kZSIsImpwZyIsIi1xdWFsaXR5IDgwIl0sWyJwIiwidGh1bWIiLCI1OTB4NTkwXHUwMDNlIl1d?sha=6fff502916d4fbb6\" alt=\"\" \/><\/p>\n<div class=\"gallery-i-caption\"><\/div>\n<\/div>\n<div class=\"gallery-i\"><img src=\"https:\/\/cdn.oxu.az\/uploads\/W1siZiIsIjIwMjMvMTAvMjEvMTkvNTgvMzIvYjllMTdjMDItMjY2NC00MjkzLTllOTQtZmVkNWQ3NjlhYTI5L0E0LmpwZyJdLFsicCIsImVuY29kZSIsImpwZyIsIi1xdWFsaXR5IDgwIl0sWyJwIiwidGh1bWIiLCI1OTB4NTkwXHUwMDNlIl1d?sha=e6476b865722cf35\" alt=\"\" \/><\/p>\n<div class=\"gallery-i-caption\"><\/div>\n<\/div>\n<div class=\"gallery-i\"><img src=\"https:\/\/cdn.oxu.az\/uploads\/W1siZiIsIjIwMjMvMTAvMjEvMTkvNTgvMzIvOTNjNDhiMDQtZDljMi00YjBmLWFlNWItNmM4ZTAzOTk2ZGI0L0E1LmpwZyJdLFsicCIsImVuY29kZSIsImpwZyIsIi1xdWFsaXR5IDgwIl0sWyJwIiwidGh1bWIiLCI1OTB4NTkwXHUwMDNlIl1d?sha=2e494f82fa723ea5\" alt=\"\" \/><\/div>\n<\/div>\n","protected":false},"excerpt":{"rendered":"<p>Bak\u0131 T\u0259\u015f\u0259bb\u00fcs Qrupunun t\u0259\u015fkilat\u00e7\u0131l\u0131\u011f\u0131 il\u0259 Az\u0259rbaycan paytaxt\u0131nda ke\u00e7iril\u0259n \u201cNeokolonializm: \u0130nsan H\u00fcquqlar\u0131n\u0131n Pozulmas\u0131 v\u0259 \u018fdal\u0259tsizlik\u201d m\u00f6vzusunda beyn\u0259lxalq konfrans bir s\u0131ra n\u00fcfuzlu xarici K\u0130V-l\u0259rd\u0259 geni\u015f i\u015f\u0131qland\u0131r\u0131l\u0131b. AZ\u018fRTAC \u00a0x\u0259b\u0259r verir ki, T\u00fcrkiy\u0259nin\u00a0Anadolu agentliyinin\u00a0frans\u0131zdilli versiyas\u0131nda,\u00a0\u201cTRT World\u201d,\u00a0\u201cHaber Global\u201d\u00a0televiziya kanallar\u0131nda konfransla ba\u011fl\u0131 yay\u0131mlanan x\u0259b\u0259r v\u0259 s\u00fcjetl\u0259rd\u0259 Az\u0259rbaycan Prezidentinin t\u0259dbir i\u015ftirak\u00e7\u0131lar\u0131na m\u00fcraci\u0259tin\u0259 geni\u015f yer verilib. X\u0259b\u0259rl\u0259rd\u0259 d\u00f6vl\u0259timizin ba\u015f\u00e7\u0131s\u0131n\u0131n Az\u0259rbaycan Respublikas\u0131 Prezidentinin k\u00f6m\u0259k\u00e7isi &#8211; Prezident Administrasiyas\u0131n\u0131n Xarici siyas\u0259t m\u0259s\u0259l\u0259l\u0259ri \u015f\u00f6b\u0259sinin m\u00fcdiri Hikm\u0259t Hac\u0131yev t\u0259r\u0259find\u0259n s\u0259sl\u0259ndiril\u0259n m\u00fcraci\u0259tind\u0259 \u0259sas\u0259n Fransan\u0131n i\u015f\u011fal etdiyi v\u0259 m\u00fcst\u0259ml\u0259k\u0259 v\u0259ziyy\u0259tin\u0259 sald\u0131\u011f\u0131 \u00f6lk\u0259l\u0259rd\u0259 insanl\u0131\u011fa qar\u015f\u0131 \u00e7oxsayl\u0131 cinay\u0259tl\u0259r t\u00f6r\u0259tm\u0259si bar\u0259d\u0259 fikirl\u0259ri x\u00fcsusi vur\u011fulan\u0131b: \u201cBiz Fransada neokolonializm meyill\u0259ri&hellip;<\/p>\n","protected":false},"author":2,"featured_media":648390,"comment_status":"closed","ping_status":"closed","sticky":false,"template":"","format":"standard","meta":{"om_disable_all_campaigns":false,"_monsterinsights_skip_tracking":false,"_monsterinsights_sitenote_active":false,"_monsterinsights_sitenote_note":"","_monsterinsights_sitenote_category":0},"categories":[4],"tags":[],"aioseo_notices":[],"gutentor_comment":0,"rttpg_featured_image_url":{"full":["https:\/\/arantv.az\/wp-content\/uploads\/2023\/10\/FotoJet-41.jpg",620,413,false],"landscape":["https:\/\/arantv.az\/wp-content\/uploads\/2023\/10\/FotoJet-41.jpg",620,413,false],"portraits":["https:\/\/arantv.az\/wp-content\/uploads\/2023\/10\/FotoJet-41.jpg",620,413,false],"thumbnail":["https:\/\/arantv.az\/wp-content\/uploads\/2023\/10\/FotoJet-41-500x280.jpg",500,280,true],"medium":["https:\/\/arantv.az\/wp-content\/uploads\/2023\/10\/FotoJet-41-548x365.jpg",548,365,true],"large":["https:\/\/arantv.az\/wp-content\/uploads\/2023\/10\/FotoJet-41.jpg",620,413,false],"1536x1536":["https:\/\/arantv.az\/wp-content\/uploads\/2023\/10\/FotoJet-41.jpg",620,413,false],"2048x2048":["https:\/\/arantv.az\/wp-content\/uploads\/2023\/10\/FotoJet-41.jpg",620,413,false],"post-thumbnail":["https:\/\/arantv.az\/wp-content\/uploads\/2023\/10\/FotoJet-41-240x172.jpg",240,172,true],"advps-thumb-one":["https:\/\/arantv.az\/wp-content\/uploads\/2023\/10\/FotoJet-41.jpg",620,413,false]},"rttpg_author":{"display_name":"V\u00fcsal Rafiqo\u011flu","author_link":"https:\/\/arantv.az\/?author=2"},"rttpg_comment":0,"rttpg_category":"<a href=\"https:\/\/arantv.az\/?cat=4\" rel=\"category\">Siyas\u0259t<\/a>","rttpg_excerpt":"Bak\u0131 T\u0259\u015f\u0259bb\u00fcs Qrupunun t\u0259\u015fkilat\u00e7\u0131l\u0131\u011f\u0131 il\u0259 Az\u0259rbaycan paytaxt\u0131nda ke\u00e7iril\u0259n \u201cNeokolonializm: \u0130nsan H\u00fcquqlar\u0131n\u0131n Pozulmas\u0131 v\u0259 \u018fdal\u0259tsizlik\u201d m\u00f6vzusunda beyn\u0259lxalq konfrans bir s\u0131ra n\u00fcfuzlu xarici K\u0130V-l\u0259rd\u0259 geni\u015f i\u015f\u0131qland\u0131r\u0131l\u0131b. AZ\u018fRTAC \u00a0x\u0259b\u0259r verir ki, T\u00fcrkiy\u0259nin\u00a0Anadolu agentliyinin\u00a0frans\u0131zdilli versiyas\u0131nda,\u00a0\u201cTRT World\u201d,\u00a0\u201cHaber Global\u201d\u00a0televiziya kanallar\u0131nda konfransla ba\u011fl\u0131 yay\u0131mlanan x\u0259b\u0259r v\u0259 s\u00fcjetl\u0259rd\u0259 Az\u0259rbaycan Prezidentinin t\u0259dbir i\u015ftirak\u00e7\u0131lar\u0131na m\u00fcraci\u0259tin\u0259 geni\u015f yer verilib. X\u0259b\u0259rl\u0259rd\u0259 d\u00f6vl\u0259timizin ba\u015f\u00e7\u0131s\u0131n\u0131n Az\u0259rbaycan Respublikas\u0131 Prezidentinin k\u00f6m\u0259k\u00e7isi&hellip;","_links":{"self":[{"href":"https:\/\/arantv.az\/index.php?rest_route=\/wp\/v2\/posts\/648381"}],"collection":[{"href":"https:\/\/arantv.az\/index.php?rest_route=\/wp\/v2\/posts"}],"about":[{"href":"https:\/\/arantv.az\/index.php?rest_route=\/wp\/v2\/types\/post"}],"author":[{"embeddable":true,"href":"https:\/\/arantv.az\/index.php?rest_route=\/wp\/v2\/users\/2"}],"replies":[{"embeddable":true,"href":"https:\/\/arantv.az\/index.php?rest_route=%2Fwp%2Fv2%2Fcomments&post=648381"}],"version-history":[{"count":0,"href":"https:\/\/arantv.az\/index.php?rest_route=\/wp\/v2\/posts\/648381\/revisions"}],"wp:featuredmedia":[{"embeddable":true,"href":"https:\/\/arantv.az\/index.php?rest_route=\/wp\/v2\/media\/648390"}],"wp:attachment":[{"href":"https:\/\/arantv.az\/index.php?rest_route=%2Fwp%2Fv2%2Fmedia&parent=648381"}],"wp:term":[{"taxonomy":"category","embeddable":true,"href":"https:\/\/arantv.az\/index.php?rest_route=%2Fwp%2Fv2%2Fcategories&post=648381"},{"taxonomy":"post_tag","embeddable":true,"href":"https:\/\/arantv.az\/index.php?rest_route=%2Fwp%2Fv2%2Ftags&post=648381"}],"curies":[{"name":"wp","href":"https:\/\/api.w.org\/{rel}","templated":true}]}}