{"id":648392,"date":"2023-10-21T20:41:29","date_gmt":"2023-10-21T16:41:29","guid":{"rendered":"https:\/\/arantv.az\/?p=648392"},"modified":"2023-10-21T20:41:29","modified_gmt":"2023-10-21T16:41:29","slug":"xank%c9%99ndi-s%c9%99h%c9%99r-polis-sob%c9%99si-yaradildi-foto","status":"publish","type":"post","link":"https:\/\/arantv.az\/?p=648392","title":{"rendered":"Xank\u0259ndi \u015e\u0259h\u0259r Polis \u015e\u00f6b\u0259si yarad\u0131ld\u0131 &#8211; FOTO"},"content":{"rendered":"<p>Az\u0259rbaycan Daxili \u0130\u015fl\u0259r Nazirliyinin (D\u0130N) Xank\u0259ndi \u015f\u0259h\u0259rind\u0259 polis \u015f\u00f6b\u0259si yarad\u0131l\u0131b.<\/p>\n<p>Sosial \u015f\u0259b\u0259k\u0259l\u0259rd\u0259 payla\u015f\u0131lan foto buna d\u0259lal\u0259t edir.<\/p>\n<p>Bel\u0259 ki, fotoda s\u00f6z\u00fcged\u0259n \u015f\u00f6b\u0259nin l\u00f6vh\u0259si \u0259ks olunub.<\/p>\n<p>L\u00f6vh\u0259d\u0259 yaz\u0131l\u0131b: \u201cAz\u0259rbaycan Respublikas\u0131 Daxili \u0130\u015fl\u0259r Nazirliyi Xank\u0259ndi \u015e\u0259h\u0259r Polis \u015e\u00f6b\u0259si\u201d.<\/p>\n<p>&nbsp;<\/p>\n<div class=\"gallery\">\n<div class=\"gallery-i\"><img src=\"https:\/\/cdn.oxu.az\/uploads\/W1siZiIsIjIwMjMvMTAvMjEvMjAvMjkvMTgvNTMxZDhiMGEtOTVhZS00ZGU5LTkyMWItYTE2ZjI3N2RhZjljLzM5NDY1MTA1N18xNDk3MTEwOTM0Mzg4MDc5XzQ5NzA5OTgyNzgxMTEyNzM2MDFfbi5qcGciXSxbInAiLCJlbmNvZGUiLCJqcGciLCItcXVhbGl0eSA4MCJdLFsicCIsInRodW1iIiwiNTkweDU5MFx1MDAzZSJdXQ?sha=d7f7650dd7b95696\" alt=\"\" \/><\/div>\n<\/div>\n","protected":false},"excerpt":{"rendered":"<p>Az\u0259rbaycan Daxili \u0130\u015fl\u0259r Nazirliyinin (D\u0130N) Xank\u0259ndi \u015f\u0259h\u0259rind\u0259 polis \u015f\u00f6b\u0259si yarad\u0131l\u0131b. Sosial \u015f\u0259b\u0259k\u0259l\u0259rd\u0259 payla\u015f\u0131lan foto buna d\u0259lal\u0259t edir. Bel\u0259 ki, fotoda s\u00f6z\u00fcged\u0259n \u015f\u00f6b\u0259nin l\u00f6vh\u0259si \u0259ks olunub. L\u00f6vh\u0259d\u0259 yaz\u0131l\u0131b: \u201cAz\u0259rbaycan Respublikas\u0131 Daxili \u0130\u015fl\u0259r Nazirliyi Xank\u0259ndi \u015e\u0259h\u0259r Polis \u015e\u00f6b\u0259si\u201d. &nbsp;<\/p>\n","protected":false},"author":2,"featured_media":648393,"comment_status":"closed","ping_status":"closed","sticky":false,"template":"","format":"standard","meta":{"om_disable_all_campaigns":false,"_monsterinsights_skip_tracking":false,"_monsterinsights_sitenote_active":false,"_monsterinsights_sitenote_note":"","_monsterinsights_sitenote_category":0},"categories":[19],"tags":[],"aioseo_notices":[],"gutentor_comment":0,"rttpg_featured_image_url":{"full":["https:\/\/arantv.az\/wp-content\/uploads\/2023\/10\/hagasddfffg-1.jpg",620,413,false],"landscape":["https:\/\/arantv.az\/wp-content\/uploads\/2023\/10\/hagasddfffg-1.jpg",620,413,false],"portraits":["https:\/\/arantv.az\/wp-content\/uploads\/2023\/10\/hagasddfffg-1.jpg",620,413,false],"thumbnail":["https:\/\/arantv.az\/wp-content\/uploads\/2023\/10\/hagasddfffg-1-500x280.jpg",500,280,true],"medium":["https:\/\/arantv.az\/wp-content\/uploads\/2023\/10\/hagasddfffg-1-548x365.jpg",548,365,true],"large":["https:\/\/arantv.az\/wp-content\/uploads\/2023\/10\/hagasddfffg-1.jpg",620,413,false],"1536x1536":["https:\/\/arantv.az\/wp-content\/uploads\/2023\/10\/hagasddfffg-1.jpg",620,413,false],"2048x2048":["https:\/\/arantv.az\/wp-content\/uploads\/2023\/10\/hagasddfffg-1.jpg",620,413,false],"post-thumbnail":["https:\/\/arantv.az\/wp-content\/uploads\/2023\/10\/hagasddfffg-1-240x172.jpg",240,172,true],"advps-thumb-one":["https:\/\/arantv.az\/wp-content\/uploads\/2023\/10\/hagasddfffg-1.jpg",620,413,false]},"rttpg_author":{"display_name":"V\u00fcsal Rafiqo\u011flu","author_link":"https:\/\/arantv.az\/?author=2"},"rttpg_comment":0,"rttpg_category":"<a href=\"https:\/\/arantv.az\/?cat=19\" rel=\"category\">G\u00fcnd\u0259m<\/a>","rttpg_excerpt":"Az\u0259rbaycan Daxili \u0130\u015fl\u0259r Nazirliyinin (D\u0130N) Xank\u0259ndi \u015f\u0259h\u0259rind\u0259 polis \u015f\u00f6b\u0259si yarad\u0131l\u0131b. Sosial \u015f\u0259b\u0259k\u0259l\u0259rd\u0259 payla\u015f\u0131lan foto buna d\u0259lal\u0259t edir. Bel\u0259 ki, fotoda s\u00f6z\u00fcged\u0259n \u015f\u00f6b\u0259nin l\u00f6vh\u0259si \u0259ks olunub. L\u00f6vh\u0259d\u0259 yaz\u0131l\u0131b: \u201cAz\u0259rbaycan Respublikas\u0131 Daxili \u0130\u015fl\u0259r Nazirliyi Xank\u0259ndi \u015e\u0259h\u0259r Polis \u015e\u00f6b\u0259si\u201d. &nbsp;","_links":{"self":[{"href":"https:\/\/arantv.az\/index.php?rest_route=\/wp\/v2\/posts\/648392"}],"collection":[{"href":"https:\/\/arantv.az\/index.php?rest_route=\/wp\/v2\/posts"}],"about":[{"href":"https:\/\/arantv.az\/index.php?rest_route=\/wp\/v2\/types\/post"}],"author":[{"embeddable":true,"href":"https:\/\/arantv.az\/index.php?rest_route=\/wp\/v2\/users\/2"}],"replies":[{"embeddable":true,"href":"https:\/\/arantv.az\/index.php?rest_route=%2Fwp%2Fv2%2Fcomments&post=648392"}],"version-history":[{"count":0,"href":"https:\/\/arantv.az\/index.php?rest_route=\/wp\/v2\/posts\/648392\/revisions"}],"wp:featuredmedia":[{"embeddable":true,"href":"https:\/\/arantv.az\/index.php?rest_route=\/wp\/v2\/media\/648393"}],"wp:attachment":[{"href":"https:\/\/arantv.az\/index.php?rest_route=%2Fwp%2Fv2%2Fmedia&parent=648392"}],"wp:term":[{"taxonomy":"category","embeddable":true,"href":"https:\/\/arantv.az\/index.php?rest_route=%2Fwp%2Fv2%2Fcategories&post=648392"},{"taxonomy":"post_tag","embeddable":true,"href":"https:\/\/arantv.az\/index.php?rest_route=%2Fwp%2Fv2%2Ftags&post=648392"}],"curies":[{"name":"wp","href":"https:\/\/api.w.org\/{rel}","templated":true}]}}